{"id":96,"date":"2017-02-27T15:28:27","date_gmt":"2017-02-27T14:28:27","guid":{"rendered":"https:\/\/www.reduca.cz\/wp-blog\/?p=96"},"modified":"2018-10-10T15:48:19","modified_gmt":"2018-10-10T13:48:19","slug":"dite-bez-odpadu","status":"publish","type":"post","link":"https:\/\/www.reduca.cz\/blog\/dite-bez-odpadu\/","title":{"rendered":"D\u00edt\u011b bez odpadu"},"content":{"rendered":"<p>Kdy\u017e jsem byla t\u011bhotn\u00e1, v\u011bd\u011bla jsem, \u017ee n\u011bkter\u00e9 v\u011bci budou samoz\u0159ejmost\u00ed, tak\u017ee l\u00e1tkov\u00e9 pl\u00ednky byly jednou z&nbsp;prvn\u00edch po\u0159\u00edzen\u00fdch v\u011bc\u00ed o&nbsp;v\u00fdbavi\u010dky. O&nbsp;spoust\u011b v\u011bc\u00ed jsem ale nem\u011bla nejmen\u0161\u00ed tu\u0161en\u00ed anebo jsem vychyt\u00e1vky zjistila a\u017e \u010dasem. A&nbsp;jeliko\u017e v\u011b\u0159\u00edm, \u017ee jedna \u0161patn\u00e1 zku\u0161enost je v\u00edc ne\u017e dost, r\u00e1da bych v\u00e1m uk\u00e1zala, jak se d\u00e1 redukovat odpad i&nbsp;u&nbsp;toho nejmen\u0161\u00edho d\u00edt\u011bte.<\/p>\n<h3>Potrava<\/h3>\n<p>Kojte, pokud m\u016f\u017eete, dokud m\u016f\u017eete. M\u016f\u017ee se to zd\u00e1t jako kli\u0161\u00e9, ale bohu\u017eel jsem se setkala s\u00a0mnoho situacemi, kdy \u017eeny p\u0159estaly kojit, ani\u017e by musely (a&nbsp;ani o&nbsp;tom nev\u011bd\u011bly). Samoz\u0159ejm\u011b jsou p\u0159\u00edpady, kdy to nejde, ale ne\u017e vzd\u00e1te posledn\u00ed pokus, zkuste kontaktovat n\u011bjakou lakta\u010dn\u00ed poradkyni a&nbsp;ov\u011b\u0159te si, \u017ee nejste ob\u011bt\u00ed <a href=\"http:\/\/www.kojeni.net\/pruvodce-kojici-zeny\/17-Myty_pri_kojeni.html\" target=\"_blank\" rel=\"noopener\">m\u00fdt\u016f o&nbsp;kojen\u00ed<\/a>, jako jsou t\u0159eba:<\/p>\n<ul>\n<li>Hladov\u00e9 ml\u00e9ko (koj\u00ed\u0161 moc \u010dasto, nesta\u010d\u00ed mu to)<\/li>\n<li>M\u00e1lo ml\u00e9ka (v\u017edy\u0165 ti po\u0159\u00e1d \u0159ve, ur\u010dit\u011b m\u00e1 hlad)<\/li>\n<li>Odst\u0159\u00edk\u00e1m jen trochu ml\u00e9ka (inu, nen\u00ed s\u00e1n\u00ed jako s\u00e1n\u00ed)<\/li>\n<li>\u0160patn\u00e1 prsa (moc velk\u00e1, moc mal\u00e1)<\/li>\n<li>\u0160patn\u00e9 bradavky (bez klobou\u010dk\u016f to ned\u00e1\u0161)<\/li>\n<li>Nem\u016f\u017eu kojit \u010dast\u011bji ne\u017e jednou za 3 hodiny<\/li>\n<li>Pokud budu kojit d\u00e9le ne\u017e p\u016fl roku (rok, dva), d\u00edt\u011b si na to zvykne a&nbsp;u\u017e nep\u0159estane<\/li>\n<li>Dudl\u00edk ni\u010demu nevad\u00ed (v\u017edy\u0165 nem\u016f\u017ee dudlat jen prso)<\/li>\n<li>Lahvi\u010dka ni\u010demu neu\u0161kod\u00ed (v\u017edy\u0165 chci chodit mezi lidi)<\/li>\n<\/ul>\n<p>Spoust\u011b \u017een p\u0159i&nbsp;kojen\u00ed te\u010de ml\u00e9ko. Ne\u017e pou\u017e\u00edvat jednor\u00e1zov\u00e9 <strong>vlo\u017eky do podprsenky<\/strong>, po\u0159i\u010fte (anebo u\u0161ijte) si rad\u011bji ty <a href=\"http:\/\/www.anavy.cz\/vlozky-do-podprsenky\/vlozky-do-podprsenky-bambus\/\" target=\"_blank\" rel=\"noopener\">l\u00e1tkov\u00e9<\/a>. J\u00e1 je prala spole\u010dn\u011b s\u00a0plenkami na 60, tak\u017ee jich nebylo t\u0159eba mnoho.<\/p>\n<p>Za m\u011b byl zbyte\u010dn\u00fd i&nbsp;<strong>koj\u00edc\u00ed pol\u0161t\u00e1\u0159<\/strong>, kter\u00fd jsem vyu\u017e\u00edvala sp\u00ed\u0161 jako z\u00e1branu, aby mi d\u00edt\u011b nespadlo z&nbsp;postele, anebo jako podp\u011brku p\u0159i&nbsp;sezen\u00ed. Zn\u00e1m ale \u017eeny, kter\u00e9 kojily dlouhodob\u011b pouze s&nbsp;koj\u00edc\u00edm pol\u0161t\u00e1\u0159em, tak\u017ee je na zv\u00e1\u017een\u00ed, co bude vyhovovat v\u00e1m. Osobn\u011b bych si jej p\u0159\u00edpadn\u011b zkusila p\u016fj\u010dit od n\u011bjak\u00e9 kamar\u00e1dky \u010di&nbsp;mate\u0159sk\u00e9ho centra na prvn\u00ed t\u00fddny k&nbsp;ozkou\u0161en\u00ed. Na noc jsem nepou\u017e\u00edvala \u017e\u00e1dnou speci\u00e1ln\u00ed koj\u00edc\u00ed ko\u0161ilku, ale oby\u010dejnou no\u010dn\u00ed ko\u0161ili, kter\u00e1 se dala rozepnout, nebo tri\u010dkov\u00fd vr\u0161ek od py\u017eama, kter\u00fd jsem si jednodu\u0161\u0161e vyhrnula.<\/p>\n<p>Nekupujte dop\u0159edu (a&nbsp;\u010dasto zbyte\u010dn\u011b) ods\u00e1va\u010dku na ml\u00e9ko, lahvi\u010dky, steriliz\u00e1tory. Pokud je skute\u010dn\u011b budete pot\u0159ebovat, m\u016f\u017eete si je p\u016fj\u010dit v\u00a0n\u011bkter\u00e9m z&nbsp;mate\u0159sk\u00fdch center, anebo je pak rovnou zakoupit. Je dobr\u00e9 se ale pod\u00edvat, \u017ee existuj\u00ed i&nbsp;<a href=\"http:\/\/www.mamaaja.cz\/ActiveWeb\/Article\/2795\/alternativni_zpusoby_krmeni_materskym_mlekem.html\" target=\"_blank\" rel=\"noopener\">alternativn\u00ed zp\u016fsoby krmen\u00ed mate\u0159sk\u00fdm ml\u00e9kem<\/a>.<\/p>\n<p>P\u0159\u00edkrmy \u0159e\u0161te, a\u017e m\u00e1 d\u00edt\u011b samo z\u00e1jem o&nbsp;j\u00eddlo. Ne\u017e kupovat milion lahvi\u010dek, d\u011blejte rad\u011bji dom\u00e1c\u00ed stravu z&nbsp;kvalitn\u00edho ovoce a&nbsp;zeleniny. Pokud se v\u00e1m nechce mixovat (a) nebo chcete d\u00edt\u011b s\u00a0j\u00eddlem seznamovat nen\u00e1siln\u011b, postupn\u011b, dle jeho vlastn\u00edho tempa, koukn\u011bte se na <strong><a href=\"http:\/\/www.jidlodotlapky.cz\/jak-zacit-s-jidlem-do-tlapky\/\" target=\"_blank\" rel=\"noopener\">metodu BLW<\/a> (Baby Led Weaning)<\/strong>. Ovoce a&nbsp;zeleninu m\u016f\u017eete nakupovat v\u00a0bed\u00fdnk\u00e1ch anebo kupujte kvalitn\u00ed ovoce a&nbsp;zeleninu kdekoli do <a href=\"https:\/\/www.reduca.cz\/blog\/pojdme-to-spolu-zpytlikovat\">vlastn\u00edch pytl\u00ed\u010dk\u016f<\/a>.<\/p>\n<h3>Vylu\u010dov\u00e1n\u00ed<\/h3>\n<p>O ekologi\u010dnosti jednor\u00e1zov\u00fdch plenek mysl\u00edm nen\u00ed t\u0159eba ani ps\u00e1t, je ka\u017ed\u00e9mu jasn\u00e9, \u017ee spot\u0159eba plenek za \u017eivot d\u00edt\u011bte je obrovsk\u00e1, jak jsem ostatn\u011b u\u017e <a href=\"https:\/\/www.facebook.com\/redukujemeodpad\/photos\/a.639284676278193.1073741828.639281652945162\/656411911232136\/\" target=\"_blank\" rel=\"noopener\">psala<\/a>. Pokud chcete \u017eivotn\u00edmu prost\u0159ed\u00ed odleh\u010dit, zvolte <strong>plenky l\u00e1tkov\u00e9<\/strong>. Dnes je na trhu cel\u00e1 \u0159ada mo\u017enost\u00ed, z&nbsp;\u010deho vyb\u00edrat. Nejen, \u017ee je t\u0159eba vybrat, do \u010deho bude d\u00edt\u011b vylu\u010dovat (\u010dtvercov\u00e9 plenky, kalhotov\u00e9 plenky), ale tak\u00e9 je t\u0159eba vybrat vhodn\u00e9 separa\u010dn\u00ed vlo\u017eky a&nbsp;svrchn\u00ed kalhotky.<\/p>\n<p>Jak vybrat vhodn\u00e9 l\u00e1tkov\u00e9 pleny se m\u016f\u017eete pod\u00edvat t\u0159eba <a href=\"http:\/\/www.latkovepliny.estranky.cz\/clanky\/a-jak-tedy-s-latkovanim-zacit-___.html\" target=\"_blank\" rel=\"noopener\">zde<\/a>. Co se t\u00fd\u010de svrchn\u00edch kalhotek, \u010dasto se pou\u017e\u00edvaj\u00ed fleecov\u00e9 nebo PUL kalhotky s\u00a0fleecem na okraji. Byla jsem p\u0159ekvapen\u00e1, <a href=\"https:\/\/www.theguardian.com\/environment\/2016\/jun\/20\/microfibers-plastic-pollution-oceans-patagonia-synthetic-clothes-microbeads\" target=\"_blank\" rel=\"noopener\">kolik odpadu fleece vytv\u00e1\u0159\u00ed<\/a> p\u0159i&nbsp;ka\u017ed\u00e9m pran\u00ed. U&nbsp;dal\u0161\u00edho d\u00edt\u011bte bych se rad\u011bji poohl\u00e9dla po&nbsp;vln\u011bn\u00fdch svrchn\u00edch kalhotk\u00e1ch, kter\u00e9 se mi se synem v\u00fdborn\u011b osv\u011bd\u010dily na no\u010dn\u00ed span\u00ed. V\u00a0PUL kalhotk\u00e1ch m\u011bl za noc zapa\u0159en\u00fd zade\u010dek, ve&nbsp;vl\u0148\u00e1c\u00edch v\u0161e kr\u00e1sn\u011b d\u00fdchalo. Bohu\u017eel jsem se jich (zcela zbyte\u010dn\u011b) dost b\u00e1la kv\u016fli nutn\u00e9mu \u0161etrn\u00e9mu pran\u00ed a&nbsp;pot\u0159eb\u011b pou\u017e\u00edvat lanolin (\u010dasto mi u&nbsp;syna prot\u00e9kalo kak\u00e1n\u00ed a\u017e na svrch\u0148\u00e1ky).<\/p>\n<div class=\"row\">\n<div class=\"col-lg-12\"><a href=\"\/img\/blog\/plinka.jpg\"><br \/>\n<img decoding=\"async\" class=\"img-responsive\" src=\"\/img\/blog\/plinka.jpg\" alt=\"\" \/><br \/>\n<\/a><\/div>\n<\/div>\n<p><span class=\"caption text-muted\">Na\u0161e prvn\u00ed pou\u017eit\u00ed l\u00e1tkov\u00e9 plenky ve&nbsp;t\u0159ech t\u00fddnech<\/span><\/p>\n<p>Pro m\u011b nezbytnou sou\u010d\u00e1st\u00ed vylu\u010dov\u00e1n\u00ed mal\u00e9ho d\u00edt\u011bte je i&nbsp;<a href=\"https:\/\/www.branakdetem.cz\/clanek\/bezplenkova-komunikacni-metoda-31\" target=\"_blank\" rel=\"noopener\">bezplenkov\u00e1 komunika\u010dn\u00ed metoda<\/a>. Tato metoda mo\u017en\u00e1 p\u0159ekvapiv\u011b \u010dasto ne\u0161et\u0159\u00ed plenky, proto\u017ee rodi\u010de naopak vn\u00edmaj\u00ed i&nbsp;ka\u017ed\u00e9 ucvrknut\u00ed na l\u00e1tkov\u00e9 plen\u011b a&nbsp;okam\u017eit\u011b d\u00edt\u011b p\u0159ebaluj\u00ed do sucha, kdy\u017e jim ale sign\u00e1ly (\u010di&nbsp;\u010dasov\u00e1n\u00ed) vych\u00e1z\u00ed, je spot\u0159eba plen o&nbsp;dost ni\u017e\u0161\u00ed a&nbsp;m\u016f\u017ee v\u00e9st i&nbsp;k&nbsp;relativn\u011b brzk\u00e9mu \u00fapln\u00e9mu odlo\u017een\u00ed plen (v\u00a0z\u00e1vislosti na povaze d\u00edt\u011bte). Jako nejv\u011bt\u0161\u00ed v\u00fdhodu bezplenkov\u00e1n\u00ed pova\u017euji krom\u011b p\u0159irozen\u00e9 hygieny d\u00edt\u011bte i&nbsp;odpadnut\u00ed povinnosti \u0159e\u0161it pokakanou plenku (v\u00a0p\u0159\u00edpad\u011b l\u00e1tek tedy otravn\u00e9 p\u0159edep\u00edr\u00e1n\u00ed plenky) a&nbsp;\u010di\u0161t\u011bn\u00ed zade\u010dku \u0161pinav\u00e9ho a\u017e na p\u016fdu. K\u00a0bezplenkov\u00e1n\u00ed sta\u010d\u00ed jak\u00e1koliv\u00a0dostate\u010dn\u011b velk\u00e1 <strong>miska<\/strong>, praktick\u00e9 na cesty jsou ty s\u00a0uz\u00e1v\u011brem.<\/p>\n<p>Nam\u00edsto <strong>p\u0159ebalovac\u00edho pultu<\/strong> jsme si vysta\u010dili jen s&nbsp;p\u0159ebalovac\u00ed podlo\u017ekou na desce ze&nbsp;star\u00e9ho stolu, jakmile se mi ale syn za\u010dal p\u0159et\u00e1\u010det, p\u0159ebalovala jsem v\u011bt\u0161inou na zemi. Na\u00a0p\u0159ebalov\u00e1n\u00ed mimo domov se hod\u00ed cestovn\u00ed <strong>p\u0159ebalovac\u00ed podlo\u017eka<\/strong>, za m\u011b ide\u00e1ln\u00ed s\u00a0jednou stranou z&nbsp;PUL z\u00e1t\u011bru, a&nbsp;<strong>pytl\u00edk na pleny<\/strong>, tak\u00e9 z&nbsp;nepromokav\u00e9ho PUL &#8211; j\u00e1 ocenila <a href=\"https:\/\/www.mall.cz\/plenkove-kalhotky\/t-tomi-nepromokavy-pytlik-modra-sova\" target=\"_blank\" rel=\"noopener\">dvoukapsov\u00fd pytl\u00edk<\/a>, kde jsem do p\u0159edn\u00ed kapsy d\u00e1vala v\u017edy such\u00e9 pleny a&nbsp;star\u00e9 separa\u010dn\u00ed vlo\u017eky na zade\u010dek a&nbsp;do zadn\u00ed, v\u011bt\u0161\u00ed, kapsy pak plenky mokr\u00e9.<\/p>\n<h3>Sp\u00e1nek<\/h3>\n<p>Tady m\u011b n\u011bkte\u0159\u00ed mo\u017en\u00e1 se\u017eerou, ale nen\u00ed nutn\u00e9 hned kupovat <strong>post\u00fdlku<\/strong>. Spole\u010dn\u00fd sp\u00e1nek v\u00a0jedn\u00e9 posteli s\u00a0rodi\u010di p\u0159in\u00e1\u0161\u00ed <a href=\"http:\/\/www.prosimspinkej.cz\/vyhody-spolecneho-spanku\/\" target=\"_blank\" rel=\"noopener\">mnoho v\u00fdhod<\/a>. Jednou z&nbsp;nich je i&nbsp;odpadaj\u00edc\u00ed nutnost po\u0159izovat monitor dechu. Pokud ale c\u00edt\u00edte, \u017ee byste ve&nbsp;sv\u00e9 posteli m\u011bli pro t\u0159i lidi (a&nbsp;v\u00edce) m\u00e1lo m\u00edsta, je mo\u017en\u00e9 p\u0159isunout k&nbsp;man\u017eelsk\u00e9 posteli bu\u010f dal\u0161\u00ed postel anebo pr\u00e1v\u011b d\u011btskou post\u00fdlku bez bo\u010dnice.<\/p>\n<p>s\u00a0post\u00fdlkou se toti\u017e v\u00e1\u017ee dal\u0161\u00ed \u0159ada zbyte\u010dnost\u00ed, kter\u00e9 jsou dle v\u0161ech mo\u017en\u00fdch <a href=\"https:\/\/www.modrykonik.cz\/vybavicka-pro-miminko\/\" target=\"_blank\" rel=\"noopener\">v\u00fdbavi\u010dek<\/a> pot\u0159eba. P\u0159i&nbsp;span\u00ed ve&nbsp;spole\u010dn\u00e9 posteli nemus\u00edte kupovat speci\u00e1ln\u00ed matraci, bo\u010dnice do post\u00fdlky, povle\u010den\u00ed, prost\u011bradla, spac\u00ed pytle, zavinova\u010dky, monitor dechu \u010di&nbsp;dudl\u00edk. Ve\u0161ker\u00e9 teplo obstar\u00e1 m\u00e1ma, monitor dechu je nejlep\u0161\u00ed pr\u00e1v\u011b ten mate\u0159sk\u00fd a&nbsp;dudl\u00edk, to b\u00fdv\u00e1 kapitola sama o&nbsp;sob\u011b, v\u00a0noci je pro d\u00edt\u011b nejp\u0159irozen\u011bj\u0161\u00ed pot\u0159ebou s\u00e1t mat\u010dino prso.<\/p>\n<p>Co jsem naopak z&nbsp;modern\u00edch technologi\u00ed ocenila, byla <strong>d\u011btsk\u00e1 ch\u016fvi\u010dka<\/strong>. Nekupovali jsme \u017e\u00e1dn\u00e9 dal\u0161\u00ed p\u0159\u00edstroje, ale zaplatili jsme si aplikaci na na\u0161e iPhony a&nbsp;iPad, a&nbsp;s\u00a0velkou m\u00edrou j\u00ed vyu\u017e\u00edv\u00e1me na cest\u00e1ch, kdy\u017e se ve\u010der jdeme bavit s\u00a0p\u0159\u00e1teli. Jedin\u00e1 nev\u00fdhoda tohoto jinak praktick\u00e9ho \u0159e\u0161en\u00ed jsou m\u00edsta s&nbsp;n\u00edzk\u00fdm sign\u00e1lem a&nbsp;bez p\u0159ipojen\u00ed k&nbsp;internetu.<\/p>\n<h3>O\u0161acen\u00ed<\/h3>\n<p>Nem\u00e9n\u011b podstatnou z\u00e1le\u017eitost\u00ed u&nbsp;mal\u00e9ho d\u00edt\u011bte je samoz\u0159ejm\u011b \u0161atn\u00edk. M\u011bla jsem ohromn\u00e9 \u0161t\u011bst\u00ed, \u017ee m\u00e1m skv\u011blou kamar\u00e1dku s\u00a0ne o&nbsp;moc star\u0161\u00edm synem, kter\u00e1 se pod\u011blila o&nbsp;ve\u0161ker\u00e9 synovo oble\u010den\u00ed, nemusela jsem tedy dokupovat tak\u0159ka nic. Pokud m\u00e1te v\u00a0okol\u00ed n\u011bkoho, kdo m\u00e1 o&nbsp;p\u00e1r let star\u0161\u00ed d\u011bti, zeptejte se, jestli mu nezbyly n\u011bjak\u00e9 kousky, kter\u00e9 by v\u00e1m mohl darovat anebo se domluvte na vz\u00e1jemn\u00e9 p\u016fj\u010dce s\u00a0kamar\u00e1dkami, kter\u00e9 je\u0161t\u011b d\u011bti pl\u00e1nuj\u00ed &#8211; a\u017e budou m\u00edt kamar\u00e1dky dal\u0161\u00ed d\u00edt\u011b, p\u0159ihod\u00edte k&nbsp;jej\u00edm v\u011bcem oble\u010den\u00ed, kter\u00e9 se objevilo u\u00a0v\u00e1s.<\/p>\n<p>Pokud v\u00a0okol\u00ed nikoho s\u00a0oble\u010den\u00edm po&nbsp;d\u011btech nem\u00e1te, nezb\u00fdv\u00e1 ne\u017e n\u011bjak\u00e9 po\u0159\u00eddit. P\u0159\u00edbuzenstvo i&nbsp;kamar\u00e1di jsou \u010dasto nekone\u010dn\u00fdm z\u00e1sobn\u00edkem kupovan\u00e9ho nov\u00e9ho oble\u010den\u00ed, kter\u00e9 m\u016f\u017eete vyu\u017e\u00edt na form\u00e1ln\u011bj\u0161\u00ed ud\u00e1losti. Oble\u010den\u00ed b\u011b\u017en\u00e9 denn\u00ed spot\u0159eby se vyplat\u00ed kupovat v\u00a0d\u011btsk\u00fdch bazarech. V\u011bci po&nbsp;mimink\u00e1ch v\u011bt\u0161inou neb\u00fdvaj\u00ed obno\u0161en\u00e9 (miminka je nos\u00ed sotva p\u00e1r t\u00fddn\u016f), tak\u017ee vypadaj\u00ed st\u00e1le p\u011bkn\u011b, a&nbsp;nemus\u00ed v\u00e1s tolik mrzet, kdy\u017e na nich skon\u010d\u00ed kousek milovan\u00e9 d\u00fdn\u011b (\u010di&nbsp;jin\u00e9 barevn\u00e9 zeleniny, kter\u00e1 ob\u010das fakt vyprat nejde). J\u00e1 osobn\u011b vyu\u017e\u00edvala co nejv\u00edc brynd\u00e1ky, abychom v\u0161e poni\u010dili co nejm\u00e9n\u011b.<\/p>\n<p>Nov\u00e9 (nap\u0159.&nbsp;funk\u010dn\u00ed) v\u011bci je vhodn\u00e9 kupovat o&nbsp;p\u00e1r \u010d\u00edsel v\u011bt\u0161\u00ed, a\u0165 mr\u0148ousovi n\u011bjak\u00fd \u010das vydr\u017e\u00ed a&nbsp;nen\u00ed to jen investice na p\u00e1r t\u00fddn\u016f.<\/p>\n<h3>Pran\u00ed<\/h3>\n<p>Plenky i&nbsp;oble\u010den\u00ed je nejjednodu\u0161\u0161\u00ed a&nbsp;nejvhodn\u011bj\u0161\u00ed pr\u00e1t v\u00a0<strong>dom\u00e1c\u00edm pr\u00e1\u0161ku<\/strong> z&nbsp;kokosov\u00e9ho m\u00fddla a&nbsp;sody na pran\u00ed (p\u0159\u00edpadn\u011b perkarbon\u00e1tu sodn\u00e9ho a&nbsp;TAED pro vyb\u011blen\u00ed pr\u00e1dla). Na\u00a0plenky jsem si vyr\u00e1b\u011bla <a href=\"http:\/\/www.ekozivot.cz\/ekodomacnost\/navod-na-vyrobu-mydloveho-slizu\/\" target=\"_blank\" rel=\"noopener\">m\u00fddlov\u00fd sliz<\/a>, kter\u00fd krom\u011b \u017eivotn\u00edho prost\u0159ed\u00ed \u0161et\u0159il i&nbsp;n\u00e1klady na \u010dast\u00e9 pran\u00ed. V\u017edy d\u011bl\u00e1m pouze malou v\u00e1rku &#8211; 35&nbsp;g m\u00fddla, 35&nbsp;g sody a&nbsp;2&nbsp;l vody, kter\u00e9 si naliju do l\u00e1hve od star\u00e9 aviv\u00e1\u017ee. Pro na\u0161e pran\u00ed chci vyzkou\u0161et i&nbsp;<a href=\"https:\/\/delamesitosami.cz\/2013\/02\/20\/domaci-prasek-na-prani\/\" target=\"_blank\" rel=\"noopener\">pr\u00e1\u0161kovou verzi<\/a>. Nam\u00edsto aviv\u00e1\u017ee pou\u017e\u00edv\u00e1m octov\u00fd roztok &#8211; 1:1 d\u00e1vkov\u00e1n\u00ed ocet a&nbsp;voda a&nbsp;k&nbsp;tomu p\u00e1r kapek \u00e9terick\u00e9ho oleje dle vlastn\u00edho v\u00fdb\u011bru (j\u00e1 se zhl\u00e9dla v\u00a0citr\u00f3nu).<\/p>\n<div class=\"row\">\n<div class=\"col-lg-12\"><a href=\"\/img\/blog\/sliz.jpg\"><br \/>\n<img decoding=\"async\" class=\"img-responsive\" src=\"\/img\/blog\/sliz.jpg\" alt=\"\" \/><br \/>\n<\/a><\/div>\n<\/div>\n<p><span class=\"caption text-muted\">P\u0159\u00edprava prac\u00edho slizu<\/span><\/p>\n<h3>Hygiena<\/h3>\n<p>M\u00e1m pocit, \u017ee s\u00a0kosmetikou pro d\u011bti jako by se roztrhl pytel. D\u00edt\u011b je\u0161t\u011b nevylezlo na sv\u011bt a&nbsp;vy u\u017e dost\u00e1v\u00e1te kosmetick\u00e9 bal\u00ed\u010dky se vzore\u010dky, na p\u0159edporodn\u00edm kurzu sl\u00fdch\u00e1te rady a&nbsp;tipy, v\u00a0\u010dem miminko koupat, \u010d\u00edm mu pot\u0159\u00edt zade\u010dek&#8230;<\/p>\n<p>Bod \u010d.&nbsp;1 je odm\u00edtnout ve\u0161ker\u00e9 bal\u00ed\u010dky zdarma. Jsou v\u00a0nich nesmysln\u011b zbyte\u010dn\u011b balen\u00e1 mal\u00e1 balen\u00ed v\u011bt\u0161inou ne p\u0159\u00edli\u0161 p\u0159\u00edrodn\u00edch produkt\u016f, kter\u00e9 pro va\u0161e d\u00edt\u011b stejn\u011b nejsou vhodn\u00e9.<\/p>\n<div class=\"row\">\n<div class=\"col-lg-offset-2\"><iframe loading=\"lazy\" style=\"border: none; overflow: hidden;\" src=\"https:\/\/www.facebook.com\/plugins\/post.php?href=https%3A%2F%2Fwww.facebook.com%2Fhajzlert%2Fposts%2F2056607321232416%3A0&amp;width=500\" width=\"500\" height=\"567\" frameborder=\"0\" scrolling=\"no\"><\/iframe><\/div>\n<\/div>\n<p>K o\u0161et\u0159en\u00ed pup\u00edku jsme zvolili levandulov\u00fd \u00e9terick\u00fd olej, kter\u00fd m\u00e1 mnoho\u010detn\u00e9 vyu\u017eit\u00ed d\u00e1le v&nbsp;kosmetice \u010di&nbsp;na provon\u011bn\u00ed pr\u00e1dla p\u0159i&nbsp;p\u0159id\u00e1n\u00ed do aviv\u00e1\u017ee.<\/p>\n<p>Ke koup\u00e1n\u00ed jsme pod\u011bdili <strong>koupac\u00ed kybl\u00edk<\/strong>, kter\u00fd je za m\u011b prakti\u010dt\u011bj\u0161\u00ed ne\u017e vani\u010dka nejen proto, \u017ee je v&nbsp;n\u011bm d\u00edt\u011b v&nbsp;p\u0159irozen\u00e9 poloze a&nbsp;cel\u00e9 pono\u0159en\u00e9 do vody, ale tak\u00e9 vodu oproti vani\u010dce (a&nbsp;pozd\u011bji napou\u0161t\u011bn\u00ed cel\u00e9 vany) \u0161et\u0159\u00ed. P\u0159i&nbsp;myt\u00ed jsem do vody kapala pouze p\u00e1r kapek mandlov\u00e9ho oleje. St\u00e1\u010den\u00fd ho asi nese\u017eenete, ale d\u00e1 se sehnat <a href=\"https:\/\/www.biooo.cz\/mandlovy_olej_nobilis_tilia-p-2347.html?\" target=\"_blank\" rel=\"noopener\">ve skle<\/a>. Na \u0161pinav\u00fd zade\u010dek je vhodn\u00e9 neparf\u00e9movan\u00e9 \u010dist\u00e9 <a href=\"https:\/\/www.biooo.cz\/mydlo_tuhe_olivove_olivove_listy_knossos-p-9218.html\" target=\"_blank\" rel=\"noopener\">olivov\u00e9 m\u00fddlo<\/a>. <strong>Teplom\u011br do vody<\/strong> bych u\u017e znova nepo\u0159izovala a&nbsp;vysta\u010dila bych si s&nbsp;loktem, ale u&nbsp;prvn\u00edho d\u00edt\u011bte jsem si cht\u011bla b\u00fdt jist\u00e1, \u017ee je voda fakt akor\u00e1t.<\/p>\n<p>O nutnosti pou\u017e\u00edv\u00e1n\u00ed <strong>vatov\u00fdch ty\u010dinek<\/strong> se vedou r\u016fzn\u00e9 diskuse. Pokud je r\u00e1di pou\u017e\u00edv\u00e1te a&nbsp;chcete je pou\u017e\u00edvat i&nbsp;u&nbsp;miminka, po\u0159i\u010fte alespo\u0148 <a href=\"http:\/\/www.econea.cz\/organyc-vatove-tycinky-do-usi-200-ks\/?a_box=y8jt56x7\" target=\"_blank\" rel=\"noopener\">kompostovatelnou verzi<\/a>.<\/p>\n<p>Pokud je d\u00edt\u011b opruzen\u00e9, je vhodn\u00e9 pou\u017e\u00edt zinkovou mast, nap\u0159.&nbsp;od <a href=\"http:\/\/www.weleda.cz\/pece-o-dite\/154-mesickovy-kojenecky-krem\" target=\"_blank\" rel=\"noopener\">Weledy<\/a>. Bezobalovou variantu si z\u0159ejm\u011b m\u016f\u017eete vyrobit jen sami:<\/p>\n<blockquote><p>Slo\u017een\u00ed:<br \/>\nzink oxid pr\u00e1\u0161ek \u010dist\u00fd (se\u017eenete v\u00a0l\u00e9k\u00e1rn\u011b, nechte si odv\u00e1\u017eit do kel\u00edmku cca 30 &#8211; 50 g, jde o&nbsp;desetikorunov\u00e9 polo\u017eky)<br \/>\nvhodn\u00fd olej (jojoba, mandlov\u00fd, meru\u0148kov\u00fd), kter\u00fd vyhovuje pleti miminka nebo va\u0161\u00ed (lze sm\u00edchat i&nbsp;s\u00a0bambuck\u00fdm m\u00e1slem, p\u0159\u00edpadn\u011b i&nbsp;Gh\u00ed m\u00e1slem, nebo vep\u0159ov\u00fdm s\u00e1dlem)<\/p>\n<p>Postup:<br \/>\nUd\u011blejte si nejprve zku\u0161ebn\u00ed v\u00e1rku do mal\u00e9ho kel\u00edmku nebo skleni\u010dky (l\u00e9k\u00e1rensk\u00e9 steriln\u00ed kel\u00edmky na masti v\u00e1m tak\u00e9 prodaj\u00ed v\u00a0ka\u017ed\u00e9 l\u00e9k\u00e1rn\u011b). Pou\u017eijte nap\u0159.&nbsp;\u010dajovou l\u017ei\u010dku zink oxid pr\u00e1\u0161ku a&nbsp;postupn\u011b do n\u00ed p\u0159im\u00edch\u00e1vejte olej nebo zm\u011bkl\u00e9 m\u00e1slo a\u017e do po\u017eadovan\u00e9 konzistence. Kdo chce m\u00edt mast v\u00edce tekutou, p\u0159id\u00e1 v\u00edce oleje. Tu\u017e\u0161\u00ed mazlav\u011bj\u0161\u00ed mast je l\u00e9pe d\u011blat z&nbsp;m\u00e1sel, nebo d\u00e1t v\u00edce pr\u00e1\u0161ku a&nbsp;m\u00e9n\u011b oleje. Pokud nesnesete mastn\u00fd z\u00e1klad, m\u016f\u017eete zinkov\u00fd pr\u00e1\u0161ek pou\u017e\u00edt tak, \u017ee na navl\u010denou poko\u017eku (lze pou\u017e\u00edt i&nbsp;hydrol\u00e1t, nebo pot\u0159\u00edt bylinkov\u00fdm odvarem) po\u0165upk\u00e1te samotn\u00fd pr\u00e1\u0161ek na posti\u017eenou oblast. Pokud sm\u00edch\u00e1te zinkovku p\u0159\u00edmo s\u00a0bylinkov\u00fdm odvarem \u010di&nbsp;destilkou, vznikne hodn\u011b vysu\u0161uj\u00edc\u00ed sm\u011bs, kterou je t\u0159eba m\u00edt v\u00a0lednici a&nbsp;spot\u0159ebovat v\u00a0\u0159\u00e1dech dn\u016f. s\u00a0oleji se mast kazit nebude, je bezvodn\u00e1, pokud je v\u00a0masti voda a&nbsp;je takto bez konzervantu, jej\u00ed trvanlivost je v\u017edy omezen\u00e1. v\u00a0zinkovce z&nbsp;l\u00e9k\u00e1rny jsou non nano \u010d\u00e1sti\u010de, co\u017e je u&nbsp;masti \u017e\u00e1douc\u00ed, zinek by se nem\u011bl pak v\u00fdrazn\u011b vst\u0159eb\u00e1vat k\u016f\u017e\u00ed. Pom\u011bry surovin se mohou m\u00edrn\u011b li\u0161it v\u00a0z\u00e1vislosti na po\u017eadovan\u00e9 konzistenci, vych\u00e1z\u00ed to zhruba 30g zinku na 70g m\u00e1sel a&nbsp;olej\u016f.<\/p><\/blockquote>\n<p>Vlh\u010den\u00e9 ubrousky nepou\u017e\u00edvejte, je to zbyte\u010dn\u00e1 chemie a&nbsp;zbyte\u010dn\u00fd odpad. Pokud m\u00e1 d\u00edt\u011b \u0161pinav\u00fd zade\u010dek, je nejlep\u0161\u00ed vz\u00edt ho pod vodu (p\u0159\u00edpadn\u011b s\u00a0m\u00fddlem). Pokud chcete m\u00edt jistotu na cest\u00e1ch, nejlep\u0161\u00ed variantou jsou ubrousky l\u00e1tkov\u00e9 (j\u00e1 jsem pou\u017e\u00edvala <a href=\"http:\/\/www.xkko.cz\/cz\/xkko-bamboo\/ubrousky-30x30\/natural.html\" target=\"_blank\" rel=\"noopener\">bambusov\u00e9 ubrousky<\/a>), ale v\u00a0nouzi se daj\u00ed pou\u017e\u00edt i&nbsp;bambusov\u00e9 nebo visk\u00f3zov\u00e9 jednor\u00e1zov\u00e9 ubrousky. J\u00e1 jsem recyklovala sepran\u00e9 a&nbsp;potrhan\u00e9 <a href=\"https:\/\/www.branakdetem.cz\/separacni-pleny-celulozove-popolini.htm\" target=\"_blank\" rel=\"noopener\">celul\u00f3zov\u00e9 separa\u010dn\u00ed vlo\u017eky<\/a> z&nbsp;pouze po\u010d\u016fran\u00fdch plen, ale \u010dasto sly\u0161\u00edm, \u017ee maminky kupuj\u00ed <a href=\"https:\/\/www.lekarna.cz\/perlan-50-0-50x0-40-200ks-pervin-45-rouska\/\" target=\"_blank\" rel=\"noopener\">Perlan<\/a>. K&nbsp;ubrousk\u016fm jsem pou\u017e\u00edvala <a href=\"http:\/\/eone.cz\/product_detail.php?product_id=19407\" target=\"_blank\" rel=\"noopener\">Medv\u00eddka<\/a>, ale olejovou sm\u011bs na ubrousky si m\u016f\u017eete tak\u00e9 vyrobit sami.<\/p>\n<h3>Doprava<\/h3>\n<p>Tuto sekci jsem nazvala dopravou, jeliko\u017e se p\u0159edem \u010dasto p\u0159edpokl\u00e1d\u00e1, \u017ee se d\u00edt\u011b bude pohybovat v\u00a0poj\u00edzdn\u00e9m vozidle. \ud83d\ude42 Nicm\u00e9n\u011b ko\u010d\u00e1rek nen\u00ed jedin\u00e1 mo\u017enost.<\/p>\n<p>Z bezodpadov\u00e9ho hlediska je z\u0159ejm\u00e9, \u017ee je lep\u0161\u00ed koupit ko\u010d\u00e1rek z&nbsp;druh\u00e9 ruky. Nov\u00fd ztr\u00e1c\u00ed hodnotu pom\u011brn\u011b rychle, podobn\u011b jako auto, a&nbsp;materi\u00e1lu na v\u00fdrobu nov\u00e9ho ko\u010d\u00e1rku nen\u00ed m\u00e1lo. Z&nbsp;ekologick\u00e9ho, antropologick\u00e9ho, ekonomick\u00e9ho a&nbsp;v\u016fbec v\u0161ech mo\u017en\u00fdch dal\u0161\u00edch hledisek se mi jev\u00ed \u0161\u00e1tek (nos\u00edtko), kter\u00fd na hodnot\u011b neztr\u00e1c\u00ed, naopak se zano\u0161en\u00edm hodnotu z\u00edsk\u00e1v\u00e1 a&nbsp;z&nbsp;druh\u00e9 ruky (a&nbsp;t\u0159et\u00ed, \u010dtvrt\u00e9) nen\u00ed k&nbsp;rozezn\u00e1n\u00ed od nov\u00e9ho. \u0160\u00e1tky a&nbsp;nos\u00edtka se rovn\u011b\u017e daj\u00ed \u010dasto p\u016fj\u010dovat v\u00a0mate\u0159sk\u00fdch a&nbsp;rodinn\u00fdch centrech. O&nbsp;dal\u0161\u00edch v\u00fdhod\u00e1ch no\u0161en\u00ed se rozepisovat nebudu, to u\u017e si <a href=\"https:\/\/www.modrykonik.cz\/noseni-deti\/\" target=\"_blank\" rel=\"noopener\">p\u0159e\u010dt\u011bte<\/a> nebo vyzkou\u0161ejte sami. \ud83d\ude42<\/p>\n<div class=\"row\">\n<div class=\"col-lg-12\"><a href=\"\/img\/blog\/satek.jpg\"><br \/>\n<img decoding=\"async\" class=\"img-responsive\" src=\"\/img\/blog\/satek.jpg\" alt=\"\" \/><br \/>\n<\/a><\/div>\n<\/div>\n<p><span class=\"caption text-muted\">\u0160\u00e1tek na no\u0161en\u00ed d\u011bt\u00ed<\/span><\/p>\n<p>Se \u0161\u00e1tkem ub\u00fdvaj\u00ed polo\u017eky jako je fusak, deka, dal\u0161\u00ed vrstvy zimn\u00edho oble\u010den\u00ed pro d\u00edt\u011b, ruk\u00e1vn\u00edky ke&nbsp;ko\u010d\u00e1rku, kabelky, a&nbsp;naopak p\u0159ib\u00fdv\u00e1 vsadka do bundy, nos\u00edc\u00ed kapsa \u010di&nbsp;cel\u00e1 nos\u00edc\u00ed bunda.<\/p>\n<p>Osobn\u011b jsem p\u0159i&nbsp;cestov\u00e1n\u00ed na del\u0161\u00ed vzd\u00e1lenost preferovala m\u011bstskou dopravu a&nbsp;vlak p\u0159ed autem u\u017e jen z&nbsp;toho prost\u00e9ho d\u016fvodu, \u017ee v\u00a0aut\u011b syn plakal. Ve&nbsp;vlaku \u010di&nbsp;MHD je v\u011bt\u0161\u00ed prostor k&nbsp;pohybu, d\u00edt\u011b je mo\u017en\u00e9 m\u00edt neust\u00e1le u&nbsp;sebe (v\u00a0\u0161\u00e1tku \u010di&nbsp;nos\u00edtku) a&nbsp;nemus\u00ed b\u00fdt samo na\u00a0dlouhou vzd\u00e1lenost v\u00a0autoseda\u010dce.<\/p>\n<h3>Hra\u010dky<\/h3>\n<p>Hra\u010dky pro nejmen\u0161\u00ed jsou v\u011bt\u0161inou stejn\u011b jako oble\u010den\u00ed vyu\u017e\u00edvan\u00e9 pom\u011brn\u011b kr\u00e1tkou dobu, tak\u017ee je lze pos\u00edlat mezi sebou s&nbsp;v\u00edce maminkami. U&nbsp;n\u00e1s ka\u017ed\u00e1 n\u00e1v\u0161t\u011bva v\u017edy p\u0159inesla n\u011bco nov\u00e9ho, tak\u017ee nebylo t\u0159eba kupovat v\u016fbec nic. Ostatn\u011b s&nbsp;postupem \u010dasu syna zaj\u00edmaly snad v\u0161echny v\u011bci krom\u011b hra\u010dek. \ud83d\ude42<\/p>\n<h3>Ostatn\u00ed pot\u0159eby<\/h3>\n<p>Pro m\u011b nep\u0159\u00edjemnou z\u00e1le\u017eitost\u00ed je <strong>ods\u00e1va\u010dka na hleny<\/strong>. Tu jsme tak\u00e9 pod\u011bdili, ale j\u00e1 j\u00ed prost\u011b nebyla schopn\u00e1 pou\u017e\u00edvat, tak\u017ee jsme r\u00fdmu \u0159e\u0161ili \u201esmrk\u00e1n\u00edm do vody\u201c (v&nbsp;podstat\u011b se smrk\u00e1 do namo\u010den\u00fdch rukou a&nbsp;ruce se hned smyj\u00ed). P\u0159i&nbsp;kontaktu s&nbsp;vodou v\u017edy nudle z&nbsp;nosu p\u011bkn\u011b povolily a&nbsp;ani p\u0159i&nbsp;v\u011bt\u0161\u00ed r\u00fdm\u011b ods\u00e1va\u010dka nebyla pot\u0159eba (ale pravdou je, \u017ee ji m\u011bl nejd\u0159\u00edve v&nbsp;p\u016fl roce). Tento zp\u016fsob pou\u017e\u00edv\u00e1me dodnes, pokud m\u00e1 syn n\u011bjak\u00fd v\u011bt\u0161\u00ed kousek v&nbsp;nose, voda mu p\u011bkn\u011b pom\u016f\u017ee ven.<\/p>\n","protected":false},"excerpt":{"rendered":"<p>Jste v&nbsp;o\u010dek\u00e1v\u00e1n\u00ed a&nbsp;hled\u00e1te v\u00fdbavi\u010dku? Nebo v\u00e1m lezou na nervy v\u011b\u010dn\u011b pln\u00e9 ko\u0161e pl\u00ednek? Poj\u010fte se pod\u00edvat, jak se d\u00e1 zredukovat odpad u&nbsp;miminka.<\/p>\n","protected":false},"author":1,"featured_media":97,"comment_status":"open","ping_status":"closed","sticky":false,"template":"","format":"standard","meta":{"_monsterinsights_skip_tracking":false,"_monsterinsights_sitenote_active":false,"_monsterinsights_sitenote_note":"","_monsterinsights_sitenote_category":0,"jetpack_post_was_ever_published":false,"footnotes":"","_links_to":"","_links_to_target":""},"categories":[128,11],"tags":[42,56,63,55,13,59,60,2],"jetpack_featured_media_url":"https:\/\/i0.wp.com\/www.reduca.cz\/blog\/wp-content\/uploads\/2017\/09\/zerowastebaby.jpg?fit=2000%2C1333&ssl=1","jetpack_sharing_enabled":true,"jetpack_shortlink":"https:\/\/wp.me\/p9d4BP-1y","jetpack_likes_enabled":false,"jetpack-related-posts":[{"id":1671,"url":"https:\/\/www.reduca.cz\/blog\/137-vlozky-do-podprsenky\/","url_meta":{"origin":96,"position":0},"title":"#137 &#8211; Vlo\u017eky do podprsenky","date":"15. 5. 2017","format":false,"excerpt":"Kdy\u017e jsem byla poprv\u00e9 t\u011bhotn\u00e1, dostala jsem pod\u011bd\u011bn\u00e9 l\u00e1tkov\u00e9 vlo\u017eky do podprsenky. V\u016fbec m\u011b tehdy nenapadlo, \u017ee se vyr\u00e1b\u00ed jednor\u00e1zov\u00e9! Jako argument pro jednor\u00e1zov\u00e9 vlo\u017eky maminky uv\u00e1d\u00ed, \u017ee by jich musely m\u00edt hrozn\u011b moc a \u017ee se mus\u00ed pr\u00e1t. Kdy\u017e ale \u010dlov\u011bk pou\u017e\u00edv\u00e1 l\u00e1tkov\u00e9 pleny, kter\u00e9 stejn\u011b obden pere, p\u00e1r\u2026","rel":"","context":"In &quot;Den\u00ed\u010dek na\u0161\u00ed dom\u00e1cnosti&quot;","img":{"alt_text":"","src":"https:\/\/i0.wp.com\/www.reduca.cz\/blog\/wp-content\/uploads\/2018\/07\/27629207_833069490233043_9028944006679302241_o.jpg?fit=1200%2C800&ssl=1&resize=350%2C200","width":350,"height":200},"classes":[]},{"id":568,"url":"https:\/\/www.reduca.cz\/blog\/minimalisticka-vybavicka-pro-miminko\/","url_meta":{"origin":96,"position":1},"title":"Minimalistick\u00e1 v\u00fdbavi\u010dka pro miminko","date":"22. 11. 2017","format":false,"excerpt":"S t\u011bhotensk\u00fdm b\u0159\u00ed\u0161kem se na v\u00e1s val\u00ed mnoho informac\u00ed v\u010detn\u011b n\u011bkolika druh\u016f seznam\u016f s v\u00fdbavou pro miminko. Pokud z toho m\u00e1te hlavu jako bal\u00f3n, nev\u00edte, co po\u0159\u00eddit d\u0159\u00edv anebo se v\u00e1m zd\u00e1 seznam zbyte\u010dn\u011b dlouh\u00fd, \u010dt\u011bte d\u00e1l.","rel":"","context":"In &quot;D\u011bti&quot;","img":{"alt_text":"","src":"https:\/\/i0.wp.com\/www.reduca.cz\/blog\/wp-content\/uploads\/2017\/11\/vybava.jpg?fit=1200%2C800&ssl=1&resize=350%2C200","width":350,"height":200},"classes":[]},{"id":1664,"url":"https:\/\/www.reduca.cz\/blog\/135-opravuju\/","url_meta":{"origin":96,"position":2},"title":"#135 &#8211; Opravuju","date":"13. 5. 2017","format":false,"excerpt":"Kdy jste naposled n\u011bco opravili p\u0159edt\u00edm, ne\u017e jste se rozhodli koupit v\u011bc novou? J\u00e1 naposledy v p\u00e1tek. Rozbil se mi zip u bundy, co\u017e v tomhle po\u010das\u00ed nen\u00ed nic moc, zvl\u00e1\u0161\u0165 kdy\u017e pod n\u00ed nos\u00edte miminko. Rychl\u00e1 z\u00e1chrana zicherkami nebyla na dlouho. D\u0159\u00edv bych asi sp\u00edlala a p\u0159em\u00fd\u0161lela o tom,\u2026","rel":"","context":"In &quot;Den\u00ed\u010dek na\u0161\u00ed dom\u00e1cnosti&quot;","img":{"alt_text":"","src":"https:\/\/i0.wp.com\/www.reduca.cz\/blog\/wp-content\/uploads\/2018\/07\/26910421_828235240716468_549448804863291490_o.jpg?fit=1200%2C800&ssl=1&resize=350%2C200","width":350,"height":200},"classes":[]},{"id":136,"url":"https:\/\/www.reduca.cz\/blog\/tri-mesice-s-minimem-odpadu\/","url_meta":{"origin":96,"position":3},"title":"T\u0159i m\u011bs\u00edce s&nbsp;minimem odpadu","date":"4. 4. 2017","format":false,"excerpt":"M\u00e1m za sebou dal\u0161\u00ed mezn\u00edk, kter\u00fdm jsou t\u0159i m\u011bs\u00edce \u017eivota s minimem odpadu. Pod\u00edvejte se, jak n\u00e1\u0161 \u017eivot v tomto obdob\u00ed vypad\u00e1, co jsme si odpustili, na \u010dem pracujeme a co si vz\u00edt nenech\u00e1me.","rel":"","context":"In &quot;Z na\u0161eho domova&quot;","img":{"alt_text":"","src":"https:\/\/i0.wp.com\/www.reduca.cz\/blog\/wp-content\/uploads\/2017\/04\/nakup.jpg?fit=1200%2C850&ssl=1&resize=350%2C200","width":350,"height":200},"classes":[]},{"id":2384,"url":"https:\/\/www.reduca.cz\/blog\/sami-prece-nic-nezmuzeme-anebo-ano\/","url_meta":{"origin":96,"position":4},"title":"Sami p\u0159ece nic nezm\u016f\u017eeme&#8230; Anebo ano?","date":"16. 4. 2019","format":false,"excerpt":"Pro\u010d bychom se m\u011bli sna\u017eit chovat ekologicky, kdy\u017e v \u010c\u00edn\u011b je ston\u00e1sobn\u011b v\u00edce lid\u00ed a ti tvo\u0159\u00ed daleko v\u011bt\u0161\u00ed odpad? Pro\u010d bychom m\u011bli v\u011bnovat sv\u016fj drahocenn\u00fd \u010das na pl\u00e1nov\u00e1n\u00ed bezobalov\u00fdch n\u00e1kup\u016f, del\u0161\u00ed cesty p\u011b\u0161ky nebo na kole ne\u017e autem, va\u0159en\u00ed a pe\u010den\u00ed doma m\u00edsto koup\u011b hotov\u00fdch j\u00eddel a v\u016fbec celkov\u00e9\u2026","rel":"","context":"In &quot;Z na\u0161eho domova&quot;","img":{"alt_text":"","src":"https:\/\/i0.wp.com\/www.reduca.cz\/blog\/wp-content\/uploads\/2019\/04\/ba-black-sheep-cover-image-credit-the-odyssey-online-ba-baa-black-sheep-movie-download.jpg?fit=1200%2C750&ssl=1&resize=350%2C200","width":350,"height":200},"classes":[]},{"id":2044,"url":"https:\/\/www.reduca.cz\/blog\/kdyz-jeden-jde-tam-a-druhy-jinam\/","url_meta":{"origin":96,"position":5},"title":"Kdy\u017e jeden jde tam a&nbsp;druh\u00fd jinam","date":"31. 5. 2019","format":false,"excerpt":"Mo\u017en\u00e1 byste cht\u011bli m\u00edt dom\u00e1cnost bez odpadu, ale nejde to. Ne kv\u016fli tomu, \u017ee byste necht\u011bli. Ne kv\u016fli tomu, \u017ee byste se dostate\u010dn\u011b nesna\u017eili. Ale nebydl\u00edte sami a va\u0161i spolubydl\u00edc\u00ed maj\u00ed priority, \u010das nebo odhodl\u00e1n\u00ed jinde.\u00a0","rel":"","context":"In &quot;Rady, tipy, zku\u0161enosti&quot;","img":{"alt_text":"","src":"https:\/\/i0.wp.com\/www.reduca.cz\/blog\/wp-content\/uploads\/2019\/04\/demarcate.jpg?fit=1024%2C681&ssl=1&resize=350%2C200","width":350,"height":200},"classes":[]}],"_links":{"self":[{"href":"https:\/\/www.reduca.cz\/blog\/wp-json\/wp\/v2\/posts\/96"}],"collection":[{"href":"https:\/\/www.reduca.cz\/blog\/wp-json\/wp\/v2\/posts"}],"about":[{"href":"https:\/\/www.reduca.cz\/blog\/wp-json\/wp\/v2\/types\/post"}],"author":[{"embeddable":true,"href":"https:\/\/www.reduca.cz\/blog\/wp-json\/wp\/v2\/users\/1"}],"replies":[{"embeddable":true,"href":"https:\/\/www.reduca.cz\/blog\/wp-json\/wp\/v2\/comments?post=96"}],"version-history":[{"count":4,"href":"https:\/\/www.reduca.cz\/blog\/wp-json\/wp\/v2\/posts\/96\/revisions"}],"predecessor-version":[{"id":1611,"href":"https:\/\/www.reduca.cz\/blog\/wp-json\/wp\/v2\/posts\/96\/revisions\/1611"}],"wp:featuredmedia":[{"embeddable":true,"href":"https:\/\/www.reduca.cz\/blog\/wp-json\/wp\/v2\/media\/97"}],"wp:attachment":[{"href":"https:\/\/www.reduca.cz\/blog\/wp-json\/wp\/v2\/media?parent=96"}],"wp:term":[{"taxonomy":"category","embeddable":true,"href":"https:\/\/www.reduca.cz\/blog\/wp-json\/wp\/v2\/categories?post=96"},{"taxonomy":"post_tag","embeddable":true,"href":"https:\/\/www.reduca.cz\/blog\/wp-json\/wp\/v2\/tags?post=96"}],"curies":[{"name":"wp","href":"https:\/\/api.w.org\/{rel}","templated":true}]}}