{"id":845,"date":"2017-03-30T17:12:45","date_gmt":"2017-03-30T15:12:45","guid":{"rendered":"https:\/\/www.reduca.cz\/blog\/?p=845"},"modified":"2019-02-25T19:19:34","modified_gmt":"2019-02-25T18:19:34","slug":"den-devadesaty-diy-hackovana-houbicka","status":"publish","type":"post","link":"https:\/\/www.reduca.cz\/blog\/den-devadesaty-diy-hackovana-houbicka\/","title":{"rendered":"Den devades\u00e1t\u00fd &#8211; DIY h\u00e1\u010dkovan\u00e1 houbi\u010dka"},"content":{"rendered":"<p>A\u010dkoli je lufa fajn prost\u0159edek na myt\u00ed n\u00e1dob\u00ed, n\u011bkdy zkr\u00e1tka nesta\u010d\u00ed. Nerada s&nbsp;n\u00ed myji nap\u0159\u00edklad spor\u00e1k a&nbsp;man\u017eel se j\u00ed vyh\u00fdb\u00e1 \u00fapln\u011b. To byl d\u016fvod, pro\u010d jsem hledala n\u011bjakou jinou variantu, kter\u00e1 by se v&nbsp;na\u0161\u00ed dom\u00e1cnosti uchytila.<\/p>\n<p>Kdy\u017e jsem narazila na n\u00e1vod, jak uh\u00e1\u010dkovat vlastn\u00ed houbi\u010dku na n\u00e1dob\u00ed, \u0159\u00edkala jsem si, \u017ee to mus\u00edm zkusit. Inspirovala jsem se tedy <a href=\"https:\/\/bookpeoplestudio.wordpress.com\/2013\/05\/03\/stitch-of-the-week-bobble-kitchen-sponge-pattern\/\">tady<\/a><span class=\"text_exposed_show\">\u00a0a proto\u017ee jsem na prvn\u00edm pokusu necht\u011bla str\u00e1vit p\u0159\u00edli\u0161 mnoho \u010dasu, pou\u017eila jsem \u0161irokou vlnu s&nbsp;h\u00e1\u010dkem \u010d\u00edslo 6.<\/span><\/p>\n<p>Houbi\u010dka se d\u00e1 pr\u00e1t, tak\u017ee nen\u00ed nutn\u00e9 ji po&nbsp;p\u00e1r t\u00fddnech vyhazovat jako b\u011b\u017en\u00e9 houbi\u010dky, kter\u00e9 jsou za chv\u00edli v&nbsp;rozkladu. Na rozd\u00edl od lufy by m\u011bla vydr\u017eet d\u00edky mo\u017enosti pran\u00ed mnohem d\u00e9le.<\/p>\n<p>Po prvn\u00edm pokusu mysl\u00edm, \u017ee n\u011bco jemn\u011bj\u0161\u00edho by bylo asi prakti\u010dt\u011bj\u0161\u00ed do ruky, a&nbsp;asi jsem \u00fapln\u011b nevychytala rozm\u011br, houbi\u010dku bych snesla o&nbsp;n\u011bco men\u0161\u00ed. Pou\u017eit\u00fd materi\u00e1l byl asi nevhodn\u00fd, z\u0159ejm\u011b kv\u016fli mnoha vrstv\u00e1m &#8211; houbi\u010dka v\u016fbec neschla a&nbsp;dost zap\u00e1chala, ani jsem nem\u011bla chu\u0165 ji pr\u00e1t a&nbsp;pou\u017e\u00edvat d\u00e1le. Doporu\u010duju tedy vhodn\u011b zvolit materi\u00e1l a&nbsp;tlou\u0161\u0165ku.<\/p>\n<h3>P\u016fvodn\u00ed p\u0159\u00edsp\u011bvek zde:<\/h3>\n<div class=\"fb-post wptime-fb-post-embed\" data-href=\"https:\/\/www.facebook.com\/redukujemeodpad\/photos\/a.639284676278193.1073741828.639281652945162\/749456698594323\/?type=3&amp;theater\" style=\"margin-bottom:30px;\"><\/div>\n","protected":false},"excerpt":{"rendered":"<p>A\u010dkoli je lufa fajn prost\u0159edek na myt\u00ed n\u00e1dob\u00ed, n\u011bkdy zkr\u00e1tka nesta\u010d\u00ed. Nerada s&nbsp;n\u00ed myji nap\u0159\u00edklad spor\u00e1k a&nbsp;man\u017eel se j\u00ed vyh\u00fdb\u00e1 \u00fapln\u011b. To byl d\u016fvod, pro\u010d jsem hledala n\u011bjakou jinou variantu, kter\u00e1 by se v&nbsp;na\u0161\u00ed dom\u00e1cnosti uchytila. Kdy\u017e jsem narazila na n\u00e1vod, jak uh\u00e1\u010dkovat vlastn\u00ed houbi\u010dku na n\u00e1dob\u00ed, \u0159\u00edkala jsem si, \u017ee to mus\u00edm zkusit. Inspirovala [&hellip;]<\/p>\n","protected":false},"author":1,"featured_media":846,"comment_status":"open","ping_status":"closed","sticky":false,"template":"","format":"standard","meta":{"_monsterinsights_skip_tracking":false,"_monsterinsights_sitenote_active":false,"_monsterinsights_sitenote_note":"","_monsterinsights_sitenote_category":0,"jetpack_post_was_ever_published":false,"footnotes":"","_links_to":"","_links_to_target":""},"categories":[9,50],"tags":[42,43,32,73,58,81,51,34,24],"jetpack_featured_media_url":"https:\/\/i0.wp.com\/www.reduca.cz\/blog\/wp-content\/uploads\/2017\/10\/houbicka-e1508426179698.jpg?fit=1455%2C1170&ssl=1","jetpack_sharing_enabled":true,"jetpack_shortlink":"https:\/\/wp.me\/p9d4BP-dD","jetpack_likes_enabled":true,"jetpack-related-posts":[{"id":1125,"url":"https:\/\/www.reduca.cz\/blog\/120-houbicky-na-myti\/","url_meta":{"origin":845,"position":0},"title":"#120 &#8211; houbi\u010dky na myt\u00ed","date":"28. 4. 2017","format":false,"excerpt":"Tak jsem zas \u0161\u00e1hla vedle... Cht\u011bla jsem koupit n\u011bjakou udr\u017eiteln\u011bj\u0161\u00ed houbi\u010dku pro m\u00e9ho mu\u017ee, kter\u00e9mu lufa nevyhovuje, a m\u016fj h\u00e1\u010dkovan\u00fd pokus nebyl \u00fapln\u011b ono. A v obchod\u011b mi nam\u00edsto t\u00e9, kter\u00e9 jsem cht\u011bla, dali tyto. Sice ze 100% recyklovateln\u00e9ho materi\u00e1lu, ale ne prateln\u00e9, tak\u017ee po pou\u017eit\u00ed zase do sm\u011bsn\u00e9ho odpadu\u00a0:(\u2026","rel":"","context":"In &quot;Den\u00ed\u010dek na\u0161\u00ed dom\u00e1cnosti&quot;","img":{"alt_text":"","src":"https:\/\/i0.wp.com\/www.reduca.cz\/blog\/wp-content\/uploads\/2017\/11\/houbicka3.jpg?fit=1200%2C800&ssl=1&resize=350%2C200","width":350,"height":200},"classes":[]},{"id":1150,"url":"https:\/\/www.reduca.cz\/blog\/127-a-dalsi-houbicka\/","url_meta":{"origin":845,"position":1},"title":"#127 &#8211; a&nbsp;dal\u0161\u00ed houbi\u010dka","date":"5. 5. 2017","format":false,"excerpt":"Tak snad jsem na\u0161la posledn\u00ed verzi na\u0161\u00ed houbi\u010dky na myt\u00ed n\u00e1dob\u00ed, kone\u010dn\u011b jsem koupila tu verzi, kterou jsem cht\u011bla - pratelnou. Je to houbi\u010dka E-cloth. Nev\u00fdhodu vn\u00edm\u00e1m v tom, \u017ee je vyr\u00e1b\u011bna v Indon\u00e9sii, a musela tedy do na\u0161\u00ed dom\u00e1cnosti cestovat dost daleko, nicm\u00e9n\u011b douf\u00e1m, \u017ee vydr\u017e\u00ed n\u011bkolik let (v\u00fdrobce\u2026","rel":"","context":"In &quot;Den\u00ed\u010dek na\u0161\u00ed dom\u00e1cnosti&quot;","img":{"alt_text":"","src":"https:\/\/i0.wp.com\/www.reduca.cz\/blog\/wp-content\/uploads\/2017\/11\/IMG_9655-e1511212374341.jpg?fit=1200%2C713&ssl=1&resize=350%2C200","width":350,"height":200},"classes":[]},{"id":755,"url":"https:\/\/www.reduca.cz\/blog\/den-sedesaty-paty-lufa\/","url_meta":{"origin":845,"position":2},"title":"Den \u0161edes\u00e1t\u00fd p\u00e1t\u00fd &#8211; lufa","date":"5. 3. 2017","format":false,"excerpt":"Kone\u010dn\u011b (a poprv\u00e9) m\u00e1m doma lufu na myt\u00ed n\u00e1dob\u00ed. Zat\u00edm jsme se jen rychle sezn\u00e1mily, ona se na m\u011b nafoukla, zato u\u017e nen\u00ed takov\u00e1 tvr\u010fa\u010dka jako na za\u010d\u00e1tku, mysl\u00edm, \u017ee jsem ji obm\u011bk\u010dila. Douf\u00e1m, \u017ee spolu za\u017eijeme hezk\u00e9 dny\u00a0:) Jak myjete n\u00e1dob\u00ed ru\u010dn\u011b vy? A pod\u011bl\u00edte se o to, jak\u2026","rel":"","context":"In &quot;Den\u00ed\u010dek na\u0161\u00ed dom\u00e1cnosti&quot;","img":{"alt_text":"","src":"https:\/\/i0.wp.com\/www.reduca.cz\/blog\/wp-content\/uploads\/2017\/10\/lufa.jpg?fit=1200%2C800&ssl=1&resize=350%2C200","width":350,"height":200},"classes":[]},{"id":581,"url":"https:\/\/www.reduca.cz\/blog\/den-tricaty-sedmy-diy-prasek-do-mycky\/","url_meta":{"origin":845,"position":3},"title":"Den t\u0159ic\u00e1t\u00fd sedm\u00fd &#8211; DIY pr\u00e1\u0161ek do my\u010dky","date":"5. 2. 2017","format":false,"excerpt":"Jeliko\u017e doch\u00e1z\u00ed i tablety do my\u010dky, rozhodla jsem se ud\u011blat testovac\u00ed verzi dom\u00e1c\u00edho pr\u00e1\u0161ku na myt\u00ed v my\u010dce dle receptu na home-made.cz. Akor\u00e1t s\u016fl, kter\u00e1 by byla bez protisp\u00e9kav\u00fdch l\u00e1tek, jsem doma nem\u011bla, tak\u017ee jsem tam nasypala s\u016fl p\u0159\u00edmo ur\u010denou do my\u010dky. Recenze tohoto pr\u00e1\u0161ku byly r\u016fzn\u00e9, n\u011bkte\u0159\u00ed si\u00a0pochvalovali, jin\u00ed\u2026","rel":"","context":"In &quot;Den\u00ed\u010dek na\u0161\u00ed dom\u00e1cnosti&quot;","img":{"alt_text":"","src":"https:\/\/i0.wp.com\/www.reduca.cz\/blog\/wp-content\/uploads\/2017\/02\/mycka.jpg?fit=1200%2C800&ssl=1&resize=350%2C200","width":350,"height":200},"classes":[]},{"id":2136,"url":"https:\/\/www.reduca.cz\/blog\/jak-vyzrat-na-nadobi-ekologicky\/","url_meta":{"origin":845,"position":4},"title":"Jak vyzr\u00e1t na n\u00e1dob\u00ed ekologicky","date":"28. 2. 2019","format":false,"excerpt":"Spo\u010d\u00edtali jste n\u011bkdy, kolik jste za \u017eivot vyhodili houbi\u010dek na n\u00e1dob\u00ed? A p\u0159em\u00fd\u0161leli jste n\u011bkdy nad t\u00edm, jak\u00e9 l\u00e1tky vypou\u0161t\u00edte do na\u0161ich vod, kdy\u017e myjete n\u00e1dob\u00ed?","rel":"","context":"In &quot;Kuchy\u0148&quot;","img":{"alt_text":"","src":"https:\/\/i0.wp.com\/www.reduca.cz\/blog\/wp-content\/uploads\/2019\/02\/kuchyn.jpg?fit=1200%2C800&ssl=1&resize=350%2C200","width":350,"height":200},"classes":[]},{"id":1254,"url":"https:\/\/www.reduca.cz\/blog\/128-staronove-nadobi\/","url_meta":{"origin":845,"position":5},"title":"#128 &#8211; (staro)nov\u00e9 n\u00e1dob\u00ed","date":"6. 5. 2017","format":false,"excerpt":"Snad skoro ka\u017ed\u00e1 dom\u00e1cnost m\u00e1 nadbytek hrn\u00ed\u010dk\u016f. My jich m\u011bli nedostatek. Ne\u017e chodit do obchod\u016f a nakupovat nov\u00e9 za zbyte\u010dn\u00e9 pen\u00edze jsem si \u0159ekla, \u017ee se rad\u011bji popt\u00e1m v okol\u00ed, jestli se n\u011bkdo nechce sv\u00fdch star\u00fdch zbavit - ze zku\u0161enost\u00ed toti\u017e v\u00edm, \u017ee skoro v\u0161ude jsou n\u011bjak\u00e9 hrn\u00ed\u010dky nav\u00edc, kter\u00e9\u2026","rel":"","context":"In &quot;Den\u00ed\u010dek na\u0161\u00ed dom\u00e1cnosti&quot;","img":{"alt_text":"","src":"https:\/\/i0.wp.com\/www.reduca.cz\/blog\/wp-content\/uploads\/2017\/12\/hrnicky.jpg?fit=1200%2C800&ssl=1&resize=350%2C200","width":350,"height":200},"classes":[]}],"_links":{"self":[{"href":"https:\/\/www.reduca.cz\/blog\/wp-json\/wp\/v2\/posts\/845"}],"collection":[{"href":"https:\/\/www.reduca.cz\/blog\/wp-json\/wp\/v2\/posts"}],"about":[{"href":"https:\/\/www.reduca.cz\/blog\/wp-json\/wp\/v2\/types\/post"}],"author":[{"embeddable":true,"href":"https:\/\/www.reduca.cz\/blog\/wp-json\/wp\/v2\/users\/1"}],"replies":[{"embeddable":true,"href":"https:\/\/www.reduca.cz\/blog\/wp-json\/wp\/v2\/comments?post=845"}],"version-history":[{"count":3,"href":"https:\/\/www.reduca.cz\/blog\/wp-json\/wp\/v2\/posts\/845\/revisions"}],"predecessor-version":[{"id":2156,"href":"https:\/\/www.reduca.cz\/blog\/wp-json\/wp\/v2\/posts\/845\/revisions\/2156"}],"wp:featuredmedia":[{"embeddable":true,"href":"https:\/\/www.reduca.cz\/blog\/wp-json\/wp\/v2\/media\/846"}],"wp:attachment":[{"href":"https:\/\/www.reduca.cz\/blog\/wp-json\/wp\/v2\/media?parent=845"}],"wp:term":[{"taxonomy":"category","embeddable":true,"href":"https:\/\/www.reduca.cz\/blog\/wp-json\/wp\/v2\/categories?post=845"},{"taxonomy":"post_tag","embeddable":true,"href":"https:\/\/www.reduca.cz\/blog\/wp-json\/wp\/v2\/tags?post=845"}],"curies":[{"name":"wp","href":"https:\/\/api.w.org\/{rel}","templated":true}]}}