{"id":836,"date":"2017-03-27T17:06:24","date_gmt":"2017-03-27T15:06:24","guid":{"rendered":"https:\/\/www.reduca.cz\/blog\/?p=836"},"modified":"2017-10-19T17:20:03","modified_gmt":"2017-10-19T15:20:03","slug":"den-osmdesaty-sedmy-minimalismus","status":"publish","type":"post","link":"https:\/\/www.reduca.cz\/blog\/den-osmdesaty-sedmy-minimalismus\/","title":{"rendered":"Den osmdes\u00e1t\u00fd sedm\u00fd &#8211; minimalismus"},"content":{"rendered":"<p>S p\u0159em\u00fd\u0161len\u00edm o&nbsp;redukci odpadu &#8211; nebo, chcete-li, p\u0159\u00edmo s&nbsp;minimalizac\u00ed odpadu &#8211; se v\u00e1\u017ee i&nbsp;my\u0161lenkov\u00fd sm\u011br zvan\u00fd minimalismus. Takov\u00fd minimalismus v&nbsp;praxi se snadno projev\u00ed, m\u00e1te-li se sbalit ve&nbsp;dvou lidech do p\u0159\u00edru\u010dn\u00edho zavazadla\u00a0<span class=\"_47e3 _5mfr\" title=\"Emotikona smile\"><span class=\"_7oe\" aria-hidden=\"true\">\ud83d\ude42<\/span><\/span>\u00a0A ono to kupodivu jde, i&nbsp;kdy\u017e dobrou \u010dtvrtinu zavazadla zab\u00edr\u00e1 \u0161\u00e1tek\u00a0<span class=\"_47e3 _5mfr\" title=\"Emotikona smile\"><span class=\"_7oe\" aria-hidden=\"true\">\ud83d\ude42<\/span><\/span>Druh\u00fd batoh je pln\u00fd j\u00eddla, kn\u00ed\u017eek a&nbsp;hra\u010dek na dlouhou cestu.<\/p>\n<p>Sl\u00e1va nazdar v\u00fdletu!<\/p>\n<h3>P\u016fvodn\u00ed p\u0159\u00edsp\u011bvek zde:<\/h3>\n<div class=\"fb-post wptime-fb-post-embed\" data-href=\"https:\/\/www.facebook.com\/redukujemeodpad\/photos\/a.639284676278193.1073741828.639281652945162\/743706619169331\/?type=3&amp;theater\" style=\"margin-bottom:30px;\"><\/div>\n","protected":false},"excerpt":{"rendered":"<p>S p\u0159em\u00fd\u0161len\u00edm o&nbsp;redukci odpadu &#8211; nebo, chcete-li, p\u0159\u00edmo s&nbsp;minimalizac\u00ed odpadu &#8211; se v\u00e1\u017ee i&nbsp;my\u0161lenkov\u00fd sm\u011br zvan\u00fd minimalismus. Takov\u00fd minimalismus v&nbsp;praxi se snadno projev\u00ed, m\u00e1te-li se sbalit ve&nbsp;dvou lidech do p\u0159\u00edru\u010dn\u00edho zavazadla\u00a0\ud83d\ude42\u00a0A ono to kupodivu jde, i&nbsp;kdy\u017e dobrou \u010dtvrtinu zavazadla zab\u00edr\u00e1 \u0161\u00e1tek\u00a0\ud83d\ude42Druh\u00fd batoh je pln\u00fd j\u00eddla, kn\u00ed\u017eek a&nbsp;hra\u010dek na dlouhou cestu. Sl\u00e1va nazdar v\u00fdletu! P\u016fvodn\u00ed p\u0159\u00edsp\u011bvek [&hellip;]<\/p>\n","protected":false},"author":1,"featured_media":837,"comment_status":"open","ping_status":"closed","sticky":false,"template":"","format":"standard","meta":{"_monsterinsights_skip_tracking":false,"_monsterinsights_sitenote_active":false,"_monsterinsights_sitenote_note":"","_monsterinsights_sitenote_category":0,"jetpack_post_was_ever_published":false,"footnotes":"","_links_to":"","_links_to_target":""},"categories":[9],"tags":[18,34,2],"jetpack_featured_media_url":"https:\/\/i0.wp.com\/www.reduca.cz\/blog\/wp-content\/uploads\/2017\/10\/20023749_743706619169331_4397953172728999441_o.jpg?fit=2048%2C1365&ssl=1","jetpack_sharing_enabled":true,"jetpack_shortlink":"https:\/\/wp.me\/p9d4BP-du","jetpack_likes_enabled":true,"jetpack-related-posts":[{"id":148,"url":"https:\/\/www.reduca.cz\/blog\/jak-nakupovat-zero-waste\/","url_meta":{"origin":836,"position":0},"title":"Jak nakupovat zero waste","date":"22. 8. 2017","format":false,"excerpt":"Jak nakupovat s minimem odpadu? Nejen obaly jsou \u017eivy skl\u00e1dky a nejen o plastech je zero waste.","rel":"","context":"In &quot;Nakupov\u00e1n\u00ed&quot;","img":{"alt_text":"","src":"","width":0,"height":0},"classes":[]},{"id":1682,"url":"https:\/\/www.reduca.cz\/blog\/140-pryc-s-nima\/","url_meta":{"origin":836,"position":1},"title":"#140 &#8211; Pry\u010d s&nbsp;nima","date":"18. 5. 2017","format":false,"excerpt":"Kone\u010dn\u011b se mi da\u0159\u00ed plnit dal\u0161\u00ed z bod\u016f\u00a040denn\u00ed bezodpadov\u00e1 v\u00fdzva 2018\u00a0a zbavit se n\u011bkter\u00fdch p\u0159ebyte\u010dn\u00fdch v\u011bc\u00ed, kter\u00e9 doma u\u017e nepot\u0159ebujeme. A\u0165 u\u017e bojuju s nostalgi\u00ed nebo jednodu\u0161e s lenost\u00ed vyfotit a nahr\u00e1t obr\u00e1zky nepot\u0159ebn\u00fdch v\u011bc\u00ed, v\u017edy m\u011b pot\u011b\u0161\u00ed, kdy\u017e u\u017e se k tomu kone\u010dn\u011b dokopu a na\u0161e star\u00e9 v\u011bci najdou\u2026","rel":"","context":"In &quot;Den\u00ed\u010dek na\u0161\u00ed dom\u00e1cnosti&quot;","img":{"alt_text":"","src":"https:\/\/i0.wp.com\/www.reduca.cz\/blog\/wp-content\/uploads\/2018\/07\/29313220_854800624726596_4138912721611522048_n.jpg?fit=960%2C720&ssl=1&resize=350%2C200","width":350,"height":200},"classes":[]},{"id":232,"url":"https:\/\/www.reduca.cz\/blog\/den-osmy-minimalizace-satniku\/","url_meta":{"origin":836,"position":2},"title":"Den osm\u00fd &#8211; minimalizace \u0161atn\u00edku","date":"7. 1. 2017","format":false,"excerpt":"Dnes jsem p\u0159et\u0159\u00eddila na\u0161e oble\u010den\u00ed. To bez skvrn a d\u00edrek jsem nah\u00e1zela do ta\u0161ek, kter\u00e9 zaneseme pot\u0159ebn\u00fdm, ty star\u00e9 hnusn\u00e9 s d\u00edrkama pou\u017eijeme na hadry. Ubylo m\u00edsto ve sk\u0159\u00edni a pocit, \u017ee m\u00e1me m\u00e1lo oble\u010den\u00ed, je hned pry\u010d. To redukov\u00e1n\u00ed dom\u00e1cnosti mi p\u0159in\u00e1\u0161\u00ed do du\u0161e zaj\u00edmav\u00fd klid, a\u0165 \u017eije minimalismus\u00a0:)\u00a0D\u00e1l\u2026","rel":"","context":"In &quot;Den\u00ed\u010dek na\u0161\u00ed dom\u00e1cnosti&quot;","img":{"alt_text":"","src":"https:\/\/i0.wp.com\/www.reduca.cz\/blog\/wp-content\/uploads\/2017\/01\/obleceni.jpg?fit=1200%2C800&ssl=1&resize=350%2C200","width":350,"height":200},"classes":[]},{"id":269,"url":"https:\/\/www.reduca.cz\/blog\/den-patnacty-redukuji-koupelnu\/","url_meta":{"origin":836,"position":3},"title":"Den patn\u00e1ct\u00fd &#8211; redukuji koupelnu","date":"14. 1. 2017","format":false,"excerpt":"Do koupelny se mi stra\u0161n\u011b necht\u011blo. M\u011bla jsem strach z toho, co tam najdu, co v\u0161echno budu muset kv\u016fli trvanlivosti vyhazovat (a to je\u0161t\u011b \u0161t\u011bst\u00ed, \u017ee jsme se p\u0159ed rokem a p\u016fl st\u011bhovali). Jsem toti\u017e p\u0159esn\u011b ten typ \"co kdyby\", tak\u017ee schov\u00e1v\u00e1m kde co, kdyby se to n\u00e1hodou n\u011bkdy nehodilo.\u2026","rel":"","context":"In &quot;Den\u00ed\u010dek na\u0161\u00ed dom\u00e1cnosti&quot;","img":{"alt_text":"","src":"https:\/\/i0.wp.com\/www.reduca.cz\/blog\/wp-content\/uploads\/2017\/09\/koupelna.jpg?fit=1200%2C800&ssl=1&resize=350%2C200","width":350,"height":200},"classes":[]},{"id":2491,"url":"https:\/\/www.reduca.cz\/blog\/zivot-podle-zero-waste-za-tricet-dni-od-anity-vandyke\/","url_meta":{"origin":836,"position":4},"title":"Recenze: \u017divot podle zero waste za t\u0159icet dn\u00ed od Anity Vandyke","date":"11. 10. 2019","format":false,"excerpt":"\u017divot podle zero waste za t\u0159icet dn\u00ed je prvn\u00ed kn\u00ed\u017eka je australsk\u00e9 raketov\u00e9 v\u011bdkyn\u011b Anity Vandyke p\u016fvodem z \u010c\u00edny. Kniha vy\u0161la v leto\u0161n\u00edm roce v nakladatelstv\u00ed Alpha Book.","rel":"","context":"In &quot;Rady, tipy, zku\u0161enosti&quot;","img":{"alt_text":"","src":"https:\/\/i0.wp.com\/www.reduca.cz\/blog\/wp-content\/uploads\/2019\/10\/IMG_0910.jpg?fit=1200%2C800&ssl=1&resize=350%2C200","width":350,"height":200},"classes":[]},{"id":121,"url":"https:\/\/www.reduca.cz\/blog\/redukujeme-domacnost-1-dil-minimalismus\/","url_meta":{"origin":836,"position":5},"title":"Redukujeme dom\u00e1cnost &#8211; 1.&nbsp;d\u00edl: minimalismus","date":"27. 3. 2017","format":false,"excerpt":"Dom\u00e1cnost bez odpadu neznamen\u00e1 jen pr\u00e1zdn\u00fd odpadkov\u00fd ko\u0161. Znamen\u00e1 tak\u00e9 po\u0159\u00e1dek uvnit\u0159 dom\u00e1cnosti, bez zbyte\u010dnost\u00ed, kter\u00e9 n\u00e1sledn\u00fd odpad jednou vytvo\u0159\u00ed.","rel":"","context":"In &quot;Redukujeme dom\u00e1cnost&quot;","img":{"alt_text":"","src":"https:\/\/i0.wp.com\/www.reduca.cz\/blog\/wp-content\/uploads\/2017\/09\/minimalism.jpg?fit=1200%2C745&ssl=1&resize=350%2C200","width":350,"height":200},"classes":[]}],"_links":{"self":[{"href":"https:\/\/www.reduca.cz\/blog\/wp-json\/wp\/v2\/posts\/836"}],"collection":[{"href":"https:\/\/www.reduca.cz\/blog\/wp-json\/wp\/v2\/posts"}],"about":[{"href":"https:\/\/www.reduca.cz\/blog\/wp-json\/wp\/v2\/types\/post"}],"author":[{"embeddable":true,"href":"https:\/\/www.reduca.cz\/blog\/wp-json\/wp\/v2\/users\/1"}],"replies":[{"embeddable":true,"href":"https:\/\/www.reduca.cz\/blog\/wp-json\/wp\/v2\/comments?post=836"}],"version-history":[{"count":1,"href":"https:\/\/www.reduca.cz\/blog\/wp-json\/wp\/v2\/posts\/836\/revisions"}],"predecessor-version":[{"id":838,"href":"https:\/\/www.reduca.cz\/blog\/wp-json\/wp\/v2\/posts\/836\/revisions\/838"}],"wp:featuredmedia":[{"embeddable":true,"href":"https:\/\/www.reduca.cz\/blog\/wp-json\/wp\/v2\/media\/837"}],"wp:attachment":[{"href":"https:\/\/www.reduca.cz\/blog\/wp-json\/wp\/v2\/media?parent=836"}],"wp:term":[{"taxonomy":"category","embeddable":true,"href":"https:\/\/www.reduca.cz\/blog\/wp-json\/wp\/v2\/categories?post=836"},{"taxonomy":"post_tag","embeddable":true,"href":"https:\/\/www.reduca.cz\/blog\/wp-json\/wp\/v2\/tags?post=836"}],"curies":[{"name":"wp","href":"https:\/\/api.w.org\/{rel}","templated":true}]}}