{"id":832,"date":"2017-03-26T17:02:43","date_gmt":"2017-03-26T15:02:43","guid":{"rendered":"https:\/\/www.reduca.cz\/blog\/?p=832"},"modified":"2017-10-19T17:20:03","modified_gmt":"2017-10-19T15:20:03","slug":"den-osmdesaty-sesty-diy-cukrova-pasta","status":"publish","type":"post","link":"https:\/\/www.reduca.cz\/blog\/den-osmdesaty-sesty-diy-cukrova-pasta\/","title":{"rendered":"Den osmdes\u00e1t\u00fd \u0161est\u00fd &#8211; DIY cukrov\u00e1 pasta"},"content":{"rendered":"<p>U\u017e jsem p\u00e1rkr\u00e1t psala, \u017ee ne v\u017edycky se mi m\u00e9 dom\u00e1c\u00ed pokusy vyda\u0159ily. Jedn\u00edm z&nbsp;t\u011bch nevyda\u0159en\u00fdch d\u011bl byl i&nbsp;pokus o&nbsp;cukrovou pastu.<\/p>\n<p>Po p\u00e1r m\u011bs\u00edc\u00edch pou\u017e\u00edv\u00e1n\u00ed epil\u00e1toru jsem se rozpomn\u011bla, pro\u010d jsem jej vlastn\u011b p\u0159estala pou\u017e\u00edvat. Nebylo to kv\u016fli bolesti, kter\u00e1 s&nbsp;\u010dasem se sni\u017euje &#8211; s&nbsp;ub\u00fdvaj\u00edc\u00edm po\u010dtem chloupk\u016f k&nbsp;vytrh\u00e1n\u00ed. \u0160tvalo m\u011b, \u017ee na rozd\u00edl od klasick\u00e9ho holen\u00ed \u017eiletkou nem\u00e1m nik<span class=\"text_exposed_show\">de &#8220;pozna\u010deno&#8221;, kde u\u017e jsem zajela a&nbsp;kde ne (p\u0159i&nbsp;pou\u017eit\u00ed p\u011bny je to v\u00edce ne\u017e z\u0159ejm\u00e9), a&nbsp;hlavn\u011b &#8211; \u017ee oholen\u00ed nen\u00ed hladk\u00e9. V\u017edy mi z\u016fst\u00e1v\u00e1 p\u00e1r chloupk\u016f, kter\u00e9 jsou natolik kr\u00e1tk\u00e9, \u017ee je epil\u00e1tor nezvl\u00e1dne zachytit a&nbsp;vytrhnout. Z&nbsp;d\u00e1lky to tolik z\u0159ejm\u00e9 nen\u00ed, ale takov\u00fd ten hladk\u00fd pocit oholen\u00fdch nohou fakt chyb\u00ed &#8211; nehled\u011b na estetickou str\u00e1nku v\u011bci p\u0159i&nbsp;p\u0159ibl\u00ed\u017een\u00ed se\u00a0<span class=\"_47e3 _5mfr\" title=\"Emotikona smile\"><span class=\"_7oe\" aria-hidden=\"true\">\ud83d\ude42<\/span><\/span><\/span><\/p>\n<p>Zkusila jsem se tedy vrhnout na v\u00fdrobu cukrov\u00e9 pasty, kter\u00e1 m\u00e1 fungovat jako epila\u010dn\u00ed vosk. S&nbsp;nad\u011bj\u00ed, \u017ee si sv\u00e9 nohy na dovolenou ohol\u00edm do hladka, a&nbsp;s&nbsp;vidinou, \u017ee hladk\u00e9 nohy n\u011bkolik dn\u00ed vydr\u017e\u00ed bez nutnosti pou\u017eit\u00ed ostr\u00e9ho p\u0159edm\u011btu, jsem se vrhla do v\u00fdroby dle postupu v&nbsp;kn\u00ed\u017ece Dom\u00e1cnost bez odpadu.<\/p>\n<p>Kdy\u017e se mi ta \u017ehav\u00e1 a&nbsp;relativn\u011b rychle tuhnouc\u00ed hmota v&nbsp;tal\u00ed\u0159i p\u0159\u00edli\u0161 nezd\u00e1la, d\u00edvala jsem se i&nbsp;po&nbsp;jin\u00fdch n\u00e1vodech. Bohu\u017eel \u017e\u00e1dn\u00fd postup, by\u0165 na videu vypadal sebev\u00edc jednodu\u0161e, nevy\u00fastil v&nbsp;ten spr\u00e1vn\u00fd v\u00fdsledek. I&nbsp;kdy\u017e jsem hn\u011btala, co jsem mohla, z&nbsp;kuli\u010dky v\u017edy vy\u0161el jen tvrd\u00fd karamelov\u00fd \u0161utr. A&nbsp;to i&nbsp;p\u0159esto, \u017ee jsem ji opakovan\u011b zah\u0159\u00edvala a&nbsp;zkou\u0161ela to r\u016fzn\u00fdmi postupy.<\/p>\n<p>A tak jsem zas vzala epil\u00e1tor, za\u00fap\u011bla nad p\u00e1r chloupky a&nbsp;dokon\u010dila d\u00edlo oby\u010dejnou \u017eiletkou. Ide\u00e1ln\u00ed \u0159e\u0161en\u00ed st\u00e1le hled\u00e1m.<\/p>\n<h3>P\u016fvodn\u00ed p\u0159\u00edsp\u011bvek zde:<\/h3>\n<div class=\"fb-post wptime-fb-post-embed\" data-href=\"https:\/\/www.facebook.com\/redukujemeodpad\/photos\/a.639284676278193.1073741828.639281652945162\/743703839169609\/?type=3&amp;theater\" style=\"margin-bottom:30px;\"><\/div>\n","protected":false},"excerpt":{"rendered":"<p>U\u017e jsem p\u00e1rkr\u00e1t psala, \u017ee ne v\u017edycky se mi m\u00e9 dom\u00e1c\u00ed pokusy vyda\u0159ily. Jedn\u00edm z&nbsp;t\u011bch nevyda\u0159en\u00fdch d\u011bl byl i&nbsp;pokus o&nbsp;cukrovou pastu. Po&nbsp;p\u00e1r m\u011bs\u00edc\u00edch pou\u017e\u00edv\u00e1n\u00ed epil\u00e1toru jsem se rozpomn\u011bla, pro\u010d jsem jej vlastn\u011b p\u0159estala pou\u017e\u00edvat. Nebylo to kv\u016fli bolesti, kter\u00e1 s&nbsp;\u010dasem se sni\u017euje &#8211; s&nbsp;ub\u00fdvaj\u00edc\u00edm po\u010dtem chloupk\u016f k&nbsp;vytrh\u00e1n\u00ed. \u0160tvalo m\u011b, \u017ee na rozd\u00edl od klasick\u00e9ho [&hellip;]<\/p>\n","protected":false},"author":1,"featured_media":833,"comment_status":"open","ping_status":"closed","sticky":false,"template":"","format":"standard","meta":{"_monsterinsights_skip_tracking":false,"_monsterinsights_sitenote_active":false,"_monsterinsights_sitenote_note":"","_monsterinsights_sitenote_category":0,"jetpack_post_was_ever_published":false,"footnotes":"","_links_to":"","_links_to_target":""},"categories":[9,50],"tags":[41,42,43,68,63,49,34,2],"jetpack_featured_media_url":"https:\/\/i0.wp.com\/www.reduca.cz\/blog\/wp-content\/uploads\/2017\/10\/cukrovy_vosk-e1508425552901.jpg?fit=2000%2C1680&ssl=1","jetpack_sharing_enabled":true,"jetpack_shortlink":"https:\/\/wp.me\/p9d4BP-dq","jetpack_likes_enabled":true,"jetpack-related-posts":[{"id":642,"url":"https:\/\/www.reduca.cz\/blog\/den-ctyricaty-sesty-holeni\/","url_meta":{"origin":832,"position":0},"title":"Den \u010dty\u0159ic\u00e1t\u00fd \u0161est\u00fd &#8211; holen\u00ed","date":"14. 2. 2017","format":false,"excerpt":"Kdy\u017e jsem byla mal\u00e1, maminka mi v\u017edycky \u0159\u00edkala, \u017ee pro kr\u00e1su se mus\u00ed trp\u011bt. Moc jsem tomu nerozum\u011bla. Ale s p\u0159ib\u00fdvaj\u00edc\u00edm v\u011bkem jsem rychle zjistila, o \u010dem je \u0159e\u010d. Tak\u017ee tady je zas jedno ok\u00e9nko pro \u017eeny: P\u0159ed n\u011bkolika lety jsem si koupila epil\u00e1tor, proto\u017ee m\u011b nebavilo holit si nohy\u2026","rel":"","context":"In &quot;Den\u00ed\u010dek na\u0161\u00ed dom\u00e1cnosti&quot;","img":{"alt_text":"","src":"https:\/\/i0.wp.com\/www.reduca.cz\/blog\/wp-content\/uploads\/2017\/10\/epilator.jpg?fit=1200%2C800&ssl=1&resize=350%2C200","width":350,"height":200},"classes":[]},{"id":136,"url":"https:\/\/www.reduca.cz\/blog\/tri-mesice-s-minimem-odpadu\/","url_meta":{"origin":832,"position":1},"title":"T\u0159i m\u011bs\u00edce s&nbsp;minimem odpadu","date":"4. 4. 2017","format":false,"excerpt":"M\u00e1m za sebou dal\u0161\u00ed mezn\u00edk, kter\u00fdm jsou t\u0159i m\u011bs\u00edce \u017eivota s minimem odpadu. Pod\u00edvejte se, jak n\u00e1\u0161 \u017eivot v tomto obdob\u00ed vypad\u00e1, co jsme si odpustili, na \u010dem pracujeme a co si vz\u00edt nenech\u00e1me.","rel":"","context":"In &quot;Z na\u0161eho domova&quot;","img":{"alt_text":"","src":"https:\/\/i0.wp.com\/www.reduca.cz\/blog\/wp-content\/uploads\/2017\/04\/nakup.jpg?fit=1200%2C850&ssl=1&resize=350%2C200","width":350,"height":200},"classes":[]},{"id":2188,"url":"https:\/\/www.reduca.cz\/blog\/proc-zatim-nemuzu-psat-o-mode-a-liceni\/","url_meta":{"origin":832,"position":2},"title":"Pro\u010d (zat\u00edm) nem\u016f\u017eu ps\u00e1t o&nbsp;m\u00f3d\u011b a&nbsp;l\u00ed\u010den\u00ed","date":"14. 3. 2019","format":false,"excerpt":"Udr\u017eiteln\u00e1 m\u00f3da do okruh\u016f t\u00e9mat okolo zero waste rozhodn\u011b pat\u0159\u00ed. Jen\u017ee ke mn\u011b moc nepat\u0159\u00ed m\u00f3da... Varov\u00e1n\u00ed, v \u010dl\u00e1nku najdete p\u00e1r m\u00fdch \u0161\u00edlen\u00fdch model\u016f z minulosti :)\u00a0","rel":"","context":"In &quot;Nakupov\u00e1n\u00ed&quot;","img":{"alt_text":"","src":"https:\/\/i0.wp.com\/www.reduca.cz\/blog\/wp-content\/uploads\/2019\/03\/IMG_0557-e1552583993252.jpg?fit=1200%2C916&ssl=1&resize=350%2C200","width":350,"height":200},"classes":[]},{"id":244,"url":"https:\/\/www.reduca.cz\/blog\/den-jedenacty-diy-zubni-pasta\/","url_meta":{"origin":832,"position":3},"title":"Den jeden\u00e1ct\u00fd &#8211; DIY zubn\u00ed pasta","date":"10. 1. 2017","format":false,"excerpt":"P\u011bkn\u00fd chrup, z\u00e1klad \u00fasm\u011bvu. Taky m\u00e1te ten pocit, \u017ee konec pasty je snad nekone\u010dn\u00fd? Tak dlouho u\u017e se t\u011b\u0161\u00edm, a\u017e mi dojde pasta, abych vyzkou\u0161ela tu home-made, kter\u00e1 na m\u011b u\u017e n\u011bkolik m\u011bs\u00edc\u016f vyskakuje ze v\u0161ech stran, a ono po\u0159\u00e1d ne a ne. Rozhodla jsem se, \u017ee d\u00e9le u\u017e \u010dekat\u2026","rel":"","context":"In &quot;Den\u00ed\u010dek na\u0161\u00ed dom\u00e1cnosti&quot;","img":{"alt_text":"","src":"https:\/\/i0.wp.com\/www.reduca.cz\/blog\/wp-content\/uploads\/2017\/09\/pasta2.jpg?fit=1200%2C800&ssl=1&resize=350%2C200","width":350,"height":200},"classes":[]},{"id":96,"url":"https:\/\/www.reduca.cz\/blog\/dite-bez-odpadu\/","url_meta":{"origin":832,"position":4},"title":"D\u00edt\u011b bez odpadu","date":"27. 2. 2017","format":false,"excerpt":"Jste v o\u010dek\u00e1v\u00e1n\u00ed a hled\u00e1te v\u00fdbavi\u010dku? Nebo v\u00e1m lezou na nervy v\u011b\u010dn\u011b pln\u00e9 ko\u0161e pl\u00ednek? Poj\u010fte se pod\u00edvat, jak se d\u00e1 zredukovat odpad u miminka.","rel":"","context":"In &quot;D\u011bti&quot;","img":{"alt_text":"","src":"https:\/\/i0.wp.com\/www.reduca.cz\/blog\/wp-content\/uploads\/2017\/09\/zerowastebaby.jpg?fit=1200%2C800&ssl=1&resize=350%2C200","width":350,"height":200},"classes":[]},{"id":1837,"url":"https:\/\/www.reduca.cz\/blog\/ze-stareho-nove\/","url_meta":{"origin":832,"position":5},"title":"Ze star\u00e9ho nov\u00e9","date":"12. 10. 2018","format":false,"excerpt":"Zub \u010dasu pokou\u0161e i ty nejhez\u010d\u00ed kousky va\u0161eho \u0161atn\u00edku. S rychl\u00fdm m\u00f3dn\u00edm pr\u016fmyslem je trvanlivost jednotliv\u00fdch kousk\u016f \u010d\u00edm d\u00e1l t\u00edm krat\u0161\u00ed. A tak p\u0159ich\u00e1z\u00ed jednoduch\u00e1 ot\u00e1zka? Co s t\u011bmi vytahan\u00fdmi tri\u010dky, opelichan\u00fdmi mikinami a d\u011brav\u00fdmi kalhotami?","rel":"","context":"In &quot;Oble\u010den\u00ed&quot;","img":{"alt_text":"","src":"https:\/\/i0.wp.com\/www.reduca.cz\/blog\/wp-content\/uploads\/2018\/10\/body.jpg?fit=1200%2C686&ssl=1&resize=350%2C200","width":350,"height":200},"classes":[]}],"_links":{"self":[{"href":"https:\/\/www.reduca.cz\/blog\/wp-json\/wp\/v2\/posts\/832"}],"collection":[{"href":"https:\/\/www.reduca.cz\/blog\/wp-json\/wp\/v2\/posts"}],"about":[{"href":"https:\/\/www.reduca.cz\/blog\/wp-json\/wp\/v2\/types\/post"}],"author":[{"embeddable":true,"href":"https:\/\/www.reduca.cz\/blog\/wp-json\/wp\/v2\/users\/1"}],"replies":[{"embeddable":true,"href":"https:\/\/www.reduca.cz\/blog\/wp-json\/wp\/v2\/comments?post=832"}],"version-history":[{"count":2,"href":"https:\/\/www.reduca.cz\/blog\/wp-json\/wp\/v2\/posts\/832\/revisions"}],"predecessor-version":[{"id":835,"href":"https:\/\/www.reduca.cz\/blog\/wp-json\/wp\/v2\/posts\/832\/revisions\/835"}],"wp:featuredmedia":[{"embeddable":true,"href":"https:\/\/www.reduca.cz\/blog\/wp-json\/wp\/v2\/media\/833"}],"wp:attachment":[{"href":"https:\/\/www.reduca.cz\/blog\/wp-json\/wp\/v2\/media?parent=832"}],"wp:term":[{"taxonomy":"category","embeddable":true,"href":"https:\/\/www.reduca.cz\/blog\/wp-json\/wp\/v2\/categories?post=832"},{"taxonomy":"post_tag","embeddable":true,"href":"https:\/\/www.reduca.cz\/blog\/wp-json\/wp\/v2\/tags?post=832"}],"curies":[{"name":"wp","href":"https:\/\/api.w.org\/{rel}","templated":true}]}}