{"id":758,"date":"2017-03-06T14:42:42","date_gmt":"2017-03-06T13:42:42","guid":{"rendered":"https:\/\/www.reduca.cz\/blog\/?p=758"},"modified":"2017-10-19T17:20:43","modified_gmt":"2017-10-19T15:20:43","slug":"den-sedesaty-sesty-varime-z-odpadu","status":"publish","type":"post","link":"https:\/\/www.reduca.cz\/blog\/den-sedesaty-sesty-varime-z-odpadu\/","title":{"rendered":"Den \u0161edes\u00e1t\u00fd \u0161est\u00fd &#8211; va\u0159\u00edme z&nbsp;odpadu"},"content":{"rendered":"<p>\u0158edkvi\u010dky j\u00edme r\u00e1di a&nbsp;posledn\u00ed dobou docela \u010dasto, ale dlouho jsem hledala odvahu na to zpracovat jejich listy a&nbsp;v\u017edy jsem je nemilosrdn\u011b h\u00e1zela do kompostu. Proto\u017ee u\u017e jsem vid\u011bla n\u011bjak\u00e9 recepty na pesto z&nbsp;\u0159edkvi\u010dek, rozhodla jsem se, \u017ee to dnes v<span class=\"text_exposed_show\">yzkou\u0161\u00edm.<\/p>\n<p>Inspirovala jsem se t\u00edmto receptem:\u00a0<a href=\"https:\/\/l.facebook.com\/l.php?u=http%3A%2F%2Fzachranjidlo.cz%2Frecepty%2Fpesto-z-dynovych-semen-a-redkvickovych-listu%2F&amp;h=ATPnhPBkbSPklY0kfO0-1Jmaw4bFgIHzyRNdfHv2rMq8K3O48k8q60x2pZmRfhRFgozBtRcys4VOBx-6SlktEV3cynhCrSbG9PpxHQBidRlvP-QfshBDF9EX8TwxefGLJ6FCJsCISrKHfnXYqb-Li2Tlq4Svk7Dv4PXJV4GXhZU41s78SISa0aqIOagz1N7lg0HpKf6fELv-LLKMS64euGHF8xWm9WYofoeXVsBNWEDPweBKgg\" target=\"_blank\" rel=\"noopener nofollow\" data-lynx-mode=\"async\">http:\/\/zachranjidlo.cz\/<wbr \/>recepty\/<wbr \/>pesto-z-dynovych-semen-a-re<wbr \/>dkvickovych-listu\/<\/a>\u00a0Nam\u00edsto d\u00fd\u0148ov\u00fdch sem\u00ednek jsem pou\u017eila nap\u016fl d\u00fd\u0148ov\u00e1, nap\u016fl slune\u010dnicov\u00e1, ale lze pou\u017e\u00edt i&nbsp;jak\u00e9koliv o\u0159echy (piniov\u00e9, ke\u0161u, vla\u0161sk\u00e9) a&nbsp;parmaz\u00e1n jsem vynechala.<\/p>\n<p>Jen jsem z\u0159ejm\u011b m\u011bla m\u00e1lo list\u016f, a&nbsp;tak je pesto takov\u00e9 tu\u017e\u0161\u00ed, ur\u010dit\u011b by to spravila t\u0159eba citr\u00f3nov\u00e1 \u0161\u0165\u00e1va, ale tu zrovna doma nem\u00e1m\u00a0<span class=\"_47e3 _5mfr\" title=\"Emotikona smile\"><span class=\"_7oe\" aria-hidden=\"true\">\ud83d\ude42<\/span><\/span>\u00a0Pesto jsem pou\u017eila na t\u011bstoviny (kupovan\u00e9 v&nbsp;Bezobalu), ale ur\u010dit\u011b bude v\u00fdborn\u00e9 i&nbsp;na chleba.<\/p>\n<p>Chutn\u00e1 to p\u0159ekvapiv\u011b fakt dob\u0159e, i&nbsp;synovi chutnalo\u00a0<span class=\"_47e3 _5mfr\" title=\"Emotikona smile\"><span class=\"_7oe\" aria-hidden=\"true\">\ud83d\ude42<\/span><\/span><\/span><\/p>\n<h3>P\u016fvodn\u00ed p\u0159\u00edsp\u011bvek zde:<\/h3>\n<div class=\"fb-post wptime-fb-post-embed\" data-href=\"https:\/\/www.facebook.com\/redukujemeodpad\/photos\/a.639284676278193.1073741828.639281652945162\/691925777680749\/?type=3&amp;theater\" style=\"margin-bottom:30px;\"><\/div>\n","protected":false},"excerpt":{"rendered":"<p>\u0158edkvi\u010dky j\u00edme r\u00e1di a&nbsp;posledn\u00ed dobou docela \u010dasto, ale dlouho jsem hledala odvahu na to zpracovat jejich listy a&nbsp;v\u017edy jsem je nemilosrdn\u011b h\u00e1zela do kompostu. Proto\u017ee u\u017e jsem vid\u011bla n\u011bjak\u00e9 recepty na pesto z&nbsp;\u0159edkvi\u010dek, rozhodla jsem se, \u017ee to dnes vyzkou\u0161\u00edm. Inspirovala jsem se t\u00edmto receptem:\u00a0http:\/\/zachranjidlo.cz\/recepty\/pesto-z-dynovych-semen-a-redkvickovych-listu\/\u00a0Nam\u00edsto d\u00fd\u0148ov\u00fdch sem\u00ednek jsem pou\u017eila nap\u016fl d\u00fd\u0148ov\u00e1, nap\u016fl slune\u010dnicov\u00e1, ale lze [&hellip;]<\/p>\n","protected":false},"author":1,"featured_media":760,"comment_status":"open","ping_status":"closed","sticky":false,"template":"","format":"standard","meta":{"_monsterinsights_skip_tracking":false,"_monsterinsights_sitenote_active":false,"_monsterinsights_sitenote_note":"","_monsterinsights_sitenote_category":0,"jetpack_post_was_ever_published":false,"footnotes":"","_links_to":"","_links_to_target":""},"categories":[9,29],"tags":[41,42,46,2],"jetpack_featured_media_url":"https:\/\/i0.wp.com\/www.reduca.cz\/blog\/wp-content\/uploads\/2017\/10\/pesto1.jpg?fit=3464%2C2309&ssl=1","jetpack_sharing_enabled":true,"jetpack_shortlink":"https:\/\/wp.me\/p9d4BP-ce","jetpack_likes_enabled":false,"jetpack-related-posts":[{"id":1034,"url":"https:\/\/www.reduca.cz\/blog\/den-devadesaty-sesty-zelenina-stokrat-jinak\/","url_meta":{"origin":758,"position":0},"title":"Den devades\u00e1t\u00fd \u0161est\u00fd &#8211; zelenina stokr\u00e1t jinak","date":"5. 4. 2017","format":false,"excerpt":"Psali jste, \u017ee n\u011bjak\u00e9 zero waste recepty by se v\u00e1m hodily. Te\u010f je obdob\u00ed cuket, n\u00e1m se zas povedlo doma nashrom\u00e1\u017edit jich dokonce 8, a tak lov\u00edm recepty ze v\u0161ech kout\u016f internetu, abych je zpracovala chutn\u00fdm zp\u016fsobem\u00a0:) Cuketu na sladko jsem d\u011blala poprv\u00e9 teprve p\u0159edminul\u00fd t\u00fdden, kdy\u017e jsem mamince cht\u011bla\u2026","rel":"","context":"In &quot;Den\u00ed\u010dek na\u0161\u00ed dom\u00e1cnosti&quot;","img":{"alt_text":"","src":"https:\/\/i0.wp.com\/www.reduca.cz\/blog\/wp-content\/uploads\/2017\/11\/kolac.jpg?fit=1200%2C800&ssl=1&resize=350%2C200","width":350,"height":200},"classes":[]},{"id":1054,"url":"https:\/\/www.reduca.cz\/blog\/102-radeji-domaci-nez-v-obalu\/","url_meta":{"origin":758,"position":1},"title":"#102 &#8211; rad\u011bji dom\u00e1c\u00ed ne\u017e v&nbsp;obalu","date":"11. 4. 2017","format":false,"excerpt":"M\u011bla jsem chu\u0165 na po\u0159\u00e1dn\u00e1 burritos s fazolemi, k \u010demu\u017e nepochybn\u011b pat\u0159\u00ed i tortilla. A\u010dkoliv mi kupovan\u00e9 tortilly docela chutnaj\u00ed, nakoupit je bezobalov\u011b je podle m\u011b nemo\u017en\u00e9, nav\u00edc slo\u017een\u00ed nen\u00ed v\u017edycky \u017e\u00e1dn\u00e1 hitpar\u00e1da. \u010casto a r\u00e1da se inspiruji recepty od\u00a0Kitchenette, jsou srozumiteln\u00e9, chutn\u00e9 a na fotk\u00e1ch vypadaj\u00ed v\u017edy k se\u017er\u00e1n\u00ed.\u2026","rel":"","context":"In &quot;Den\u00ed\u010dek na\u0161\u00ed dom\u00e1cnosti&quot;","img":{"alt_text":"","src":"https:\/\/i0.wp.com\/www.reduca.cz\/blog\/wp-content\/uploads\/2017\/11\/tortily.jpg?fit=1200%2C800&ssl=1&resize=350%2C200","width":350,"height":200},"classes":[]},{"id":705,"url":"https:\/\/www.reduca.cz\/blog\/vareni-s-minimem-odpadu\/","url_meta":{"origin":758,"position":2},"title":"#124 &#8211; va\u0159en\u00ed s&nbsp;minimem odpadu","date":"2. 5. 2017","format":false,"excerpt":"Ani po t\u0159i \u010dtvrt\u011b roce nejsem schopn\u00e1 za\u010d\u00edt si ps\u00e1t j\u00eddeln\u00ed\u010dek. N\u011bjak na to nem\u00e1me doma bu\u0148ky. Jak tedy va\u0159\u00edm? Proto\u017ee si nos\u00edme pod\u00edly z KPZ, \u010dasto nem\u016f\u017eu dop\u0159edu odhadnout, co budeme m\u00edt k dispozici. Zeleninu dokupuji bu\u010f v bl\u00edzk\u00e9m zahradnictv\u00ed, kde v\u00e1m ji natrhaj\u00ed p\u0159\u00edmo ze zahrady, anebo v\u2026","rel":"","context":"In &quot;Den\u00ed\u010dek na\u0161\u00ed dom\u00e1cnosti&quot;","img":{"alt_text":"","src":"https:\/\/i0.wp.com\/www.reduca.cz\/blog\/wp-content\/uploads\/2017\/10\/IMG_8831.jpg?fit=1200%2C800&ssl=1&resize=350%2C200","width":350,"height":200},"classes":[]},{"id":817,"url":"https:\/\/www.reduca.cz\/blog\/den-osmdesaty-druhy-vareni-bez-obalu\/","url_meta":{"origin":758,"position":3},"title":"Den osmdes\u00e1t\u00fd druh\u00fd &#8211; va\u0159en\u00ed bez obal\u016f","date":"22. 3. 2017","format":false,"excerpt":"Nikdy jsem nebyla moc dobr\u00e1 kucha\u0159ka. Va\u0159en\u00ed m\u011b moc nebav\u00ed, v\u017edycky nakouknu do ledni\u010dky a ud\u011bl\u00e1m sm\u011bs od oka, kter\u00e1 zabere p\u00e1r minut. Sem tam ale hled\u00e1m inspiraci, zad\u00e1m do Googlu p\u00e1r ingredienc\u00ed, kter\u00e9 jsou doma k dispozici a kucht\u00edm dle receptu. Mnoho lid\u00ed m\u00e1 pocit, \u017ee nejde va\u0159it jen\u2026","rel":"","context":"In &quot;Den\u00ed\u010dek na\u0161\u00ed dom\u00e1cnosti&quot;","img":{"alt_text":"","src":"https:\/\/i0.wp.com\/www.reduca.cz\/blog\/wp-content\/uploads\/2017\/10\/kvetak-e1508418918674.jpg?fit=686%2C434&ssl=1&resize=350%2C200","width":350,"height":200},"classes":[]},{"id":275,"url":"https:\/\/www.reduca.cz\/blog\/den-sestnacty-rostlinne-mleko\/","url_meta":{"origin":758,"position":4},"title":"Den \u0161estn\u00e1ct\u00fd &#8211; rostlinn\u00e9 ml\u00e9ko","date":"15. 1. 2017","format":false,"excerpt":"U\u017e dlouhou dobu d\u00e1v\u00e1m p\u0159ednost ml\u00e9k\u016fm rostlinn\u00fdm p\u0159ed t\u00edm kravsk\u00fdm. D\u0159\u00edv jsem kupovala rostlinn\u00e9 ml\u00e9ko v krabici, proto\u017ee se mi zd\u00e1lo, \u017ee m\u00e1 lep\u0161\u00ed chu\u0165. Co jsem ale vylep\u0161ila sv\u016fj dom\u00e1c\u00ed recept, u\u017e si na ml\u00e9ko z krabice ani nevzpomenu - ale vlastn\u011b jo, vzpomenu, proto\u017ee jsem \u0161\u0165astn\u00e1, \u017ee ji\u2026","rel":"","context":"In &quot;Den\u00ed\u010dek na\u0161\u00ed dom\u00e1cnosti&quot;","img":{"alt_text":"","src":"https:\/\/i0.wp.com\/www.reduca.cz\/blog\/wp-content\/uploads\/2017\/09\/mleko3.jpg?fit=800%2C1200&ssl=1&resize=350%2C200","width":350,"height":200},"classes":[]},{"id":584,"url":"https:\/\/www.reduca.cz\/blog\/den-tricaty-osmy-domaci-pomazanka\/","url_meta":{"origin":758,"position":5},"title":"Den t\u0159ic\u00e1t\u00fd osm\u00fd &#8211; dom\u00e1c\u00ed pomaz\u00e1nka","date":"6. 2. 2017","format":false,"excerpt":"J\u00edst jen chleba se s\u00fdrem nebo \u0161unkou n\u00e1s u\u017e nebav\u00ed. Proto\u017ee nechci kupovat pomaz\u00e1nky v hlin\u00edku \u010di plastu, p\u0159i\u0161la na \u0159adu dom\u00e1c\u00ed v\u00fdroba (ke kter\u00e9 se u\u017e n\u011bjakou dobu odhodl\u00e1v\u00e1m, proto\u017ee doposud byly m\u00e9 dom\u00e1c\u00ed pomaz\u00e1nky sp\u00ed\u0161e fiasko\u00a0 Dnes jsem zkusila pomaz\u00e1nku z \u010derven\u00e9 \u010do\u010dky. Inspirovala jsem se receptem zde:http:\/\/www.margit.cz\/co-na-snidane-a-svaciny\/\u00a0a\u2026","rel":"","context":"In &quot;Den\u00ed\u010dek na\u0161\u00ed dom\u00e1cnosti&quot;","img":{"alt_text":"","src":"https:\/\/i0.wp.com\/www.reduca.cz\/blog\/wp-content\/uploads\/2017\/02\/pomazanka3.jpg?fit=1200%2C800&ssl=1&resize=350%2C200","width":350,"height":200},"classes":[]}],"_links":{"self":[{"href":"https:\/\/www.reduca.cz\/blog\/wp-json\/wp\/v2\/posts\/758"}],"collection":[{"href":"https:\/\/www.reduca.cz\/blog\/wp-json\/wp\/v2\/posts"}],"about":[{"href":"https:\/\/www.reduca.cz\/blog\/wp-json\/wp\/v2\/types\/post"}],"author":[{"embeddable":true,"href":"https:\/\/www.reduca.cz\/blog\/wp-json\/wp\/v2\/users\/1"}],"replies":[{"embeddable":true,"href":"https:\/\/www.reduca.cz\/blog\/wp-json\/wp\/v2\/comments?post=758"}],"version-history":[{"count":1,"href":"https:\/\/www.reduca.cz\/blog\/wp-json\/wp\/v2\/posts\/758\/revisions"}],"predecessor-version":[{"id":761,"href":"https:\/\/www.reduca.cz\/blog\/wp-json\/wp\/v2\/posts\/758\/revisions\/761"}],"wp:featuredmedia":[{"embeddable":true,"href":"https:\/\/www.reduca.cz\/blog\/wp-json\/wp\/v2\/media\/760"}],"wp:attachment":[{"href":"https:\/\/www.reduca.cz\/blog\/wp-json\/wp\/v2\/media?parent=758"}],"wp:term":[{"taxonomy":"category","embeddable":true,"href":"https:\/\/www.reduca.cz\/blog\/wp-json\/wp\/v2\/categories?post=758"},{"taxonomy":"post_tag","embeddable":true,"href":"https:\/\/www.reduca.cz\/blog\/wp-json\/wp\/v2\/tags?post=758"}],"curies":[{"name":"wp","href":"https:\/\/api.w.org\/{rel}","templated":true}]}}