{"id":755,"date":"2017-03-05T14:40:44","date_gmt":"2017-03-05T13:40:44","guid":{"rendered":"https:\/\/www.reduca.cz\/blog\/?p=755"},"modified":"2017-10-19T17:20:43","modified_gmt":"2017-10-19T15:20:43","slug":"den-sedesaty-paty-lufa","status":"publish","type":"post","link":"https:\/\/www.reduca.cz\/blog\/den-sedesaty-paty-lufa\/","title":{"rendered":"Den \u0161edes\u00e1t\u00fd p\u00e1t\u00fd &#8211; lufa"},"content":{"rendered":"<p>Kone\u010dn\u011b (a&nbsp;poprv\u00e9) m\u00e1m doma lufu na myt\u00ed n\u00e1dob\u00ed. Zat\u00edm jsme se jen rychle sezn\u00e1mily, ona se na m\u011b nafoukla, zato u\u017e nen\u00ed takov\u00e1 tvr\u010fa\u010dka jako na za\u010d\u00e1tku, mysl\u00edm, \u017ee jsem ji obm\u011bk\u010dila. Douf\u00e1m, \u017ee spolu za\u017eijeme hezk\u00e9 dny\u00a0<span class=\"_47e3 _5mfr\" title=\"Emotikona smile\"><span class=\"_7oe\" aria-hidden=\"true\">\ud83d\ude42<\/span><\/span><\/p>\n<p>Jak myjete n\u00e1dob\u00ed ru\u010dn\u011b vy? A&nbsp;pod\u011bl\u00edte se o&nbsp;to, jak m\u00e1te va\u0161i houbi\u010dku na lince skladovanou? Hled\u00e1m inspiraci\u00a0<span class=\"_47e3 _5mfr\" title=\"Emotikona smile\"><span class=\"_7oe\" aria-hidden=\"true\">\ud83d\ude42<\/span><\/span><\/p>\n<h3>P\u016fvodn\u00ed p\u0159\u00edsp\u011bvek zde:<\/h3>\n<div class=\"fb-post wptime-fb-post-embed\" data-href=\"https:\/\/www.facebook.com\/redukujemeodpad\/photos\/a.639284676278193.1073741828.639281652945162\/690948597778467\/?type=3&amp;theater\" style=\"margin-bottom:30px;\"><\/div>\n","protected":false},"excerpt":{"rendered":"<p>Kone\u010dn\u011b (a&nbsp;poprv\u00e9) m\u00e1m doma lufu na myt\u00ed n\u00e1dob\u00ed. Zat\u00edm jsme se jen rychle sezn\u00e1mily, ona se na m\u011b nafoukla, zato u\u017e nen\u00ed takov\u00e1 tvr\u010fa\u010dka jako na za\u010d\u00e1tku, mysl\u00edm, \u017ee jsem ji obm\u011bk\u010dila. Douf\u00e1m, \u017ee spolu za\u017eijeme hezk\u00e9 dny\u00a0\ud83d\ude42 Jak myjete n\u00e1dob\u00ed ru\u010dn\u011b vy? A&nbsp;pod\u011bl\u00edte se o&nbsp;to, jak m\u00e1te va\u0161i houbi\u010dku na lince skladovanou? Hled\u00e1m inspiraci\u00a0\ud83d\ude42 [&hellip;]<\/p>\n","protected":false},"author":1,"featured_media":756,"comment_status":"open","ping_status":"closed","sticky":false,"template":"","format":"standard","meta":{"_monsterinsights_skip_tracking":false,"_monsterinsights_sitenote_active":false,"_monsterinsights_sitenote_note":"","_monsterinsights_sitenote_category":0,"jetpack_post_was_ever_published":false,"footnotes":"","_links_to":"","_links_to_target":""},"categories":[9],"tags":[42,73,58,72,34,2],"jetpack_featured_media_url":"https:\/\/i0.wp.com\/www.reduca.cz\/blog\/wp-content\/uploads\/2017\/10\/lufa.jpg?fit=3464%2C2309&ssl=1","jetpack_sharing_enabled":true,"jetpack_shortlink":"https:\/\/wp.me\/p9d4BP-cb","jetpack_likes_enabled":true,"jetpack-related-posts":[{"id":845,"url":"https:\/\/www.reduca.cz\/blog\/den-devadesaty-diy-hackovana-houbicka\/","url_meta":{"origin":755,"position":0},"title":"Den devades\u00e1t\u00fd &#8211; DIY h\u00e1\u010dkovan\u00e1 houbi\u010dka","date":"30. 3. 2017","format":false,"excerpt":"A\u010dkoli je lufa fajn prost\u0159edek na myt\u00ed n\u00e1dob\u00ed, n\u011bkdy zkr\u00e1tka nesta\u010d\u00ed. Nerada s n\u00ed myji nap\u0159\u00edklad spor\u00e1k a man\u017eel se j\u00ed vyh\u00fdb\u00e1 \u00fapln\u011b. To byl d\u016fvod, pro\u010d jsem hledala n\u011bjakou jinou variantu, kter\u00e1 by se v na\u0161\u00ed dom\u00e1cnosti uchytila. Kdy\u017e jsem narazila na n\u00e1vod, jak uh\u00e1\u010dkovat vlastn\u00ed houbi\u010dku na n\u00e1dob\u00ed,\u2026","rel":"","context":"In &quot;Den\u00ed\u010dek na\u0161\u00ed dom\u00e1cnosti&quot;","img":{"alt_text":"","src":"https:\/\/i0.wp.com\/www.reduca.cz\/blog\/wp-content\/uploads\/2017\/10\/houbicka-e1508426179698.jpg?fit=1200%2C965&ssl=1&resize=350%2C200","width":350,"height":200},"classes":[]},{"id":2136,"url":"https:\/\/www.reduca.cz\/blog\/jak-vyzrat-na-nadobi-ekologicky\/","url_meta":{"origin":755,"position":1},"title":"Jak vyzr\u00e1t na n\u00e1dob\u00ed ekologicky","date":"28. 2. 2019","format":false,"excerpt":"Spo\u010d\u00edtali jste n\u011bkdy, kolik jste za \u017eivot vyhodili houbi\u010dek na n\u00e1dob\u00ed? A p\u0159em\u00fd\u0161leli jste n\u011bkdy nad t\u00edm, jak\u00e9 l\u00e1tky vypou\u0161t\u00edte do na\u0161ich vod, kdy\u017e myjete n\u00e1dob\u00ed?","rel":"","context":"In &quot;Kuchy\u0148&quot;","img":{"alt_text":"","src":"https:\/\/i0.wp.com\/www.reduca.cz\/blog\/wp-content\/uploads\/2019\/02\/kuchyn.jpg?fit=1200%2C800&ssl=1&resize=350%2C200","width":350,"height":200},"classes":[]},{"id":1125,"url":"https:\/\/www.reduca.cz\/blog\/120-houbicky-na-myti\/","url_meta":{"origin":755,"position":2},"title":"#120 &#8211; houbi\u010dky na myt\u00ed","date":"28. 4. 2017","format":false,"excerpt":"Tak jsem zas \u0161\u00e1hla vedle... Cht\u011bla jsem koupit n\u011bjakou udr\u017eiteln\u011bj\u0161\u00ed houbi\u010dku pro m\u00e9ho mu\u017ee, kter\u00e9mu lufa nevyhovuje, a m\u016fj h\u00e1\u010dkovan\u00fd pokus nebyl \u00fapln\u011b ono. A v obchod\u011b mi nam\u00edsto t\u00e9, kter\u00e9 jsem cht\u011bla, dali tyto. Sice ze 100% recyklovateln\u00e9ho materi\u00e1lu, ale ne prateln\u00e9, tak\u017ee po pou\u017eit\u00ed zase do sm\u011bsn\u00e9ho odpadu\u00a0:(\u2026","rel":"","context":"In &quot;Den\u00ed\u010dek na\u0161\u00ed dom\u00e1cnosti&quot;","img":{"alt_text":"","src":"https:\/\/i0.wp.com\/www.reduca.cz\/blog\/wp-content\/uploads\/2017\/11\/houbicka3.jpg?fit=1200%2C800&ssl=1&resize=350%2C200","width":350,"height":200},"classes":[]},{"id":1254,"url":"https:\/\/www.reduca.cz\/blog\/128-staronove-nadobi\/","url_meta":{"origin":755,"position":3},"title":"#128 &#8211; (staro)nov\u00e9 n\u00e1dob\u00ed","date":"6. 5. 2017","format":false,"excerpt":"Snad skoro ka\u017ed\u00e1 dom\u00e1cnost m\u00e1 nadbytek hrn\u00ed\u010dk\u016f. My jich m\u011bli nedostatek. Ne\u017e chodit do obchod\u016f a nakupovat nov\u00e9 za zbyte\u010dn\u00e9 pen\u00edze jsem si \u0159ekla, \u017ee se rad\u011bji popt\u00e1m v okol\u00ed, jestli se n\u011bkdo nechce sv\u00fdch star\u00fdch zbavit - ze zku\u0161enost\u00ed toti\u017e v\u00edm, \u017ee skoro v\u0161ude jsou n\u011bjak\u00e9 hrn\u00ed\u010dky nav\u00edc, kter\u00e9\u2026","rel":"","context":"In &quot;Den\u00ed\u010dek na\u0161\u00ed dom\u00e1cnosti&quot;","img":{"alt_text":"","src":"https:\/\/i0.wp.com\/www.reduca.cz\/blog\/wp-content\/uploads\/2017\/12\/hrnicky.jpg?fit=1200%2C800&ssl=1&resize=350%2C200","width":350,"height":200},"classes":[]},{"id":1689,"url":"https:\/\/www.reduca.cz\/blog\/zazrak-jmenem-perkarbonat\/","url_meta":{"origin":755,"position":4},"title":"Z\u00e1zrak jm\u00e9nem perkarbon\u00e1t","date":"2. 8. 2018","format":false,"excerpt":"J\u00f3 ekologicky \u010distit. Ale co si po\u010d\u00edt bez Sava? Jak vyb\u011blit b\u00edl\u00e9 pr\u00e1dlo, jak odstranit zapran\u00e9 skvrny organick\u00e9ho p\u016fvodu, jak dezinfikovat koupelnu anebo jak vy\u010distit p\u0159ip\u00e1len\u00fd hrnec? V\u0161e m\u00e1 spole\u010dn\u00fd jmenovatel - perkarbon\u00e1t sodn\u00fd. Perkarbon\u00e1t sodn\u00fd, jinak naz\u00fdv\u00e1n peruhli\u010ditan nebo peroxouhli\u010ditan sodn\u00fd, je slou\u010denina uhli\u010ditanu sodn\u00e9ho (kter\u00fd m\u016f\u017eete zn\u00e1t tak\u00e9\u2026","rel":"","context":"In &quot;Koupelna&quot;","img":{"alt_text":"","src":"https:\/\/i0.wp.com\/www.reduca.cz\/blog\/wp-content\/uploads\/2018\/07\/23333990_793752327498093_5592531473777688762_o.jpg?fit=1200%2C800&ssl=1&resize=350%2C200","width":350,"height":200},"classes":[]},{"id":1653,"url":"https:\/\/www.reduca.cz\/blog\/132-staceny-prostredek-na-nadobi\/","url_meta":{"origin":755,"position":5},"title":"#132 &#8211; St\u00e1\u010den\u00fd prost\u0159edek na n\u00e1dob\u00ed","date":"10. 5. 2017","format":false,"excerpt":"Na v\u00fdrobu dom\u00e1c\u00edho \"jaru\" si zat\u00edm n\u011bjak netrouf\u00e1m. D\u00e1v\u00e1m p\u0159ednost ekologick\u00e9mu \u010dist\u00edc\u00edmu prost\u0159edku zna\u010dky Sonett, kter\u00fd p\u011bn\u00ed podobn\u011b jako klasick\u00fd jar a nen\u00ed to tedy takov\u00fd \u0161ok pro lidi zvykl\u00e9 na klasiku (vysv\u011btlov\u00e1n\u00ed, \u017ee to nemus\u00ed p\u011bnit, aby to mylo, se v\u017edy nesetk\u00e1 s \u00fasp\u011bchem :)\u00a0). D\u00edky\u00a0Br\u00e1na ke zdrav\u00ed -\u2026","rel":"","context":"In &quot;Den\u00ed\u010dek na\u0161\u00ed dom\u00e1cnosti&quot;","img":{"alt_text":"","src":"https:\/\/i0.wp.com\/www.reduca.cz\/blog\/wp-content\/uploads\/2018\/07\/26233129_821212158085443_5074961083688572804_o.jpg?fit=800%2C1200&ssl=1&resize=350%2C200","width":350,"height":200},"classes":[]}],"_links":{"self":[{"href":"https:\/\/www.reduca.cz\/blog\/wp-json\/wp\/v2\/posts\/755"}],"collection":[{"href":"https:\/\/www.reduca.cz\/blog\/wp-json\/wp\/v2\/posts"}],"about":[{"href":"https:\/\/www.reduca.cz\/blog\/wp-json\/wp\/v2\/types\/post"}],"author":[{"embeddable":true,"href":"https:\/\/www.reduca.cz\/blog\/wp-json\/wp\/v2\/users\/1"}],"replies":[{"embeddable":true,"href":"https:\/\/www.reduca.cz\/blog\/wp-json\/wp\/v2\/comments?post=755"}],"version-history":[{"count":1,"href":"https:\/\/www.reduca.cz\/blog\/wp-json\/wp\/v2\/posts\/755\/revisions"}],"predecessor-version":[{"id":757,"href":"https:\/\/www.reduca.cz\/blog\/wp-json\/wp\/v2\/posts\/755\/revisions\/757"}],"wp:featuredmedia":[{"embeddable":true,"href":"https:\/\/www.reduca.cz\/blog\/wp-json\/wp\/v2\/media\/756"}],"wp:attachment":[{"href":"https:\/\/www.reduca.cz\/blog\/wp-json\/wp\/v2\/media?parent=755"}],"wp:term":[{"taxonomy":"category","embeddable":true,"href":"https:\/\/www.reduca.cz\/blog\/wp-json\/wp\/v2\/categories?post=755"},{"taxonomy":"post_tag","embeddable":true,"href":"https:\/\/www.reduca.cz\/blog\/wp-json\/wp\/v2\/tags?post=755"}],"curies":[{"name":"wp","href":"https:\/\/api.w.org\/{rel}","templated":true}]}}