{"id":672,"date":"2017-02-23T13:43:58","date_gmt":"2017-02-23T12:43:58","guid":{"rendered":"https:\/\/www.reduca.cz\/blog\/?p=672"},"modified":"2017-10-04T13:45:43","modified_gmt":"2017-10-04T11:45:43","slug":"den-padesaty-paty-horcice","status":"publish","type":"post","link":"https:\/\/www.reduca.cz\/blog\/den-padesaty-paty-horcice\/","title":{"rendered":"Den pades\u00e1t\u00fd p\u00e1t\u00fd &#8211; ho\u0159\u010dice"},"content":{"rendered":"<p>Pokud \u010dlov\u011bk nese\u017eene st\u00e1\u010den\u00fd ocet (co\u017e se mi zat\u00edm nepovedlo) nebo si nevyrob\u00ed doma vlastn\u00ed (na co\u017e jsem zat\u00edm nem\u011bla odvahu), mysl\u00edm, \u017ee nen\u00ed a\u017e tak podstatn\u00fd rozd\u00edl mezi t\u00edm, jestli se koup\u00ed ocet v&nbsp;l\u00e1hvi nebo ho\u0159\u010dice ve&nbsp;skleni\u010dce. Nicm\u00e9n\u011b Bea ve&nbsp;sv\u00e9 kn\u00ed\u017ece dom\u00e1c\u00ed ho\u0159\u010dici z<span class=\"text_exposed_show\">m\u00ednila a&nbsp;j\u00e1 ji cht\u011bla vyzkou\u0161et.<\/p>\n<p>Vzhledem k&nbsp;tomu, \u017ee m\u00e1m velice opakovanou zku\u0161enost s&nbsp;nezda\u0159il\u00fdmi prvn\u00edmi pokusy, za\u010dala jsem s&nbsp;opravdu malou testovac\u00ed d\u00e1vkou &#8211; a&nbsp;m\u00e9 rozhodnut\u00ed se uk\u00e1zalo jako spr\u00e1vn\u00e9.<\/p>\n<p>Recept byl (upraven na \u010dtvrtinu):<br \/>\n25&nbsp;g ho\u0159\u010di\u010dn\u00e9ho sem\u00ednka<br \/>\n60 ml jable\u010dn\u00e9ho octa (5%, 10 ml na\u0159ed\u011bno vodou)<br \/>\n1 l\u017e\u00edce medu<br \/>\n\u0161petka soli<\/p>\n<p>A ho\u0159\u010dice m\u00e1 teda fakt gr\u00e1dy. N\u011bkomu, kdo je zvykl\u00fd na klasickou plnotu\u010dnou bych j\u00ed asi fakt nenab\u00edzela\u00a0<span class=\"_47e3 _5mfr\" title=\"Emotikona smile\"><span class=\"_7oe\" aria-hidden=\"true\">\ud83d\ude42<\/span><\/span><\/p>\n<p>Pod\u011bl\u00edte se o&nbsp;va\u0161e zku\u0161enosti s&nbsp;dom\u00e1c\u00ed ho\u0159\u010dic\u00ed? Nebo osv\u011bd\u010den\u00fdmi recepty?<\/span><\/p>\n<h3>P\u016fvodn\u00ed p\u0159\u00edsp\u011bvek zde:<\/h3>\n<div class=\"fb-post wptime-fb-post-embed\" data-href=\"https:\/\/www.facebook.com\/redukujemeodpad\/photos\/a.639284676278193.1073741828.639281652945162\/681852652021395\/?type=3&amp;theater\" style=\"margin-bottom:30px;\"><\/div>\n","protected":false},"excerpt":{"rendered":"<p>Pokud \u010dlov\u011bk nese\u017eene st\u00e1\u010den\u00fd ocet (co\u017e se mi zat\u00edm nepovedlo) nebo si nevyrob\u00ed doma vlastn\u00ed (na co\u017e jsem zat\u00edm nem\u011bla odvahu), mysl\u00edm, \u017ee nen\u00ed a\u017e tak podstatn\u00fd rozd\u00edl mezi t\u00edm, jestli se koup\u00ed ocet v&nbsp;l\u00e1hvi nebo ho\u0159\u010dice ve&nbsp;skleni\u010dce. Nicm\u00e9n\u011b Bea ve&nbsp;sv\u00e9 kn\u00ed\u017ece dom\u00e1c\u00ed ho\u0159\u010dici zm\u00ednila a&nbsp;j\u00e1 ji cht\u011bla vyzkou\u0161et. Vzhledem k&nbsp;tomu, \u017ee m\u00e1m velice opakovanou [&hellip;]<\/p>\n","protected":false},"author":1,"featured_media":673,"comment_status":"open","ping_status":"closed","sticky":false,"template":"","format":"standard","meta":{"_monsterinsights_skip_tracking":false,"_monsterinsights_sitenote_active":false,"_monsterinsights_sitenote_note":"","_monsterinsights_sitenote_category":0,"jetpack_post_was_ever_published":false,"footnotes":"","_links_to":"","_links_to_target":""},"categories":[9,29],"tags":[41,42,46,34,2],"jetpack_featured_media_url":"https:\/\/i0.wp.com\/www.reduca.cz\/blog\/wp-content\/uploads\/2017\/10\/horcice3.jpg?fit=3293%2C2195&ssl=1","jetpack_sharing_enabled":true,"jetpack_shortlink":"https:\/\/wp.me\/p9d4BP-aQ","jetpack_likes_enabled":true,"jetpack-related-posts":[{"id":822,"url":"https:\/\/www.reduca.cz\/blog\/den-osmdesaty-treti-darovany-rybiz\/","url_meta":{"origin":672,"position":0},"title":"Den osmdes\u00e1t\u00fd t\u0159et\u00ed &#8211; darovan\u00fd ryb\u00edz","date":"23. 3. 2017","format":false,"excerpt":"Co pova\u017euji na t\u00e9hle dob\u011b za geni\u00e1ln\u00ed, je, \u017ee se lze spojit i s lidmi, se kter\u00fdmi n\u00e1s d\u011bl\u00ed nejen kilometry, ale t\u0159eba i n\u00e1zorov\u00e9 p\u0159esv\u011bd\u010den\u00ed, rodinn\u00e9 uspo\u0159\u00e1d\u00e1n\u00ed anebo p\u0159\u00edrodn\u00ed zdroje. Dostala jsem hroznou chu\u0165 na ryb\u00edzov\u00fd kol\u00e1\u010d, ale ryb\u00edz k dispozici nikde nem\u00e1m. Kdy\u017e jsem nakupovala ovoce a zeleninu\u2026","rel":"","context":"In &quot;Den\u00ed\u010dek na\u0161\u00ed dom\u00e1cnosti&quot;","img":{"alt_text":"","src":"https:\/\/i0.wp.com\/www.reduca.cz\/blog\/wp-content\/uploads\/2017\/10\/rybiz1.jpg?fit=1200%2C800&ssl=1&resize=350%2C200","width":350,"height":200},"classes":[]},{"id":275,"url":"https:\/\/www.reduca.cz\/blog\/den-sestnacty-rostlinne-mleko\/","url_meta":{"origin":672,"position":1},"title":"Den \u0161estn\u00e1ct\u00fd &#8211; rostlinn\u00e9 ml\u00e9ko","date":"15. 1. 2017","format":false,"excerpt":"U\u017e dlouhou dobu d\u00e1v\u00e1m p\u0159ednost ml\u00e9k\u016fm rostlinn\u00fdm p\u0159ed t\u00edm kravsk\u00fdm. D\u0159\u00edv jsem kupovala rostlinn\u00e9 ml\u00e9ko v krabici, proto\u017ee se mi zd\u00e1lo, \u017ee m\u00e1 lep\u0161\u00ed chu\u0165. Co jsem ale vylep\u0161ila sv\u016fj dom\u00e1c\u00ed recept, u\u017e si na ml\u00e9ko z krabice ani nevzpomenu - ale vlastn\u011b jo, vzpomenu, proto\u017ee jsem \u0161\u0165astn\u00e1, \u017ee ji\u2026","rel":"","context":"In &quot;Den\u00ed\u010dek na\u0161\u00ed dom\u00e1cnosti&quot;","img":{"alt_text":"","src":"https:\/\/i0.wp.com\/www.reduca.cz\/blog\/wp-content\/uploads\/2017\/09\/mleko3.jpg?fit=800%2C1200&ssl=1&resize=350%2C200","width":350,"height":200},"classes":[]},{"id":2136,"url":"https:\/\/www.reduca.cz\/blog\/jak-vyzrat-na-nadobi-ekologicky\/","url_meta":{"origin":672,"position":2},"title":"Jak vyzr\u00e1t na n\u00e1dob\u00ed ekologicky","date":"28. 2. 2019","format":false,"excerpt":"Spo\u010d\u00edtali jste n\u011bkdy, kolik jste za \u017eivot vyhodili houbi\u010dek na n\u00e1dob\u00ed? A p\u0159em\u00fd\u0161leli jste n\u011bkdy nad t\u00edm, jak\u00e9 l\u00e1tky vypou\u0161t\u00edte do na\u0161ich vod, kdy\u017e myjete n\u00e1dob\u00ed?","rel":"","context":"In &quot;Kuchy\u0148&quot;","img":{"alt_text":"","src":"https:\/\/i0.wp.com\/www.reduca.cz\/blog\/wp-content\/uploads\/2019\/02\/kuchyn.jpg?fit=1200%2C800&ssl=1&resize=350%2C200","width":350,"height":200},"classes":[]},{"id":1031,"url":"https:\/\/www.reduca.cz\/blog\/den-devadesaty-paty-domaci-kecup\/","url_meta":{"origin":672,"position":3},"title":"Den devades\u00e1t\u00fd p\u00e1t\u00fd &#8211; dom\u00e1c\u00ed ke\u010dup","date":"4. 4. 2017","format":false,"excerpt":"Se\u0161lo se n\u00e1m doma n\u011bjak hodn\u011b (dom\u00e1c\u00edch) raj\u010dat. Proto\u017ee raj\u010data miluji a experimenty se zava\u0159ov\u00e1n\u00edm jsou te\u010f u n\u00e1s na denn\u00edm po\u0159\u00e1dku, vrhla jsem se do tvorby dom\u00e1c\u00edho ke\u010dupu. Recept jsem vykoukala na internetu n\u00e1sleduj\u00edc\u00ed: KE\u010cUP 2 kg raj\u010dat (na \u010dtvrtky) 250 g jablek (na \u010dtvrtky) 150 \u2013 200 g\u2026","rel":"","context":"In &quot;Den\u00ed\u010dek na\u0161\u00ed dom\u00e1cnosti&quot;","img":{"alt_text":"","src":"https:\/\/i0.wp.com\/www.reduca.cz\/blog\/wp-content\/uploads\/2017\/11\/kecup1.jpg?fit=1200%2C800&ssl=1&resize=350%2C200","width":350,"height":200},"classes":[]},{"id":666,"url":"https:\/\/www.reduca.cz\/blog\/den-padesaty-treti-uctenky\/","url_meta":{"origin":672,"position":4},"title":"Den pades\u00e1t\u00fd t\u0159et\u00ed &#8211; \u00fa\u010dtenky","date":"21. 2. 2017","format":false,"excerpt":"Dnes na\u010dnu sv\u00e9 citliv\u00e9 t\u00e9ma. Cel\u00fd sv\u016fj dosp\u011bl\u00fd \u017eivot toti\u017e st\u0159\u00e1d\u00e1m \u00fa\u010dtenky - (skoro) poctiv\u011b si toti\u017e vedu dom\u00e1c\u00ed \u00fa\u010detnictv\u00ed a \u00fa\u010dtenky mi v\u017edy umo\u017e\u0148ovaly jednoduchou orientaci ve financ\u00edch, proto\u017ee jsem nikdy nebyla schopn\u00e1 zapsat si \u00fapln\u011b ka\u017ed\u00fd n\u00e1kup (nebo n\u00e1v\u0161t\u011bvu restaura\u010dn\u00edho \u010di jin\u00e9ho za\u0159\u00edzen\u00ed), kter\u00fd jsem za den ud\u011blala,\u2026","rel":"","context":"In &quot;Den\u00ed\u010dek na\u0161\u00ed dom\u00e1cnosti&quot;","img":{"alt_text":"","src":"https:\/\/i0.wp.com\/www.reduca.cz\/blog\/wp-content\/uploads\/2017\/10\/uctenky.jpg?fit=1200%2C800&ssl=1&resize=350%2C200","width":350,"height":200},"classes":[]},{"id":5,"url":"https:\/\/www.reduca.cz\/blog\/prvni-mesic-bez-odpadu\/","url_meta":{"origin":672,"position":5},"title":"Prvn\u00ed m\u011bs\u00edc bez odpadu","date":"1. 2. 2017","format":false,"excerpt":"M\u00e1m za sebou 31 dn\u00ed, kdy jsem se sna\u017eila redukovat odpad v na\u0161\u00ed dom\u00e1cnosti. A\u010dkoli to na\u00a0prvn\u00ed pohled vypad\u00e1, \u017ee se p\u0159\u00edli\u0161 nezm\u011bnilo, vlastn\u011b se toho zm\u011bnilo docela dost. Za nejv\u011bt\u0161\u00ed \u00fasp\u011bch pova\u017euji to, \u017ee o na\u0161em odpadu za\u010dal man\u017eel u\u017e aspo\u0148 uva\u017eovat. :) N\u00e1kupy V prv\u00e9 \u0159ad\u011b jsem zm\u011bnila\u2026","rel":"","context":"In &quot;Z na\u0161eho domova&quot;","img":{"alt_text":"","src":"https:\/\/i0.wp.com\/www.reduca.cz\/blog\/wp-content\/uploads\/2017\/02\/wallpaper.jpg?fit=1200%2C797&ssl=1&resize=350%2C200","width":350,"height":200},"classes":[]}],"_links":{"self":[{"href":"https:\/\/www.reduca.cz\/blog\/wp-json\/wp\/v2\/posts\/672"}],"collection":[{"href":"https:\/\/www.reduca.cz\/blog\/wp-json\/wp\/v2\/posts"}],"about":[{"href":"https:\/\/www.reduca.cz\/blog\/wp-json\/wp\/v2\/types\/post"}],"author":[{"embeddable":true,"href":"https:\/\/www.reduca.cz\/blog\/wp-json\/wp\/v2\/users\/1"}],"replies":[{"embeddable":true,"href":"https:\/\/www.reduca.cz\/blog\/wp-json\/wp\/v2\/comments?post=672"}],"version-history":[{"count":1,"href":"https:\/\/www.reduca.cz\/blog\/wp-json\/wp\/v2\/posts\/672\/revisions"}],"predecessor-version":[{"id":674,"href":"https:\/\/www.reduca.cz\/blog\/wp-json\/wp\/v2\/posts\/672\/revisions\/674"}],"wp:featuredmedia":[{"embeddable":true,"href":"https:\/\/www.reduca.cz\/blog\/wp-json\/wp\/v2\/media\/673"}],"wp:attachment":[{"href":"https:\/\/www.reduca.cz\/blog\/wp-json\/wp\/v2\/media?parent=672"}],"wp:term":[{"taxonomy":"category","embeddable":true,"href":"https:\/\/www.reduca.cz\/blog\/wp-json\/wp\/v2\/categories?post=672"},{"taxonomy":"post_tag","embeddable":true,"href":"https:\/\/www.reduca.cz\/blog\/wp-json\/wp\/v2\/tags?post=672"}],"curies":[{"name":"wp","href":"https:\/\/api.w.org\/{rel}","templated":true}]}}