{"id":669,"date":"2017-02-22T13:36:44","date_gmt":"2017-02-22T12:36:44","guid":{"rendered":"https:\/\/www.reduca.cz\/blog\/?p=669"},"modified":"2017-10-04T13:38:56","modified_gmt":"2017-10-04T11:38:56","slug":"den-padesaty-ctvrty-chleb","status":"publish","type":"post","link":"https:\/\/www.reduca.cz\/blog\/den-padesaty-ctvrty-chleb\/","title":{"rendered":"Den pades\u00e1t\u00fd \u010dtvrt\u00fd &#8211; chl\u00e9b"},"content":{"rendered":"<p>Pe\u010den\u00ed dom\u00e1c\u00edho kv\u00e1skov\u00e9ho chleba dost pravd\u011bpodobn\u011b odpad nav\u00edc ani nevytv\u00e1\u0159\u00ed, ani ne\u0161et\u0159\u00ed. Nicm\u00e9n\u011b skv\u011ble chutn\u00e1.\u00a0<span class=\"_47e3 _5mfr\" title=\"Emotikona smile\"><span class=\"_7oe\" aria-hidden=\"true\">\ud83d\ude42<\/span><\/span>\u00a0Pokud se v\u00e1m n\u00e1hodou stane, \u017ee n\u011bjak\u00fd ten kousek zbyde, ztvrdne a&nbsp;na zahrad\u011b nem\u00e1te \u017e\u00e1dn\u00e9 slepi\u010dky (nebo nem\u00e1te ani zahradu), nezkou\u0161ejte ten poklad vyhodit. M\u016f\u017eete jej uml\u00edt na strouhanku a&nbsp;pou\u017e\u00edt t\u0159eba:<\/p>\n<ul>\n<li>k zahu\u0161t\u011bn\u00ed gul\u00e1\u0161e<span class=\"text_exposed_show\"><\/li>\n<li>k pol\u00e9vkov\u00e9 zav\u00e1\u0159ce do zeleninov\u00fdch v\u00fdvar\u016f<\/li>\n<li>p\u0159i va\u0159en\u00ed chlebov\u00e9 pol\u00edvky<\/li>\n<li>na zahu\u0161t\u011bn\u00ed r\u016fzn\u00fdch placi\u010dek<\/li>\n<li>na krutonky<\/li>\n<li>obalit ve&nbsp;vaj\u00ed\u010dku a&nbsp;ud\u011blat topinky ve&nbsp;vaj\u00ed\u010dku<\/li>\n<\/ul>\n<p>anebo jakkoliv jinak, stejn\u011b, jako se vyu\u017e\u00edv\u00e1 klasick\u00e1 strouhanka.<\/p>\n<p>Prost\u011b znovu jej vyu\u017e\u00edt a&nbsp;nevyhazovat.<\/span><\/p>\n<h3>P\u016fvodn\u00ed p\u0159\u00edsp\u011bvek zde:<\/h3>\n<div class=\"fb-post wptime-fb-post-embed\" data-href=\"https:\/\/www.facebook.com\/redukujemeodpad\/photos\/a.639284676278193.1073741828.639281652945162\/681362362070424\/?type=3&amp;theater\" style=\"margin-bottom:30px;\"><\/div>\n","protected":false},"excerpt":{"rendered":"<p>Pe\u010den\u00ed dom\u00e1c\u00edho kv\u00e1skov\u00e9ho chleba dost pravd\u011bpodobn\u011b odpad nav\u00edc ani nevytv\u00e1\u0159\u00ed, ani ne\u0161et\u0159\u00ed. Nicm\u00e9n\u011b skv\u011ble chutn\u00e1.\u00a0\ud83d\ude42\u00a0Pokud se v\u00e1m n\u00e1hodou stane, \u017ee n\u011bjak\u00fd ten kousek zbyde, ztvrdne a&nbsp;na zahrad\u011b nem\u00e1te \u017e\u00e1dn\u00e9 slepi\u010dky (nebo nem\u00e1te ani zahradu), nezkou\u0161ejte ten poklad vyhodit. M\u016f\u017eete jej uml\u00edt na strouhanku a&nbsp;pou\u017e\u00edt t\u0159eba: k&nbsp;zahu\u0161t\u011bn\u00ed gul\u00e1\u0161e k&nbsp;pol\u00e9vkov\u00e9 zav\u00e1\u0159ce do zeleninov\u00fdch v\u00fdvar\u016f p\u0159i&nbsp;[&hellip;]<\/p>\n","protected":false},"author":1,"featured_media":670,"comment_status":"open","ping_status":"closed","sticky":false,"template":"","format":"standard","meta":{"_monsterinsights_skip_tracking":false,"_monsterinsights_sitenote_active":false,"_monsterinsights_sitenote_note":"","_monsterinsights_sitenote_category":0,"jetpack_post_was_ever_published":false,"footnotes":"","_links_to":"","_links_to_target":""},"categories":[9],"tags":[42,34,2],"jetpack_featured_media_url":"https:\/\/i0.wp.com\/www.reduca.cz\/blog\/wp-content\/uploads\/2017\/10\/chleba.jpg?fit=3464%2C2309&ssl=1","jetpack_sharing_enabled":true,"jetpack_shortlink":"https:\/\/wp.me\/p9d4BP-aN","jetpack_likes_enabled":true,"jetpack-related-posts":[{"id":1082,"url":"https:\/\/www.reduca.cz\/blog\/111-odlicovaci-tampony\/","url_meta":{"origin":669,"position":0},"title":"#111 &#8211; odli\u010dovac\u00ed tampony","date":"19. 4. 2017","format":false,"excerpt":"Jako nejv\u00edc bezodpadov\u00e9 l\u00ed\u010den\u00ed pova\u017euji \u017e\u00e1dn\u00e9 l\u00ed\u010den\u00ed a sama ho preferuji\u00a0:)\u00a0Proto jsem odli\u010dov\u00e1n\u00ed a kosmetick\u00e9 tampony k n\u011bmu ur\u010den\u00e9 nemusela \u0159e\u0161it - doma n\u00e1m vis\u00ed balen\u00ed klasick\u00fdch vatov\u00fdch tamponk\u016f u\u017e asi p\u00e1t\u00fd rok a ze z\u00e1soby n\u00e1m ulev\u00ed akor\u00e1t n\u00e1v\u0161t\u011bva (a mnohdy ani ta ne). Bavila jsem se ale s\u2026","rel":"","context":"In &quot;Den\u00ed\u010dek na\u0161\u00ed dom\u00e1cnosti&quot;","img":{"alt_text":"","src":"https:\/\/i0.wp.com\/www.reduca.cz\/blog\/wp-content\/uploads\/2017\/11\/tamponky.jpg?fit=1200%2C800&ssl=1&resize=350%2C200","width":350,"height":200},"classes":[]},{"id":914,"url":"https:\/\/www.reduca.cz\/blog\/co-bude-dnes-k-svacine\/","url_meta":{"origin":669,"position":1},"title":"Co bude dnes k&nbsp;sva\u010din\u011b?","date":"12. 11. 2017","format":false,"excerpt":"P\u0159edch\u00e1zet odpadu z jednor\u00e1zov\u00fdch produkt\u016f se d\u00e1 t\u0159eba prost\u0159ednictv\u00edm z domova nachystan\u00fdch sva\u010din. A do \u010deho je zabalit? Vyzkou\u0161ela jsem n\u011bkolik variant balen\u00ed s minimem odpadu.","rel":"","context":"In &quot;Kuchy\u0148&quot;","img":{"alt_text":"","src":"https:\/\/i0.wp.com\/www.reduca.cz\/blog\/wp-content\/uploads\/2017\/11\/IMG_9185.jpg?fit=1200%2C800&ssl=1&resize=350%2C200","width":350,"height":200},"classes":[]},{"id":1727,"url":"https:\/\/www.reduca.cz\/blog\/jecne-livance-vegan\/","url_meta":{"origin":669,"position":2},"title":"Je\u010dn\u00e9 l\u00edvance (vegan)","date":"28. 7. 2017","format":false,"excerpt":"L\u00edvance jsem se chystala ve sv\u00e9m \u017eivot\u011b d\u011blat n\u011bkolikr\u00e1t a v\u017edy m\u011b odrazoval proces kynut\u00ed. Pak jsem ale na\u0161la recept, ve kter\u00e9m sta\u010d\u00ed kyp\u0159\u00edc\u00ed pr\u00e1\u0161ek, 5 minut a nen\u00ed k nim t\u0159eba \u017e\u00e1dn\u00fdch \u017eivo\u010di\u0161n\u00fdch produkt\u016f, tedy z\u00e1soby jsou doma prakticky v\u017edycky. Jej! Recept jsem okoukala z blogu Zdrav\u011b j\u00edst a\u2026","rel":"","context":"In &quot;Recepty&quot;","img":{"alt_text":"","src":"https:\/\/i0.wp.com\/www.reduca.cz\/blog\/wp-content\/uploads\/2018\/07\/livance.jpg?fit=1200%2C800&ssl=1&resize=350%2C200","width":350,"height":200},"classes":[]},{"id":508,"url":"https:\/\/www.reduca.cz\/blog\/kolik-odpadu-vyprodukuje-zero-waste-domacnost\/","url_meta":{"origin":669,"position":3},"title":"Kolik odpadu produkuje zero waste dom\u00e1cnost?","date":"1. 10. 2017","format":false,"excerpt":"Cel\u00fd m\u011bs\u00edc z\u00e1\u0159\u00ed poctiv\u011b dokumentuji n\u00e1\u0161 odpad v dom\u00e1cnosti. Zaj\u00edmalo m\u011b, kolik toho produkujeme, kdy\u017e se sna\u017e\u00edme odpad minimalizovat. A v\u00fdsledky jsou na sv\u011bt\u011b.","rel":"","context":"In &quot;Nakupov\u00e1n\u00ed&quot;","img":{"alt_text":"","src":"https:\/\/i0.wp.com\/www.reduca.cz\/blog\/wp-content\/uploads\/2017\/09\/all.jpg?fit=1200%2C800&ssl=1&resize=350%2C200","width":350,"height":200},"classes":[]},{"id":1060,"url":"https:\/\/www.reduca.cz\/blog\/104-nakupni-seznam\/","url_meta":{"origin":669,"position":4},"title":"#104 &#8211; n\u00e1kupn\u00ed seznam","date":"12. 4. 2017","format":false,"excerpt":"Jak u\u0161et\u0159it nejen zbyte\u010dn\u00e9 obaly, ale i zbyte\u010dn\u011b nakoupen\u00e9 potraviny? Poctivou p\u0159\u00edpravou! Seznamy na n\u00e1kup si p\u00ed\u0161u u\u017e dlouho, na n\u011bjakou dobu m\u011b ale kdysi p\u0159estaly bavit. Kdy\u017e jsem pak nakupovala, brala jsem v\u011bci z reg\u00e1l\u016f, podle toho, jak jsem k nim p\u0159i\u0161la a co bylo zrovna v akci. Doma\u2026","rel":"","context":"In &quot;Den\u00ed\u010dek na\u0161\u00ed dom\u00e1cnosti&quot;","img":{"alt_text":"","src":"https:\/\/i0.wp.com\/www.reduca.cz\/blog\/wp-content\/uploads\/2017\/11\/nakup_priprava.jpg?fit=1200%2C800&ssl=1&resize=350%2C200","width":350,"height":200},"classes":[]},{"id":1987,"url":"https:\/\/www.reduca.cz\/blog\/jak-zuby-cistit-a-zivotni-prostredi-neznecistit-cast-druha-bioplastove-kartacky\/","url_meta":{"origin":669,"position":5},"title":"Jak zuby \u010distit a&nbsp;\u017eivotn\u00ed prost\u0159ed\u00ed nezne\u010distit? \u010c\u00e1st druh\u00e1: (bio)plastov\u00e9 kart\u00e1\u010dky","date":"5. 3. 2019","format":false,"excerpt":"\u010cist\u00edte si zuby d\u016fsledn\u011b? Pr\u016fm\u011brn\u00fd \u010dlov\u011bk za \u017eivot vyhod\u00ed zhruba 300 kart\u00e1\u010dk\u016f. Kart\u00e1\u010dky kv\u016fli sm\u011bsn\u00e9mu materi\u00e1lu \u0161t\u011btinek a plastov\u00e9 hlavice skon\u010d\u00ed nej\u010dast\u011bji ve sm\u011bsn\u00e9m odpadu, kter\u00fd se bu\u010f p\u00e1l\u00ed anebo skl\u00e1dkuje. A 300 kart\u00e1\u010dk\u016f (a jejich balen\u00ed) u\u017e n\u011bjak\u00e9 to kilo odpadu vytvo\u0159\u00ed. Pokud v\u00e1m p\u0159ijde 300 kart\u00e1\u010dk\u016f m\u00e1lo, vyn\u00e1sobte\u2026","rel":"","context":"In &quot;Koupelna&quot;","img":{"alt_text":"","src":"https:\/\/i0.wp.com\/www.reduca.cz\/blog\/wp-content\/uploads\/2019\/03\/h_tio-zubni-kartacek-ultra-soft-oblazkove-seda-z-bioplastu-a-100-rozlozitelny_7.png?fit=1200%2C473&ssl=1&resize=350%2C200","width":350,"height":200},"classes":[]}],"_links":{"self":[{"href":"https:\/\/www.reduca.cz\/blog\/wp-json\/wp\/v2\/posts\/669"}],"collection":[{"href":"https:\/\/www.reduca.cz\/blog\/wp-json\/wp\/v2\/posts"}],"about":[{"href":"https:\/\/www.reduca.cz\/blog\/wp-json\/wp\/v2\/types\/post"}],"author":[{"embeddable":true,"href":"https:\/\/www.reduca.cz\/blog\/wp-json\/wp\/v2\/users\/1"}],"replies":[{"embeddable":true,"href":"https:\/\/www.reduca.cz\/blog\/wp-json\/wp\/v2\/comments?post=669"}],"version-history":[{"count":1,"href":"https:\/\/www.reduca.cz\/blog\/wp-json\/wp\/v2\/posts\/669\/revisions"}],"predecessor-version":[{"id":671,"href":"https:\/\/www.reduca.cz\/blog\/wp-json\/wp\/v2\/posts\/669\/revisions\/671"}],"wp:featuredmedia":[{"embeddable":true,"href":"https:\/\/www.reduca.cz\/blog\/wp-json\/wp\/v2\/media\/670"}],"wp:attachment":[{"href":"https:\/\/www.reduca.cz\/blog\/wp-json\/wp\/v2\/media?parent=669"}],"wp:term":[{"taxonomy":"category","embeddable":true,"href":"https:\/\/www.reduca.cz\/blog\/wp-json\/wp\/v2\/categories?post=669"},{"taxonomy":"post_tag","embeddable":true,"href":"https:\/\/www.reduca.cz\/blog\/wp-json\/wp\/v2\/tags?post=669"}],"curies":[{"name":"wp","href":"https:\/\/api.w.org\/{rel}","templated":true}]}}