{"id":581,"date":"2017-02-05T13:50:48","date_gmt":"2017-02-05T12:50:48","guid":{"rendered":"https:\/\/www.reduca.cz\/blog\/?p=581"},"modified":"2019-02-19T14:36:32","modified_gmt":"2019-02-19T13:36:32","slug":"den-tricaty-sedmy-diy-prasek-do-mycky","status":"publish","type":"post","link":"https:\/\/www.reduca.cz\/blog\/den-tricaty-sedmy-diy-prasek-do-mycky\/","title":{"rendered":"Den t\u0159ic\u00e1t\u00fd sedm\u00fd &#8211; DIY pr\u00e1\u0161ek do my\u010dky"},"content":{"rendered":"<p>Jeliko\u017e doch\u00e1z\u00ed i&nbsp;tablety do my\u010dky, rozhodla jsem se ud\u011blat testovac\u00ed verzi dom\u00e1c\u00edho pr\u00e1\u0161ku na myt\u00ed v&nbsp;my\u010dce dle receptu na <a href=\"http:\/\/www.home-made.cz\/2012\/09\/domaci-tablety-do-mycky.html\">home-made.cz<\/a>. Akor\u00e1t s\u016fl, kter\u00e1 by byla bez protisp\u00e9kav\u00fdch l\u00e1tek, jsem doma nem\u011bla, tak\u017ee jsem tam nasypala s\u016fl p\u0159\u00edmo ur\u010denou do my\u010dky.<\/p>\n<p>Recenze tohoto pr\u00e1\u0161ku byly r\u016fzn\u00e9, n\u011bkte\u0159\u00ed si\u00a0<span class=\"text_exposed_show\">pochvalovali, jin\u00ed rad\u011bji z\u016fstali u&nbsp;hotov\u00fdch, slo\u017een\u00edm ekologi\u010dt\u011bj\u0161\u00edch, tablet. Mi pr\u00e1\u0161ek umyl n\u00e1dob\u00ed dob\u0159e. Do budoucna akor\u00e1t p\u0159em\u00fd\u0161l\u00edm o&nbsp;n\u011bjak\u00fdch formi\u010dk\u00e1ch, do kter\u00fdch si pr\u00e1\u0161ek p\u0159iprav\u00edm, abychom m\u011bli ty k\u00fd\u017een\u00e9 tablety\u00a0<span class=\"_47e3 _5mfr\" title=\"Emotikona smile\"><img loading=\"lazy\" decoding=\"async\" class=\"img\" role=\"presentation\" src=\"https:\/\/static-frx5-1.xx.fbcdn.net\/images\/emoji.php\/v9\/f4c\/1\/16\/1f642.png\" alt=\"\" width=\"16\" height=\"16\" \/><\/span>\u00a0A aby nehrozilo, \u017ee pr\u00e1\u0161ek zvlhne na k\u00e1men a&nbsp;l\u017e\u00edci z&nbsp;n\u011bj nevydoluji ani za zlat\u00e9 prase.<\/span><\/p>\n<p>Jedlou sodu pou\u017e\u00edv\u00e1m od <a href=\"http:\/\/www.econea.cz\/yellow-blue-bika-jedla-soda-bikarbona-sacek-1-kg\/?a_box=y8jt56x7\">Yellow &amp; Blue<\/a>, kupovanou v&nbsp;pap\u00edrov\u00e9m obalu.<\/p>\n<p>Sodu na pran\u00ed u\u017e vyu\u017e\u00edv\u00e1m dlouhou dobu na v\u00fdrobu m\u00fddlov\u00e9ho slizu, tak\u017ee j\u00ed m\u00e1m zakoupenou v&nbsp;oby\u010dejn\u00e9 drogerii. 1&nbsp;kg sody mi vydr\u017eelo 1 rok na pran\u00ed l\u00e1tkov\u00fdch plenek. Sodu ale nab\u00edz\u00ed za dobrou cenu t\u0159eba <a href=\"https:\/\/eshop.ekokoza.cz\/cs\/uhlicitan-sodny-praci-soda-soda-na-prani.html\">Ekokoza<\/a>, jen nev\u00edm, v&nbsp;jak\u00e9m balen\u00ed.<\/p>\n<p>Kyselinu citr\u00f3novou jsem koupila v&nbsp;brn\u011bnsk\u00e9 <a href=\"http:\/\/www.fichema.cz\/home\/1778-kyselina-citronova-bezvoda-07-kg-praskova-8592861160037.html\">Fichem\u011b<\/a>, kde se d\u00e1 plastov\u00fd obal vr\u00e1tit a&nbsp;znovu pou\u017e\u00edt.<\/p>\n<p>V\u00fd\u0161e zm\u00edn\u011bn\u00e9\u00a0suroviny lze nyn\u00ed na v\u00e1hu do vlastn\u00edch n\u00e1dob zakoupit v&nbsp;jedn\u00e9 ze&nbsp;st\u00e1\u010d\u00edren Tierra Verda nebo v&nbsp;prodejn\u00e1ch s&nbsp;chemik\u00e1liemi, v&nbsp;Brn\u011b nap\u0159\u00edklad <a href=\"http:\/\/www.fima-brno.cz\/cz\/index.php\/page\/26.html\">Fima<\/a>.<\/p>\n<p>Jedna prac\u00ed d\u00e1vka by m\u011bla vyj\u00edt na cca 1,50&nbsp;K\u010d (<a href=\"http:\/\/www.mamavize.cz\/mamablog\/177-domaci-tablety-do-mycky-recept\">zdroj<\/a>), tak\u017ee nejen, \u017ee \u0161et\u0159\u00edme odpad za mili\u00f3ny rozbalen\u00fdch celof\u00e1nov\u00fdch obal\u016f, ale \u0161et\u0159\u00edme taky svou pen\u011b\u017eenku (a&nbsp;to je to, o\u010d \u010dasto b\u011b\u017e\u00ed).<\/p>\n<p>Mn\u011b nakonec tento zp\u016fsob myt\u00ed v&nbsp;my\u010dce nevyhovoval, n\u00e1dob\u00ed nebylo umyto nejl\u00e9pe, a&nbsp;p\u0159e\u0161la jsem na <a href=\"https:\/\/www.facebook.com\/redukujemeodpad\/photos\/a.639284676278193.1073741828.639281652945162\/668105786729415\/?type=3&amp;theater\">tablety z&nbsp;DM<\/a>.<\/p>\n<h3>P\u016fvodn\u00ed p\u0159\u00edsp\u011bvek zde:<\/h3>\n<div class=\"fb-post wptime-fb-post-embed\" data-href=\"https:\/\/www.facebook.com\/redukujemeodpad\/photos\/a.639284676278193.1073741828.639281652945162\/662347127305281\/?type=3&amp;theater\" style=\"margin-bottom:30px;\"><\/div>\n","protected":false},"excerpt":{"rendered":"<p>Jeliko\u017e doch\u00e1z\u00ed i&nbsp;tablety do my\u010dky, rozhodla jsem se ud\u011blat testovac\u00ed verzi dom\u00e1c\u00edho pr\u00e1\u0161ku na myt\u00ed v&nbsp;my\u010dce dle receptu na home-made.cz. Akor\u00e1t s\u016fl, kter\u00e1 by byla bez protisp\u00e9kav\u00fdch l\u00e1tek, jsem doma nem\u011bla, tak\u017ee jsem tam nasypala s\u016fl p\u0159\u00edmo ur\u010denou do my\u010dky. Recenze tohoto pr\u00e1\u0161ku byly r\u016fzn\u00e9, n\u011bkte\u0159\u00ed si\u00a0pochvalovali, jin\u00ed rad\u011bji z\u016fstali u&nbsp;hotov\u00fdch, slo\u017een\u00edm ekologi\u010dt\u011bj\u0161\u00edch, tablet. Mi [&hellip;]<\/p>\n","protected":false},"author":1,"featured_media":626,"comment_status":"open","ping_status":"closed","sticky":false,"template":"","format":"standard","meta":{"_monsterinsights_skip_tracking":false,"_monsterinsights_sitenote_active":false,"_monsterinsights_sitenote_note":"","_monsterinsights_sitenote_category":0,"jetpack_post_was_ever_published":false,"footnotes":"","_links_to":"","_links_to_target":""},"categories":[9,50],"tags":[41,42,32,58,116,81,34,24,2],"jetpack_featured_media_url":"https:\/\/i0.wp.com\/www.reduca.cz\/blog\/wp-content\/uploads\/2017\/02\/mycka.jpg?fit=3464%2C2309&ssl=1","jetpack_sharing_enabled":true,"jetpack_shortlink":"https:\/\/wp.me\/p9d4BP-9n","jetpack_likes_enabled":false,"jetpack-related-posts":[{"id":595,"url":"https:\/\/www.reduca.cz\/blog\/den-ctyricaty-treti-ekologicke-tablety-do-mycky\/","url_meta":{"origin":581,"position":0},"title":"Den \u010dty\u0159ic\u00e1t\u00fd t\u0159et\u00ed &#8211; ekologick\u00e9 tablety do my\u010dky","date":"11. 2. 2017","format":false,"excerpt":"P\u0159izn\u00e1m se bez mu\u010den\u00ed, \u017ee jsem to prozat\u00edm vzdala. M\u00e9 nad\u0161en\u00ed z vlastnoru\u010dn\u011b vyroben\u00e9ho pr\u00e1\u0161ku do my\u010dky po p\u00e1r umyt\u00edch s u\u0161mudlan\u00fdm sklem a nedomyt\u00fdmi hrn\u00ed\u010dky zna\u010dn\u011b odpadlo a j\u00e1 p\u0159istoupila na kompromis. Koupili jsme tablety, kter\u00e9 jsou obalen\u00e9 ve f\u00f3lii rozlo\u017eiteln\u00e9 ve vod\u011b. N\u011bjak nev\u00edm, co si o tom\u2026","rel":"","context":"In &quot;Den\u00ed\u010dek na\u0161\u00ed dom\u00e1cnosti&quot;","img":{"alt_text":"","src":"https:\/\/i0.wp.com\/www.reduca.cz\/blog\/wp-content\/uploads\/2017\/02\/tablety.jpg?fit=1200%2C800&ssl=1&resize=350%2C200","width":350,"height":200},"classes":[]},{"id":1118,"url":"https:\/\/www.reduca.cz\/blog\/118-diy-tablety-do-mycky-2\/","url_meta":{"origin":581,"position":1},"title":"#118 &#8211; DIY tablety do my\u010dky 2","date":"26. 4. 2017","format":false,"excerpt":"Mo\u017en\u00e1 jste si v\u0161imli, \u017ee DM maj\u00ed v\u00fdpadek v dod\u00e1vce tablet do my\u010dky DM nature (v obalu z recyklovan\u00e9ho pap\u00edru a ve f\u00f3li\u00edch rozpustiteln\u00fdch ve vod\u011b). Dod\u00e1vka m\u00e1 b\u00fdt pr\u00fd obnovena, ale m\u011bn\u00ed jejich obal a nev\u00ed, jak dlouho to bude trvat. Jeliko\u017e n\u00e1m v dom\u00e1cnosti zbyla posledn\u00ed tableta, dala\u2026","rel":"","context":"In &quot;Den\u00ed\u010dek na\u0161\u00ed dom\u00e1cnosti&quot;","img":{"alt_text":"","src":"https:\/\/i0.wp.com\/www.reduca.cz\/blog\/wp-content\/uploads\/2017\/11\/tablety2.jpg?fit=1200%2C800&ssl=1&resize=350%2C200","width":350,"height":200},"classes":[]},{"id":2136,"url":"https:\/\/www.reduca.cz\/blog\/jak-vyzrat-na-nadobi-ekologicky\/","url_meta":{"origin":581,"position":2},"title":"Jak vyzr\u00e1t na n\u00e1dob\u00ed ekologicky","date":"28. 2. 2019","format":false,"excerpt":"Spo\u010d\u00edtali jste n\u011bkdy, kolik jste za \u017eivot vyhodili houbi\u010dek na n\u00e1dob\u00ed? A p\u0159em\u00fd\u0161leli jste n\u011bkdy nad t\u00edm, jak\u00e9 l\u00e1tky vypou\u0161t\u00edte do na\u0161ich vod, kdy\u017e myjete n\u00e1dob\u00ed?","rel":"","context":"In &quot;Kuchy\u0148&quot;","img":{"alt_text":"","src":"https:\/\/i0.wp.com\/www.reduca.cz\/blog\/wp-content\/uploads\/2019\/02\/kuchyn.jpg?fit=1200%2C800&ssl=1&resize=350%2C200","width":350,"height":200},"classes":[]},{"id":1689,"url":"https:\/\/www.reduca.cz\/blog\/zazrak-jmenem-perkarbonat\/","url_meta":{"origin":581,"position":3},"title":"Z\u00e1zrak jm\u00e9nem perkarbon\u00e1t","date":"2. 8. 2018","format":false,"excerpt":"J\u00f3 ekologicky \u010distit. Ale co si po\u010d\u00edt bez Sava? Jak vyb\u011blit b\u00edl\u00e9 pr\u00e1dlo, jak odstranit zapran\u00e9 skvrny organick\u00e9ho p\u016fvodu, jak dezinfikovat koupelnu anebo jak vy\u010distit p\u0159ip\u00e1len\u00fd hrnec? V\u0161e m\u00e1 spole\u010dn\u00fd jmenovatel - perkarbon\u00e1t sodn\u00fd. Perkarbon\u00e1t sodn\u00fd, jinak naz\u00fdv\u00e1n peruhli\u010ditan nebo peroxouhli\u010ditan sodn\u00fd, je slou\u010denina uhli\u010ditanu sodn\u00e9ho (kter\u00fd m\u016f\u017eete zn\u00e1t tak\u00e9\u2026","rel":"","context":"In &quot;Koupelna&quot;","img":{"alt_text":"","src":"https:\/\/i0.wp.com\/www.reduca.cz\/blog\/wp-content\/uploads\/2018\/07\/23333990_793752327498093_5592531473777688762_o.jpg?fit=1200%2C800&ssl=1&resize=350%2C200","width":350,"height":200},"classes":[]},{"id":1727,"url":"https:\/\/www.reduca.cz\/blog\/jecne-livance-vegan\/","url_meta":{"origin":581,"position":4},"title":"Je\u010dn\u00e9 l\u00edvance (vegan)","date":"28. 7. 2017","format":false,"excerpt":"L\u00edvance jsem se chystala ve sv\u00e9m \u017eivot\u011b d\u011blat n\u011bkolikr\u00e1t a v\u017edy m\u011b odrazoval proces kynut\u00ed. Pak jsem ale na\u0161la recept, ve kter\u00e9m sta\u010d\u00ed kyp\u0159\u00edc\u00ed pr\u00e1\u0161ek, 5 minut a nen\u00ed k nim t\u0159eba \u017e\u00e1dn\u00fdch \u017eivo\u010di\u0161n\u00fdch produkt\u016f, tedy z\u00e1soby jsou doma prakticky v\u017edycky. Jej! Recept jsem okoukala z blogu Zdrav\u011b j\u00edst a\u2026","rel":"","context":"In &quot;Recepty&quot;","img":{"alt_text":"","src":"https:\/\/i0.wp.com\/www.reduca.cz\/blog\/wp-content\/uploads\/2018\/07\/livance.jpg?fit=1200%2C800&ssl=1&resize=350%2C200","width":350,"height":200},"classes":[]},{"id":845,"url":"https:\/\/www.reduca.cz\/blog\/den-devadesaty-diy-hackovana-houbicka\/","url_meta":{"origin":581,"position":5},"title":"Den devades\u00e1t\u00fd &#8211; DIY h\u00e1\u010dkovan\u00e1 houbi\u010dka","date":"30. 3. 2017","format":false,"excerpt":"A\u010dkoli je lufa fajn prost\u0159edek na myt\u00ed n\u00e1dob\u00ed, n\u011bkdy zkr\u00e1tka nesta\u010d\u00ed. Nerada s n\u00ed myji nap\u0159\u00edklad spor\u00e1k a man\u017eel se j\u00ed vyh\u00fdb\u00e1 \u00fapln\u011b. To byl d\u016fvod, pro\u010d jsem hledala n\u011bjakou jinou variantu, kter\u00e1 by se v na\u0161\u00ed dom\u00e1cnosti uchytila. Kdy\u017e jsem narazila na n\u00e1vod, jak uh\u00e1\u010dkovat vlastn\u00ed houbi\u010dku na n\u00e1dob\u00ed,\u2026","rel":"","context":"In &quot;Den\u00ed\u010dek na\u0161\u00ed dom\u00e1cnosti&quot;","img":{"alt_text":"","src":"https:\/\/i0.wp.com\/www.reduca.cz\/blog\/wp-content\/uploads\/2017\/10\/houbicka-e1508426179698.jpg?fit=1200%2C965&ssl=1&resize=350%2C200","width":350,"height":200},"classes":[]}],"_links":{"self":[{"href":"https:\/\/www.reduca.cz\/blog\/wp-json\/wp\/v2\/posts\/581"}],"collection":[{"href":"https:\/\/www.reduca.cz\/blog\/wp-json\/wp\/v2\/posts"}],"about":[{"href":"https:\/\/www.reduca.cz\/blog\/wp-json\/wp\/v2\/types\/post"}],"author":[{"embeddable":true,"href":"https:\/\/www.reduca.cz\/blog\/wp-json\/wp\/v2\/users\/1"}],"replies":[{"embeddable":true,"href":"https:\/\/www.reduca.cz\/blog\/wp-json\/wp\/v2\/comments?post=581"}],"version-history":[{"count":2,"href":"https:\/\/www.reduca.cz\/blog\/wp-json\/wp\/v2\/posts\/581\/revisions"}],"predecessor-version":[{"id":583,"href":"https:\/\/www.reduca.cz\/blog\/wp-json\/wp\/v2\/posts\/581\/revisions\/583"}],"wp:featuredmedia":[{"embeddable":true,"href":"https:\/\/www.reduca.cz\/blog\/wp-json\/wp\/v2\/media\/626"}],"wp:attachment":[{"href":"https:\/\/www.reduca.cz\/blog\/wp-json\/wp\/v2\/media?parent=581"}],"wp:term":[{"taxonomy":"category","embeddable":true,"href":"https:\/\/www.reduca.cz\/blog\/wp-json\/wp\/v2\/categories?post=581"},{"taxonomy":"post_tag","embeddable":true,"href":"https:\/\/www.reduca.cz\/blog\/wp-json\/wp\/v2\/tags?post=581"}],"curies":[{"name":"wp","href":"https:\/\/api.w.org\/{rel}","templated":true}]}}