{"id":362,"date":"2017-01-30T12:05:35","date_gmt":"2017-01-30T11:05:35","guid":{"rendered":"https:\/\/www.reduca.cz\/wp-blog\/?p=362"},"modified":"2018-10-10T15:48:19","modified_gmt":"2018-10-10T13:48:19","slug":"den-tricaty-prvni-latkove-pleny","status":"publish","type":"post","link":"https:\/\/www.reduca.cz\/blog\/den-tricaty-prvni-latkove-pleny\/","title":{"rendered":"Den t\u0159ic\u00e1t\u00fd prvn\u00ed &#8211; l\u00e1tkov\u00e9 pleny"},"content":{"rendered":"<p>Znovu vid\u00edm, kolik odpadu je z&nbsp;jednor\u00e1zov\u00fdch plen a&nbsp;potvrzuji si, \u017ee m\u00e9 rozhodnut\u00ed pou\u017e\u00edvat pleny l\u00e1tkov\u00e9 v&nbsp;kombinaci s&nbsp;bezplenkovou komunika\u010dn\u00ed metodou bylo spr\u00e1vn\u00e9&#8230;<\/p>\n<p>Tak pro p\u0159\u00edklad:\u00a0<span class=\"text_exposed_show\"><br \/>\nM\u00e9mu synovi je 21 m\u011bs\u00edc\u016f. Posledn\u00ed m\u011bs\u00edc u\u017e si hl\u00e1s\u00ed \u010d\u016fr\u00e1n\u00ed s\u00e1m, kak\u00e1n\u00ed chyt\u00e1me s&nbsp;95% \u00fasp\u011b\u0161nost\u00ed u\u017e 8 m\u011bs\u00edc\u016f. (L\u00e1tkov\u00e9) pleny pou\u017e\u00edv\u00e1me u\u017e jen na noc nebo jako pojistku pro cestov\u00e1n\u00ed, a&nbsp;te\u010f u\u017e syn zvl\u00e1d\u00e1 b\u00fdt v&nbsp;suchu \u010dasto i&nbsp;p\u0159es noc, pleny peru tedy 1-2x t\u00fddn\u011b, a&nbsp;to \u010dasto s&nbsp;na\u0161\u00edm sv\u011btl\u00fdm spodn\u00edm pr\u00e1dlem.<br \/>\nN\u00e1\u0161 odpad za jeho \u017eivot? Dva bal\u00edky jednor\u00e1zov\u00fdch plenek na \u00fapln\u00e9m za\u010d\u00e1tku a&nbsp;2 bal\u00edky v&nbsp;pr\u016fb\u011bhu (na dovolen\u00e9 a&nbsp;na noc, kdy\u017e m\u011bl opruzen\u00fd zadek, pod n\u00e1tlakem man\u017eela\u00a0<span class=\"_47e3 _5mfr\" title=\"Emotikona smile\"><img loading=\"lazy\" decoding=\"async\" class=\"img\" role=\"presentation\" src=\"https:\/\/static.fprg1-1.fna.fbcdn.net\/images\/emoji.php\/v9\/f4c\/1\/16\/1f642.png\" alt=\"\" width=\"16\" height=\"16\" \/><span class=\"_7oe\" aria-hidden=\"true\">)<\/span><\/span>, celkem max. 150 plen (p\u0159esn\u011b u\u017e nev\u00edm, ale uf, i&nbsp;tak m\u011b to \u010d\u00edslo d\u011bs\u00ed&#8230;).<br \/>\nPrali jsme zpo\u010d\u00e1tku obden na 60, jednou za \u010das na 90, posledn\u00edho p\u016fl roku u\u017e sp\u00ed\u0161 dvakr\u00e1t a\u017e jednou t\u00fddn\u011b a&nbsp;na pran\u00ed plen jsme pou\u017e\u00edvali snad \u0161etrn\u00fd m\u00fddlov\u00fd sliz.<\/span><\/p>\n<p>Jin\u00e9mu klukovi je 21 m\u011bs\u00edc\u016f. Vylu\u010duje pln\u011b do plenek. Ka\u017ed\u00fd den tak spot\u0159ebuje minim\u00e1ln\u011b 5 plenek. Kdy\u017e byl miminko, jeho spot\u0159eba mohla b\u00fdt i&nbsp;8 a\u017e 10 plenek.<br \/>\nJeho odpad za jeho \u017eivot? Zat\u00edm je to zhruba 3600 plen.<\/p>\n<p>Ano, pou\u017e\u00edvat jednor\u00e1zovky je pohodln\u00e9. Sama v\u00edm, jak m\u011b to na dovolen\u00e9 hnalo k&nbsp;pohodlnosti a&nbsp;spo\u0159ivosti &#8211; ta plenka toho hodn\u011b nasaje, nemus\u00edm ho je\u0161t\u011b p\u0159ebalovat&#8230;<br \/>\nJen\u017ee pou\u017e\u00edvat l\u00e1tkovky je ve&nbsp;fin\u00e1le je\u0161t\u011b pohodln\u011bj\u0161\u00ed\u00a0<span class=\"_47e3 _5mfr\" title=\"Emotikona smile\"><img loading=\"lazy\" decoding=\"async\" class=\"img\" role=\"presentation\" src=\"https:\/\/static.fprg1-1.fna.fbcdn.net\/images\/emoji.php\/v9\/f4c\/1\/16\/1f642.png\" alt=\"\" width=\"16\" height=\"16\" \/>\u00a0<\/span>Nejen, \u017ee \u010dlov\u011bk \u0161et\u0159\u00ed d\u011btskou poko\u017eku a&nbsp;na\u0161i planetu, ale \u0161et\u0159\u00ed taky pen\u00edze. A&nbsp;\u010das &#8211; koho by bavilo \u010d\u00edhat na akce na pleny? D\u00edt\u011bti je v&nbsp;mokr\u00e9m v\u011bt\u0161inou nepohodln\u011b, tedy se d\u0159\u00edv u\u010d\u00ed hygienick\u00fdm n\u00e1vyk\u016fm a&nbsp;v\u011bt\u0161inou se d\u0159\u00edv nau\u010d\u00ed na z\u00e1chod (a&nbsp;t\u00edm znovu \u0161et\u0159\u00edme plenky). V&nbsp;kombinaci s&nbsp;BKM mi to p\u0159ijde geni\u00e1ln\u00ed, proto\u017ee si d\u00edt\u011b vylu\u010dov\u00e1n\u00ed uv\u011bdomuje vlastn\u011b od za\u010d\u00e1tku. A&nbsp;nav\u00edc se obejdeme bez ut\u00edr\u00e1n\u00ed pokakan\u00e9ho zadku\u00a0<span class=\"_47e3 _5mfr\" title=\"Emotikona smile\"><img loading=\"lazy\" decoding=\"async\" class=\"img\" role=\"presentation\" src=\"https:\/\/static.fprg1-1.fna.fbcdn.net\/images\/emoji.php\/v9\/f4c\/1\/16\/1f642.png\" alt=\"\" width=\"16\" height=\"16\" \/><\/span><\/p>\n<p>Tak\u017ee nam\u00edsto v\u00edce jak 2 let s&nbsp;jednor\u00e1zov\u00fdmi plenami m\u00e1me ve&nbsp;21 m\u011bs\u00edc\u00edch t\u00e9m\u011b\u0159 po&nbsp;plen\u00e1ch. <a href=\"http:\/\/ekolist.cz\/cz\/zelena-domacnost\/rady-a-navody\/odvracena-strana-plenek\">Tady<\/a> si m\u016f\u017eete po\u010d\u00edst v\u00edc.<\/p>\n<p>Za m\u011b jsme se rozhodli spr\u00e1vn\u011b a&nbsp;u&nbsp;druh\u00e9ho d\u00edt\u011bte najedeme na l\u00e1tkovky hned od za\u010d\u00e1tku\u00a0<span class=\"_47e3 _5mfr\" title=\"Emotikona smile\"><img loading=\"lazy\" decoding=\"async\" class=\"img\" role=\"presentation\" src=\"https:\/\/static.fprg1-1.fna.fbcdn.net\/images\/emoji.php\/v9\/f4c\/1\/16\/1f642.png\" alt=\"\" width=\"16\" height=\"16\" \/><\/span><\/p>\n<h3>P\u016fvodn\u00ed p\u0159\u00edsp\u011bvek zde:<\/h3>\n<div class=\"fb-post wptime-fb-post-embed\" data-href=\"https:\/\/www.facebook.com\/redukujemeodpad\/photos\/a.639284676278193.1073741828.639281652945162\/656411911232136\/?type=3&amp;theater\" style=\"margin-bottom:30px;\"><\/div>\n","protected":false},"excerpt":{"rendered":"<p>Znovu vid\u00edm, kolik odpadu je z&nbsp;jednor\u00e1zov\u00fdch plen a&nbsp;potvrzuji si, \u017ee m\u00e9 rozhodnut\u00ed pou\u017e\u00edvat pleny l\u00e1tkov\u00e9 v&nbsp;kombinaci s&nbsp;bezplenkovou komunika\u010dn\u00ed metodou bylo spr\u00e1vn\u00e9&#8230; Tak pro p\u0159\u00edklad:\u00a0 M\u00e9mu synovi je 21 m\u011bs\u00edc\u016f. Posledn\u00ed m\u011bs\u00edc u\u017e si hl\u00e1s\u00ed \u010d\u016fr\u00e1n\u00ed s\u00e1m, kak\u00e1n\u00ed chyt\u00e1me s&nbsp;95% \u00fasp\u011b\u0161nost\u00ed u\u017e 8 m\u011bs\u00edc\u016f. (L\u00e1tkov\u00e9) pleny pou\u017e\u00edv\u00e1me u\u017e jen na noc nebo jako pojistku pro cestov\u00e1n\u00ed, [&hellip;]<\/p>\n","protected":false},"author":1,"featured_media":364,"comment_status":"open","ping_status":"closed","sticky":false,"template":"","format":"standard","meta":{"_monsterinsights_skip_tracking":false,"_monsterinsights_sitenote_active":false,"_monsterinsights_sitenote_note":"","_monsterinsights_sitenote_category":0,"jetpack_post_was_ever_published":false,"footnotes":"","_links_to":"","_links_to_target":""},"categories":[9,128],"tags":[56,49,55,59,60,34,2],"jetpack_featured_media_url":"https:\/\/i0.wp.com\/www.reduca.cz\/blog\/wp-content\/uploads\/2017\/09\/pleny.png?fit=650%2C425&ssl=1","jetpack_sharing_enabled":true,"jetpack_shortlink":"https:\/\/wp.me\/p9d4BP-5Q","jetpack_likes_enabled":false,"jetpack-related-posts":[{"id":568,"url":"https:\/\/www.reduca.cz\/blog\/minimalisticka-vybavicka-pro-miminko\/","url_meta":{"origin":362,"position":0},"title":"Minimalistick\u00e1 v\u00fdbavi\u010dka pro miminko","date":"22. 11. 2017","format":false,"excerpt":"S t\u011bhotensk\u00fdm b\u0159\u00ed\u0161kem se na v\u00e1s val\u00ed mnoho informac\u00ed v\u010detn\u011b n\u011bkolika druh\u016f seznam\u016f s v\u00fdbavou pro miminko. Pokud z toho m\u00e1te hlavu jako bal\u00f3n, nev\u00edte, co po\u0159\u00eddit d\u0159\u00edv anebo se v\u00e1m zd\u00e1 seznam zbyte\u010dn\u011b dlouh\u00fd, \u010dt\u011bte d\u00e1l.","rel":"","context":"In &quot;D\u011bti&quot;","img":{"alt_text":"","src":"https:\/\/i0.wp.com\/www.reduca.cz\/blog\/wp-content\/uploads\/2017\/11\/vybava.jpg?fit=1200%2C800&ssl=1&resize=350%2C200","width":350,"height":200},"classes":[]},{"id":96,"url":"https:\/\/www.reduca.cz\/blog\/dite-bez-odpadu\/","url_meta":{"origin":362,"position":1},"title":"D\u00edt\u011b bez odpadu","date":"27. 2. 2017","format":false,"excerpt":"Jste v o\u010dek\u00e1v\u00e1n\u00ed a hled\u00e1te v\u00fdbavi\u010dku? Nebo v\u00e1m lezou na nervy v\u011b\u010dn\u011b pln\u00e9 ko\u0161e pl\u00ednek? Poj\u010fte se pod\u00edvat, jak se d\u00e1 zredukovat odpad u miminka.","rel":"","context":"In &quot;D\u011bti&quot;","img":{"alt_text":"","src":"https:\/\/i0.wp.com\/www.reduca.cz\/blog\/wp-content\/uploads\/2017\/09\/zerowastebaby.jpg?fit=1200%2C800&ssl=1&resize=350%2C200","width":350,"height":200},"classes":[]},{"id":1567,"url":"https:\/\/www.reduca.cz\/blog\/jak-se-zije-bez-odpadu-se-dvema-malymi-detmi\/","url_meta":{"origin":362,"position":2},"title":"Jak se \u017eije bez odpadu se dv\u011bma mal\u00fdmi d\u011btmi","date":"6. 8. 2018","format":false,"excerpt":"Chvilka klidu. Okam\u017eik, kter\u00fd posledn\u00edch p\u011bt m\u011bs\u00edc\u016f v m\u00e9m \u017eivot\u011b je tak v\u00fdjime\u010dnou ud\u00e1lost\u00ed, \u017ee kdy\u017e si sednu, p\u0159em\u00fd\u0161l\u00edm, jestli z\u016fstat sed\u011bt anebo honem rychle kmitat a dod\u011blat v\u0161e, co pot\u0159ebuju. Dnes je to p\u011bt m\u011bs\u00edc\u016f, co jsou v na\u0161\u00ed dom\u00e1cnosti dv\u011b d\u011bti. A \u017ee n\u00e1m ji obr\u00e1tily po\u0159\u00e1dn\u011b vzh\u016fru\u2026","rel":"","context":"In &quot;D\u011bti&quot;","img":{"alt_text":"","src":"https:\/\/i0.wp.com\/www.reduca.cz\/blog\/wp-content\/uploads\/2018\/04\/IMG_5936.jpg?fit=1200%2C800&ssl=1&resize=350%2C200","width":350,"height":200},"classes":[]},{"id":1671,"url":"https:\/\/www.reduca.cz\/blog\/137-vlozky-do-podprsenky\/","url_meta":{"origin":362,"position":3},"title":"#137 &#8211; Vlo\u017eky do podprsenky","date":"15. 5. 2017","format":false,"excerpt":"Kdy\u017e jsem byla poprv\u00e9 t\u011bhotn\u00e1, dostala jsem pod\u011bd\u011bn\u00e9 l\u00e1tkov\u00e9 vlo\u017eky do podprsenky. V\u016fbec m\u011b tehdy nenapadlo, \u017ee se vyr\u00e1b\u00ed jednor\u00e1zov\u00e9! Jako argument pro jednor\u00e1zov\u00e9 vlo\u017eky maminky uv\u00e1d\u00ed, \u017ee by jich musely m\u00edt hrozn\u011b moc a \u017ee se mus\u00ed pr\u00e1t. Kdy\u017e ale \u010dlov\u011bk pou\u017e\u00edv\u00e1 l\u00e1tkov\u00e9 pleny, kter\u00e9 stejn\u011b obden pere, p\u00e1r\u2026","rel":"","context":"In &quot;Den\u00ed\u010dek na\u0161\u00ed dom\u00e1cnosti&quot;","img":{"alt_text":"","src":"https:\/\/i0.wp.com\/www.reduca.cz\/blog\/wp-content\/uploads\/2018\/07\/27629207_833069490233043_9028944006679302241_o.jpg?fit=1200%2C800&ssl=1&resize=350%2C200","width":350,"height":200},"classes":[]},{"id":1240,"url":"https:\/\/www.reduca.cz\/blog\/menstruace-s-nulovym-odpadem\/","url_meta":{"origin":362,"position":4},"title":"Menstruace s&nbsp;nulov\u00fdm odpadem","date":"29. 5. 2018","format":false,"excerpt":"Napadlo v\u00e1s n\u011bkdy, kolik vlo\u017eek nebo tampon\u016f za sv\u016fj \u017eivot vyhod\u00edte? A\u0165 u\u017e je v\u00e1m pohodln\u011bj\u0161\u00ed ta \u010di ona varianta, ka\u017ed\u00fd m\u011bs\u00edc p\u0159id\u00e1v\u00e1me na skl\u00e1dky dal\u0161\u00ed a dal\u0161\u00ed hromady odpadu, kter\u00e9mu se d\u00e1 celkem jednodu\u0161e p\u0159edej\u00edt. Zp\u016fsob\u016f je hned n\u011bkolik.","rel":"","context":"In &quot;Rady, tipy, zku\u0161enosti&quot;","img":{"alt_text":"","src":"https:\/\/i0.wp.com\/www.reduca.cz\/blog\/wp-content\/uploads\/2018\/05\/IMG_1134.jpg?fit=1200%2C800&ssl=1&resize=350%2C200","width":350,"height":200},"classes":[]},{"id":112,"url":"https:\/\/www.reduca.cz\/blog\/25-tipu-na-snadnou-redukci-odpadu\/","url_meta":{"origin":362,"position":5},"title":"25 tip\u016f na snadnou redukci odpadu","date":"9. 3. 2017","format":false,"excerpt":"\u010ctete u\u017e n\u011bjakou dobu o Zero Waste a nev\u00edte, jak to uchopit? Chcete produkovat m\u00e9n\u011b odpadu? Nebo se v\u00e1m jednodu\u0161e nechce tak \u010dasto vyn\u00e1\u0161et ko\u0161? Za\u010d\u00edt \u017e\u00edt jinak je jednoduch\u00e9.","rel":"","context":"In &quot;Rady, tipy, zku\u0161enosti&quot;","img":{"alt_text":"","src":"https:\/\/i0.wp.com\/www.reduca.cz\/blog\/wp-content\/uploads\/2017\/03\/garbage.jpg?fit=1200%2C675&ssl=1&resize=350%2C200","width":350,"height":200},"classes":[]}],"_links":{"self":[{"href":"https:\/\/www.reduca.cz\/blog\/wp-json\/wp\/v2\/posts\/362"}],"collection":[{"href":"https:\/\/www.reduca.cz\/blog\/wp-json\/wp\/v2\/posts"}],"about":[{"href":"https:\/\/www.reduca.cz\/blog\/wp-json\/wp\/v2\/types\/post"}],"author":[{"embeddable":true,"href":"https:\/\/www.reduca.cz\/blog\/wp-json\/wp\/v2\/users\/1"}],"replies":[{"embeddable":true,"href":"https:\/\/www.reduca.cz\/blog\/wp-json\/wp\/v2\/comments?post=362"}],"version-history":[{"count":4,"href":"https:\/\/www.reduca.cz\/blog\/wp-json\/wp\/v2\/posts\/362\/revisions"}],"predecessor-version":[{"id":370,"href":"https:\/\/www.reduca.cz\/blog\/wp-json\/wp\/v2\/posts\/362\/revisions\/370"}],"wp:featuredmedia":[{"embeddable":true,"href":"https:\/\/www.reduca.cz\/blog\/wp-json\/wp\/v2\/media\/364"}],"wp:attachment":[{"href":"https:\/\/www.reduca.cz\/blog\/wp-json\/wp\/v2\/media?parent=362"}],"wp:term":[{"taxonomy":"category","embeddable":true,"href":"https:\/\/www.reduca.cz\/blog\/wp-json\/wp\/v2\/categories?post=362"},{"taxonomy":"post_tag","embeddable":true,"href":"https:\/\/www.reduca.cz\/blog\/wp-json\/wp\/v2\/tags?post=362"}],"curies":[{"name":"wp","href":"https:\/\/api.w.org\/{rel}","templated":true}]}}