{"id":356,"date":"2017-01-28T11:57:09","date_gmt":"2017-01-28T10:57:09","guid":{"rendered":"https:\/\/www.reduca.cz\/wp-blog\/?p=356"},"modified":"2017-09-23T16:49:48","modified_gmt":"2017-09-23T14:49:48","slug":"den-dvacaty-devaty-komposter","status":"publish","type":"post","link":"https:\/\/www.reduca.cz\/blog\/den-dvacaty-devaty-komposter\/","title":{"rendered":"Den dvac\u00e1t\u00fd dev\u00e1t\u00fd &#8211; kompost\u00e9r"},"content":{"rendered":"<p>Kompost\u00e9r jsem slo\u017eila u\u017e minul\u00fd v\u00edkend a&nbsp;o&nbsp;tomto v\u00edkendu jsem ho dala na sv\u00e9 m\u00edsto. Zahr\u00e1dku m\u00e1me sice malinkatou, ale v&nbsp;ro\u017eku se p\u011bkn\u011b vyj\u00edm\u00e1. Snad n\u00e1m bude p\u011bkn\u011b slou\u017eit, i&nbsp;kdy\u017e ne\u017e za\u010dne pracovat, budeme je\u0161t\u011b chvilku \u010dekat.<\/p>\n<h3>P\u016fvodn\u00ed p\u0159\u00edsp\u011bvek zde:<\/h3>\n<div class=\"fb-post wptime-fb-post-embed\" data-href=\"https:\/\/www.facebook.com\/redukujemeodpad\/photos\/a.639284676278193.1073741828.639281652945162\/654104531462874\/?type=3&amp;theater\" style=\"margin-bottom:30px;\"><\/div>\n","protected":false},"excerpt":{"rendered":"<p>Kompost\u00e9r jsem slo\u017eila u\u017e minul\u00fd v\u00edkend a&nbsp;o&nbsp;tomto v\u00edkendu jsem ho dala na sv\u00e9 m\u00edsto. Zahr\u00e1dku m\u00e1me sice malinkatou, ale v&nbsp;ro\u017eku se p\u011bkn\u011b vyj\u00edm\u00e1. Snad n\u00e1m bude p\u011bkn\u011b slou\u017eit, i&nbsp;kdy\u017e ne\u017e za\u010dne pracovat, budeme je\u0161t\u011b chvilku \u010dekat. P\u016fvodn\u00ed p\u0159\u00edsp\u011bvek zde:<\/p>\n","protected":false},"author":1,"featured_media":357,"comment_status":"open","ping_status":"closed","sticky":false,"template":"","format":"standard","meta":{"_monsterinsights_skip_tracking":false,"_monsterinsights_sitenote_active":false,"_monsterinsights_sitenote_note":"","_monsterinsights_sitenote_category":0,"jetpack_post_was_ever_published":false,"footnotes":"","_links_to":"","_links_to_target":""},"categories":[9],"tags":[42,35,36,34,2],"jetpack_featured_media_url":"https:\/\/i0.wp.com\/www.reduca.cz\/blog\/wp-content\/uploads\/2017\/09\/komposter.jpg?fit=3464%2C2309&ssl=1","jetpack_sharing_enabled":true,"jetpack_shortlink":"https:\/\/wp.me\/p9d4BP-5K","jetpack_likes_enabled":false,"jetpack-related-posts":[{"id":215,"url":"https:\/\/www.reduca.cz\/blog\/den-ctvrty-kompost\/","url_meta":{"origin":356,"position":0},"title":"Den \u010dtvrt\u00fd &#8211; kompost","date":"3. 1. 2017","format":false,"excerpt":"Nen\u00ed na co \u010dekat. Je\u0161t\u011b nem\u00e1m vymy\u0161len\u00fd kompostovac\u00ed syst\u00e9m, ale potraviny do igelitu u\u017e balit prost\u011b nechci. Aspo\u0148 to d\u0159\u00edv vy\u0159e\u0161\u00edm :D Pokud u\u017e ko\u0161 na bioodpad nem\u00e1te, zjist\u011bte, jak\u00e9 jsou pro v\u00e1s mo\u017enosti. Zda m\u016f\u017eete um\u00edstit kompost\u00e9r na zahradu \u010di za\u017e\u00e1dat m\u011bsto o kontejner na bioodpad. Pod\u00edvejte se, jak\u2026","rel":"","context":"In &quot;Den\u00ed\u010dek na\u0161\u00ed dom\u00e1cnosti&quot;","img":{"alt_text":"","src":"https:\/\/i0.wp.com\/www.reduca.cz\/blog\/wp-content\/uploads\/2017\/01\/kos_bioodpad.jpg?fit=720%2C960&ssl=1&resize=350%2C200","width":350,"height":200},"classes":[]},{"id":287,"url":"https:\/\/www.reduca.cz\/blog\/den-devatenacty-kompostovani-v-praxi\/","url_meta":{"origin":356,"position":1},"title":"Den devaten\u00e1ct\u00fd &#8211; kompostov\u00e1n\u00ed v&nbsp;praxi","date":"18. 1. 2017","format":false,"excerpt":"Tak jo, je to venku! Kompost\u00e9r je doma\u00a0\u00a0D\u00edky\u00a0SAKO Brno\u00a0za polovi\u010dn\u00ed cenu i s p\u0159edn\u00e1\u0161kou. Jen m\u011b dost zklamala informace, \u017ee bychom s n\u00edm m\u011bli za\u010d\u00edt a\u017e na ja\u0159e. To ty dva pln\u00e9 ko\u0161e bioodpadu budu muset z\u0159ejm\u011b je\u0161t\u011b odv\u00e9zt do sb\u011brn\u00e9ho dvora. A j\u00e1 u\u017e se tak t\u011b\u0161ila na to,\u2026","rel":"","context":"In &quot;Den\u00ed\u010dek na\u0161\u00ed dom\u00e1cnosti&quot;","img":{"alt_text":"","src":"https:\/\/i0.wp.com\/www.reduca.cz\/blog\/wp-content\/uploads\/2017\/09\/kompostovani-e1506093445283.jpg?fit=617%2C393&ssl=1&resize=350%2C200","width":350,"height":200},"classes":[]},{"id":5,"url":"https:\/\/www.reduca.cz\/blog\/prvni-mesic-bez-odpadu\/","url_meta":{"origin":356,"position":2},"title":"Prvn\u00ed m\u011bs\u00edc bez odpadu","date":"1. 2. 2017","format":false,"excerpt":"M\u00e1m za sebou 31 dn\u00ed, kdy jsem se sna\u017eila redukovat odpad v na\u0161\u00ed dom\u00e1cnosti. A\u010dkoli to na\u00a0prvn\u00ed pohled vypad\u00e1, \u017ee se p\u0159\u00edli\u0161 nezm\u011bnilo, vlastn\u011b se toho zm\u011bnilo docela dost. Za nejv\u011bt\u0161\u00ed \u00fasp\u011bch pova\u017euji to, \u017ee o na\u0161em odpadu za\u010dal man\u017eel u\u017e aspo\u0148 uva\u017eovat. :) N\u00e1kupy V prv\u00e9 \u0159ad\u011b jsem zm\u011bnila\u2026","rel":"","context":"In &quot;Z na\u0161eho domova&quot;","img":{"alt_text":"","src":"https:\/\/i0.wp.com\/www.reduca.cz\/blog\/wp-content\/uploads\/2017\/02\/wallpaper.jpg?fit=1200%2C797&ssl=1&resize=350%2C200","width":350,"height":200},"classes":[]},{"id":1018,"url":"https:\/\/www.reduca.cz\/blog\/diy-domaci-lepidlo\/","url_meta":{"origin":356,"position":3},"title":"#125 &#8211; DIY dom\u00e1c\u00ed lepidlo","date":"3. 5. 2017","format":false,"excerpt":"K V\u00e1noc\u016fm neodmysliteln\u011b pat\u0159\u00ed i adventn\u00ed kalend\u00e1\u0159. Jeliko\u017e jsem se rozhodla ho vytvo\u0159it sama, pot\u0159ebovala jsem vy\u0159e\u0161it i \u010d\u00edm jednotliv\u00e9 d\u00edly slepit. A tak jsem do\u0161la k tomu ud\u011blat si dom\u00e1c\u00ed lepidlo na pap\u00edr. Na tomto lepidle je skv\u011bl\u00e9, \u017ee se nemus\u00edte b\u00e1t, kdy\u017e ho sn\u00ed d\u011bti, je pln\u011b jedl\u00e9\u2026","rel":"","context":"In &quot;Den\u00ed\u010dek na\u0161\u00ed dom\u00e1cnosti&quot;","img":{"alt_text":"","src":"https:\/\/i0.wp.com\/www.reduca.cz\/blog\/wp-content\/uploads\/2017\/11\/lepidlo.jpg?fit=1200%2C800&ssl=1&resize=350%2C200","width":350,"height":200},"classes":[]},{"id":662,"url":"https:\/\/www.reduca.cz\/blog\/den-padesaty-druhy-kliceni\/","url_meta":{"origin":356,"position":4},"title":"Den pades\u00e1t\u00fd druh\u00fd &#8211; kl\u00ed\u010den\u00ed","date":"20. 2. 2017","format":false,"excerpt":"Zn\u00e1te kl\u00ed\u010dky? Jestli ne, tak d\u00e1vejte dobr\u00fd pozor, proto\u017ee na objeven\u00ed t\u00e9hle zdrav\u00e9 a p\u0159esto v\u00fdborn\u00e9 pochoutky jsem \u010dekala dobr\u00fdch dvacet p\u011bt let\u00a0:) Hrozn\u011b m\u011b p\u0159ekvapilo, \u017ee se prod\u00e1vaj\u00ed balen\u00e9! P\u0159itom jejich v\u00fdroba je tak jednoduch\u00e1. Nepot\u0159ebujete \u017e\u00e1dnou speci\u00e1ln\u00ed misku, \u017e\u00e1dn\u00e9 vati\u010dky, sta\u010d\u00ed oby\u010dejn\u00e1 skleni\u010dka, ve kter\u00e9 sem\u00ednka skladujete. Namo\u010d\u00edte\u2026","rel":"","context":"In &quot;Den\u00ed\u010dek na\u0161\u00ed dom\u00e1cnosti&quot;","img":{"alt_text":"","src":"https:\/\/i0.wp.com\/www.reduca.cz\/blog\/wp-content\/uploads\/2017\/10\/klicky.jpg?fit=1200%2C800&ssl=1&resize=350%2C200","width":350,"height":200},"classes":[]},{"id":772,"url":"https:\/\/www.reduca.cz\/blog\/den-sedmdesaty-tradice\/","url_meta":{"origin":356,"position":5},"title":"Den sedmdes\u00e1t\u00fd &#8211; tradice","date":"10. 3. 2017","format":false,"excerpt":"R\u00e1da pe\u010du. A je\u0161t\u011b rad\u0161i pe\u010du dle star\u00fdch tradic. Spojuje m\u011b to s minulost\u00ed, v\u017edy si p\u0159edstavuji, jak by se peklo na kamnech, jak to tenkr\u00e1t hospody\u0148ky d\u011blaly. Domov provon\u011bn\u00fd dobrotami z trouby je pro m\u011b t\u00edm prav\u00fdm teplem domova, o kter\u00fd jsem dlouh\u00e1 l\u00e9ta usilovala. Tro\u0161ku m\u011b mrz\u00ed, \u017ee\u2026","rel":"","context":"In &quot;Den\u00ed\u010dek na\u0161\u00ed dom\u00e1cnosti&quot;","img":{"alt_text":"","src":"https:\/\/i0.wp.com\/www.reduca.cz\/blog\/wp-content\/uploads\/2017\/10\/jidase.jpg?fit=1200%2C800&ssl=1&resize=350%2C200","width":350,"height":200},"classes":[]}],"_links":{"self":[{"href":"https:\/\/www.reduca.cz\/blog\/wp-json\/wp\/v2\/posts\/356"}],"collection":[{"href":"https:\/\/www.reduca.cz\/blog\/wp-json\/wp\/v2\/posts"}],"about":[{"href":"https:\/\/www.reduca.cz\/blog\/wp-json\/wp\/v2\/types\/post"}],"author":[{"embeddable":true,"href":"https:\/\/www.reduca.cz\/blog\/wp-json\/wp\/v2\/users\/1"}],"replies":[{"embeddable":true,"href":"https:\/\/www.reduca.cz\/blog\/wp-json\/wp\/v2\/comments?post=356"}],"version-history":[{"count":2,"href":"https:\/\/www.reduca.cz\/blog\/wp-json\/wp\/v2\/posts\/356\/revisions"}],"predecessor-version":[{"id":372,"href":"https:\/\/www.reduca.cz\/blog\/wp-json\/wp\/v2\/posts\/356\/revisions\/372"}],"wp:featuredmedia":[{"embeddable":true,"href":"https:\/\/www.reduca.cz\/blog\/wp-json\/wp\/v2\/media\/357"}],"wp:attachment":[{"href":"https:\/\/www.reduca.cz\/blog\/wp-json\/wp\/v2\/media?parent=356"}],"wp:term":[{"taxonomy":"category","embeddable":true,"href":"https:\/\/www.reduca.cz\/blog\/wp-json\/wp\/v2\/categories?post=356"},{"taxonomy":"post_tag","embeddable":true,"href":"https:\/\/www.reduca.cz\/blog\/wp-json\/wp\/v2\/tags?post=356"}],"curies":[{"name":"wp","href":"https:\/\/api.w.org\/{rel}","templated":true}]}}