{"id":353,"date":"2017-01-27T11:54:15","date_gmt":"2017-01-27T10:54:15","guid":{"rendered":"https:\/\/www.reduca.cz\/wp-blog\/?p=353"},"modified":"2017-09-23T16:51:37","modified_gmt":"2017-09-23T14:51:37","slug":"den-dvacaty-osmy-bezobalova-party","status":"publish","type":"post","link":"https:\/\/www.reduca.cz\/blog\/den-dvacaty-osmy-bezobalova-party\/","title":{"rendered":"Den dvac\u00e1t\u00fd osm\u00fd &#8211; bezobalov\u00e1 party"},"content":{"rendered":"<p>Slav\u00edm sv\u00e9 narozeniny, tak\u017ee jak letos jinak, ne\u017e bez zbyte\u010dn\u00e9ho odpadu\u00a0<span class=\"_47e3 _5mfr\" title=\"Emotikona smile\"><img loading=\"lazy\" decoding=\"async\" class=\"img\" role=\"presentation\" src=\"https:\/\/static.fprg1-1.fna.fbcdn.net\/images\/emoji.php\/v9\/f4c\/1\/16\/1f642.png\" alt=\"\" width=\"16\" height=\"16\" \/><\/span><\/p>\n<p>Bramb\u016frky jsem v\u017edycky jedla velmi sporadicky, ale te\u010f u\u017e jsem tak hrozn\u00e1 hostitelka, \u017ee u\u017e je nekoup\u00edm ani host\u016fm. Rad\u011bji vykouzl\u00edm ty dom\u00e1c\u00ed a&nbsp;p\u0159ihod\u00edm p\u00e1r slan\u00fdch krekr\u016f s&nbsp;r\u016fzn\u00fdmi p\u0159\u00edchut\u011bmi a&nbsp;doma vyroben\u00e9 lu\u0161t\u011bninov\u00e9 a&nbsp;zeleninov\u00e9 dipy.<br \/>\nVzhledem k&nbsp;ro\u010dn\u00ed dob\u011b a&nbsp;tedy obrovsk\u00e9 nekv<span class=\"text_exposed_show\">alit\u011b a&nbsp;vysok\u00e9 cen\u011b \u010derstv\u00e9 zeleniny jako jsou okurky, raj\u010data a&nbsp;papriky, vol\u00edm z&nbsp;\u010derstv\u00e9 zeleniny kedlubny a&nbsp;\u0159edkvi\u010dky.M\u00e1me k&nbsp;dispozici tak\u00e9 kr\u00e1jen\u00fd s\u00fdr a&nbsp;kvalitn\u00ed \u0161unku, k&nbsp;tomu \u010derstv\u00fd dom\u00e1c\u00ed chleba a&nbsp;housky\u00a0<span class=\"_47e3 _5mfr\" title=\"Emotikona smile\"><img loading=\"lazy\" decoding=\"async\" class=\"img\" role=\"presentation\" src=\"https:\/\/static.fprg1-1.fna.fbcdn.net\/images\/emoji.php\/v9\/f4c\/1\/16\/1f642.png\" alt=\"\" width=\"16\" height=\"16\" \/><\/span><\/span><\/p>\n<p>Ze sladk\u00e9ho reperto\u00e1ru je nape\u010den\u00fd mrkvov\u00fd dort a&nbsp;su\u0161enky, pro d\u011bti muffiny slazen\u00e9 jen rozinkami a&nbsp;ban\u00e1ny.<\/p>\n<p>V\u00edno jsem si donesla z&nbsp;nedalek\u00e9 vin\u00e1rny a&nbsp;pivo, kdyby byla chu\u0165, na\u010depujeme v&nbsp;hospod\u011b.<br \/>\nNealko jsem vy\u0159e\u0161ila \u010derstvou \u0161\u0165\u00e1vou z&nbsp;pomeran\u010d\u016f a&nbsp;vodou s&nbsp;citr\u00f3nem.<\/p>\n<p>Tak co, chyb\u00ed n\u00e1m n\u011bco? J\u00e1 mysl\u00edm, \u017ee ne\u00a0<span class=\"_47e3 _5mfr\" title=\"Emotikona smile\"><img loading=\"lazy\" decoding=\"async\" class=\"img\" role=\"presentation\" src=\"https:\/\/static.fprg1-1.fna.fbcdn.net\/images\/emoji.php\/v9\/f4c\/1\/16\/1f642.png\" alt=\"\" width=\"16\" height=\"16\" \/>\u00a0K<\/span>r\u00e1sn\u00fd ve\u010der!<\/p>\n<h3>P\u016fvodn\u00ed p\u0159\u00edsp\u011bvek zde:<\/h3>\n<div class=\"fb-post wptime-fb-post-embed\" data-href=\"https:\/\/www.facebook.com\/redukujemeodpad\/photos\/a.639284676278193.1073741828.639281652945162\/653182781555049\/?type=3&amp;theater\" style=\"margin-bottom:30px;\"><\/div>\n","protected":false},"excerpt":{"rendered":"<p>Slav\u00edm sv\u00e9 narozeniny, tak\u017ee jak letos jinak, ne\u017e bez zbyte\u010dn\u00e9ho odpadu\u00a0 Bramb\u016frky jsem v\u017edycky jedla velmi sporadicky, ale te\u010f u\u017e jsem tak hrozn\u00e1 hostitelka, \u017ee u\u017e je nekoup\u00edm ani host\u016fm. Rad\u011bji vykouzl\u00edm ty dom\u00e1c\u00ed a&nbsp;p\u0159ihod\u00edm p\u00e1r slan\u00fdch krekr\u016f s&nbsp;r\u016fzn\u00fdmi p\u0159\u00edchut\u011bmi a&nbsp;doma vyroben\u00e9 lu\u0161t\u011bninov\u00e9 a&nbsp;zeleninov\u00e9 dipy. Vzhledem k&nbsp;ro\u010dn\u00ed dob\u011b a&nbsp;tedy obrovsk\u00e9 nekvalit\u011b a&nbsp;vysok\u00e9 cen\u011b \u010derstv\u00e9 zeleniny [&hellip;]<\/p>\n","protected":false},"author":1,"featured_media":354,"comment_status":"open","ping_status":"closed","sticky":false,"template":"","format":"standard","meta":{"_monsterinsights_skip_tracking":false,"_monsterinsights_sitenote_active":false,"_monsterinsights_sitenote_note":"","_monsterinsights_sitenote_category":0,"jetpack_post_was_ever_published":false,"footnotes":"","_links_to":"","_links_to_target":""},"categories":[9],"tags":[41,42,53,52,34,2],"jetpack_featured_media_url":"https:\/\/i0.wp.com\/www.reduca.cz\/blog\/wp-content\/uploads\/2017\/09\/party.jpg?fit=934%2C767&ssl=1","jetpack_sharing_enabled":true,"jetpack_shortlink":"https:\/\/wp.me\/p9d4BP-5H","jetpack_likes_enabled":false,"jetpack-related-posts":[{"id":5,"url":"https:\/\/www.reduca.cz\/blog\/prvni-mesic-bez-odpadu\/","url_meta":{"origin":353,"position":0},"title":"Prvn\u00ed m\u011bs\u00edc bez odpadu","date":"1. 2. 2017","format":false,"excerpt":"M\u00e1m za sebou 31 dn\u00ed, kdy jsem se sna\u017eila redukovat odpad v na\u0161\u00ed dom\u00e1cnosti. A\u010dkoli to na\u00a0prvn\u00ed pohled vypad\u00e1, \u017ee se p\u0159\u00edli\u0161 nezm\u011bnilo, vlastn\u011b se toho zm\u011bnilo docela dost. Za nejv\u011bt\u0161\u00ed \u00fasp\u011bch pova\u017euji to, \u017ee o na\u0161em odpadu za\u010dal man\u017eel u\u017e aspo\u0148 uva\u017eovat. :) N\u00e1kupy V prv\u00e9 \u0159ad\u011b jsem zm\u011bnila\u2026","rel":"","context":"In &quot;Z na\u0161eho domova&quot;","img":{"alt_text":"","src":"https:\/\/i0.wp.com\/www.reduca.cz\/blog\/wp-content\/uploads\/2017\/02\/wallpaper.jpg?fit=1200%2C797&ssl=1&resize=350%2C200","width":350,"height":200},"classes":[]},{"id":1128,"url":"https:\/\/www.reduca.cz\/blog\/121-nakladacky\/","url_meta":{"origin":353,"position":1},"title":"#121 &#8211; nakl\u00e1da\u010dky","date":"29. 4. 2017","format":false,"excerpt":"Zkou\u0161\u00edm zava\u0159ovat kde co. Kdy\u017e jsem na\u0161la v\u00fdborn\u00fd zdroj lok\u00e1ln\u00ed a skoro dom\u00e1c\u00ed zeleniny, byla by \u0161koda toho nevyu\u017e\u00edt, \u017ee\u00a0:)\u00a0A tak jsem v\u010dera vyr\u00e1b\u011bla raj\u010datov\u00fd protlak (alespo\u0148 to byl ten z\u00e1m\u011br\u00a0:D) a dnes dod\u011bl\u00e1v\u00e1m okurky, co u\u017e jsem v\u010dera nestihla. Planetu to samoz\u0159ejm\u011b nespas\u00ed, ale krom\u011b u\u0161et\u0159en\u00fdch plechovek \u010di skleni\u010dek\u2026","rel":"","context":"In &quot;Den\u00ed\u010dek na\u0161\u00ed dom\u00e1cnosti&quot;","img":{"alt_text":"","src":"https:\/\/i0.wp.com\/www.reduca.cz\/blog\/wp-content\/uploads\/2017\/11\/21192334_762822857257707_2905204285280409468_n-e1515761088246.jpg?fit=720%2C501&ssl=1&resize=350%2C200","width":350,"height":200},"classes":[]},{"id":805,"url":"https:\/\/www.reduca.cz\/blog\/den-sedmdesaty-devaty-domaci-sirup\/","url_meta":{"origin":353,"position":2},"title":"Den sedmdes\u00e1t\u00fd dev\u00e1t\u00fd &#8211; dom\u00e1c\u00ed sirup","date":"19. 3. 2017","format":false,"excerpt":"U\u017e od d\u011btstv\u00ed jsem milovala bezinkov\u00fd sirup. Co jsme se p\u0159est\u011bhovali a j\u00e1 se synem chodila na poklidn\u00e9 proch\u00e1zky okol\u00edm, sondovala jsem, kde najdu bezinky, abych se po l\u00e9tech mohla vr\u00e1tit k t\u00e9 skv\u011bl\u00e9 chuti. A na mate\u0159sk\u00e9 jsem na\u0161la \u010das a\u017e za dva roky\u00a0:) V\u00fdroba vlastn\u00edch sirup\u016f, marmel\u00e1d, zava\u0159enin\u2026","rel":"","context":"In &quot;Den\u00ed\u010dek na\u0161\u00ed dom\u00e1cnosti&quot;","img":{"alt_text":"","src":"https:\/\/i0.wp.com\/www.reduca.cz\/blog\/wp-content\/uploads\/2017\/10\/bezinky1.jpg?fit=1200%2C800&ssl=1&resize=350%2C200","width":350,"height":200},"classes":[]},{"id":1131,"url":"https:\/\/www.reduca.cz\/blog\/122-domaci-produkce\/","url_meta":{"origin":353,"position":3},"title":"#122 &#8211; dom\u00e1c\u00ed produkce","date":"30. 4. 2017","format":false,"excerpt":"Zat\u00edmco j\u00e1 se synem jsme si u\u017e\u00edvali lesa, man\u017eel tvrd\u011b pracoval na na\u0161\u00ed minizahr\u00e1dce, abychom m\u011bli kde zasadit p\u00e1r bylinek a n\u011bjakou tu zeleninu. Dneska jsem si kone\u010dn\u011b zajela pro prvn\u00ed v\u00e1rku na\u0161ich p\u011bstitelsk\u00fdch pokus\u016f do zahradnictv\u00ed pobl\u00ed\u017e. Nejen, \u017ee jsem nakoupila bez kv\u011btin\u00e1\u010d\u016f, ale vzala jsem n\u00e1m rovnou i\u2026","rel":"","context":"In &quot;Den\u00ed\u010dek na\u0161\u00ed dom\u00e1cnosti&quot;","img":{"alt_text":"","src":"https:\/\/i0.wp.com\/www.reduca.cz\/blog\/wp-content\/uploads\/2017\/11\/20800040_757120637827929_6417648327811270583_n.jpg?fit=960%2C720&ssl=1&resize=350%2C200","width":350,"height":200},"classes":[]},{"id":675,"url":"https:\/\/www.reduca.cz\/blog\/den-padesaty-sesty-nakup-na-trzich\/","url_meta":{"origin":353,"position":4},"title":"Den pades\u00e1t\u00fd \u0161est\u00fd &#8211; n\u00e1kup na trz\u00edch","date":"24. 2. 2017","format":false,"excerpt":"Jednou za m\u011bs\u00edc se u n\u00e1s konaj\u00ed farm\u00e1\u0159sk\u00e9 trhy. V\u011bt\u0161inou po v\u00edkendech trajd\u00e1me mimo domov, tak\u017ee nem\u00e1me \u0161anci je nav\u0161t\u00edvit. Dnes mi to ale po del\u0161\u00ed dob\u011b vy\u0161lo, a tak jsem se t\u011b\u0161ila, \u017ee dokoup\u00edm lok\u00e1ln\u00ed zeleninu, jeliko\u017e jsem nestihla tento t\u00fdden bed\u00fdnku, a vezmu n\u011bjak\u00e9 poctiv\u00e9 maso nebo s\u00fdr.\u2026","rel":"","context":"In &quot;Den\u00ed\u010dek na\u0161\u00ed dom\u00e1cnosti&quot;","img":{"alt_text":"","src":"https:\/\/i0.wp.com\/www.reduca.cz\/blog\/wp-content\/uploads\/2017\/10\/brambory.jpg?fit=1200%2C800&ssl=1&resize=350%2C200","width":350,"height":200},"classes":[]},{"id":1054,"url":"https:\/\/www.reduca.cz\/blog\/102-radeji-domaci-nez-v-obalu\/","url_meta":{"origin":353,"position":5},"title":"#102 &#8211; rad\u011bji dom\u00e1c\u00ed ne\u017e v&nbsp;obalu","date":"11. 4. 2017","format":false,"excerpt":"M\u011bla jsem chu\u0165 na po\u0159\u00e1dn\u00e1 burritos s fazolemi, k \u010demu\u017e nepochybn\u011b pat\u0159\u00ed i tortilla. A\u010dkoliv mi kupovan\u00e9 tortilly docela chutnaj\u00ed, nakoupit je bezobalov\u011b je podle m\u011b nemo\u017en\u00e9, nav\u00edc slo\u017een\u00ed nen\u00ed v\u017edycky \u017e\u00e1dn\u00e1 hitpar\u00e1da. \u010casto a r\u00e1da se inspiruji recepty od\u00a0Kitchenette, jsou srozumiteln\u00e9, chutn\u00e9 a na fotk\u00e1ch vypadaj\u00ed v\u017edy k se\u017er\u00e1n\u00ed.\u2026","rel":"","context":"In &quot;Den\u00ed\u010dek na\u0161\u00ed dom\u00e1cnosti&quot;","img":{"alt_text":"","src":"https:\/\/i0.wp.com\/www.reduca.cz\/blog\/wp-content\/uploads\/2017\/11\/tortily.jpg?fit=1200%2C800&ssl=1&resize=350%2C200","width":350,"height":200},"classes":[]}],"_links":{"self":[{"href":"https:\/\/www.reduca.cz\/blog\/wp-json\/wp\/v2\/posts\/353"}],"collection":[{"href":"https:\/\/www.reduca.cz\/blog\/wp-json\/wp\/v2\/posts"}],"about":[{"href":"https:\/\/www.reduca.cz\/blog\/wp-json\/wp\/v2\/types\/post"}],"author":[{"embeddable":true,"href":"https:\/\/www.reduca.cz\/blog\/wp-json\/wp\/v2\/users\/1"}],"replies":[{"embeddable":true,"href":"https:\/\/www.reduca.cz\/blog\/wp-json\/wp\/v2\/comments?post=353"}],"version-history":[{"count":3,"href":"https:\/\/www.reduca.cz\/blog\/wp-json\/wp\/v2\/posts\/353\/revisions"}],"predecessor-version":[{"id":374,"href":"https:\/\/www.reduca.cz\/blog\/wp-json\/wp\/v2\/posts\/353\/revisions\/374"}],"wp:featuredmedia":[{"embeddable":true,"href":"https:\/\/www.reduca.cz\/blog\/wp-json\/wp\/v2\/media\/354"}],"wp:attachment":[{"href":"https:\/\/www.reduca.cz\/blog\/wp-json\/wp\/v2\/media?parent=353"}],"wp:term":[{"taxonomy":"category","embeddable":true,"href":"https:\/\/www.reduca.cz\/blog\/wp-json\/wp\/v2\/categories?post=353"},{"taxonomy":"post_tag","embeddable":true,"href":"https:\/\/www.reduca.cz\/blog\/wp-json\/wp\/v2\/tags?post=353"}],"curies":[{"name":"wp","href":"https:\/\/api.w.org\/{rel}","templated":true}]}}