{"id":350,"date":"2017-01-26T11:50:55","date_gmt":"2017-01-26T10:50:55","guid":{"rendered":"https:\/\/www.reduca.cz\/wp-blog\/?p=350"},"modified":"2017-09-23T16:54:50","modified_gmt":"2017-09-23T14:54:50","slug":"den-dvacaty-sedmy-nakup-do-krabicky","status":"publish","type":"post","link":"https:\/\/www.reduca.cz\/blog\/den-dvacaty-sedmy-nakup-do-krabicky\/","title":{"rendered":"Den dvac\u00e1t\u00fd sedm\u00fd &#8211; n\u00e1kup do krabi\u010dky"},"content":{"rendered":"<p>I takto m\u016f\u017ee dopadnout n\u00e1kup &#8220;bez obalu&#8221; &#8211; krabi\u010dka obalen\u00e1 potravin\u00e1\u0159skou f\u00f3li\u00ed.<\/p>\n<p>Dneska jsem se hrozn\u011b na\u0161tvala. Pod\u00e1v\u00e1m pan\u00ed v&nbsp;obchod\u011b krabi\u010dku, a\u0165 mi do n\u00ed d\u00e1 \u0161unku, ona se nech\u00e1pav\u011b kouk\u00e1 a&nbsp;pt\u00e1: &#8220;A&nbsp;kam m\u00e1m nalepit l\u00edstek?&#8221; Tak j\u00ed \u0159\u00edk\u00e1m, \u017ee na v\u00ed\u010dko, \u017ee to je v&nbsp;pohod\u011b. Po&nbsp;zav\u0159en\u00ed krabi\u010dky hbit\u011b mrsk\u00e1 k&nbsp;celof\u00e1nu krabi\u010dku obalit. Kouk\u00e1m na ni jak puk a&nbsp;vol\u00e1m<span class=\"text_exposed_show\">, \u017ee to nemus\u00ed, \u017ee se sna\u017e\u00edm plasty \u0161et\u0159it. Vr\u00e1t\u00ed se a&nbsp;p\u0159idrzle jak pubert\u00e1ln\u00ed kluk na m\u011b zvol\u00e1: &#8220;A&nbsp;to si jako mysl\u00edte, \u017ee ta jedna krabi\u010dka to vytrhne?!&#8221;<\/span><\/p>\n<p>&#8220;Jo, pan\u00ed, p\u0159edstavte si, vytrhne. Jedna krabi\u010dka dvakr\u00e1t t\u00fddn\u011b nam\u00edsto neust\u00e1l\u00e9ho shroma\u017e\u010fov\u00e1n\u00ed nesmysln\u00fdch a&nbsp;nevyu\u017eiteln\u00fdch obal\u016f, to znamen\u00e1 104x za rok u\u0161et\u0159en\u00fd materi\u00e1l jen za na\u0161i rodinu. Tak to d\u00edky n\u00e1m nemus\u00ed vyr\u00e1b\u011bt.&#8221;<\/p>\n<p>&#8220;Ale v\u017edy\u0165 se to stejn\u011b vyhod\u00ed.&#8221;<\/p>\n<p>Uf, uf, uf. Stejn\u011b se to vyhod\u00ed. A&nbsp;co se s&nbsp;t\u00edm vyhozen\u00fdm pak d\u00e1l d\u011bje? To u\u017e nevid\u00edme, tak se nestar\u00e1me, \u017ee. On se ten plast p\u0159ece rozpadne, ne?<\/p>\n<p>Pro\u010d pan\u00ed nemohla jednodu\u0161e \u0159\u00edct: &#8220;J\u00e9, promi\u0148te, j\u00e1 jsem si to neuv\u011bdomila.&#8221; Tak p\u0159\u00ed\u0161t\u011b hold jinam.<\/p>\n<h3>P\u016fvodn\u00ed p\u0159\u00edsp\u011bvek zde:<\/h3>\n<div class=\"fb-post wptime-fb-post-embed\" data-href=\"https:\/\/www.facebook.com\/redukujemeodpad\/photos\/a.639284676278193.1073741828.639281652945162\/652003368339657\/?type=3&amp;theater\" style=\"margin-bottom:30px;\"><\/div>\n","protected":false},"excerpt":{"rendered":"<p>I takto m\u016f\u017ee dopadnout n\u00e1kup &#8220;bez obalu&#8221; &#8211; krabi\u010dka obalen\u00e1 potravin\u00e1\u0159skou f\u00f3li\u00ed. Dneska jsem se hrozn\u011b na\u0161tvala. Pod\u00e1v\u00e1m pan\u00ed v&nbsp;obchod\u011b krabi\u010dku, a\u0165 mi do n\u00ed d\u00e1 \u0161unku, ona se nech\u00e1pav\u011b kouk\u00e1 a&nbsp;pt\u00e1: &#8220;A&nbsp;kam m\u00e1m nalepit l\u00edstek?&#8221; Tak j\u00ed \u0159\u00edk\u00e1m, \u017ee na v\u00ed\u010dko, \u017ee to je v&nbsp;pohod\u011b. Po&nbsp;zav\u0159en\u00ed krabi\u010dky hbit\u011b mrsk\u00e1 k&nbsp;celof\u00e1nu krabi\u010dku obalit. Kouk\u00e1m na [&hellip;]<\/p>\n","protected":false},"author":1,"featured_media":351,"comment_status":"open","ping_status":"closed","sticky":false,"template":"","format":"standard","meta":{"_monsterinsights_skip_tracking":false,"_monsterinsights_sitenote_active":false,"_monsterinsights_sitenote_note":"","_monsterinsights_sitenote_category":0,"jetpack_post_was_ever_published":false,"footnotes":"","_links_to":"","_links_to_target":""},"categories":[9],"tags":[51,34,2],"jetpack_featured_media_url":"https:\/\/i0.wp.com\/www.reduca.cz\/blog\/wp-content\/uploads\/2017\/09\/sunka.jpg?fit=3464%2C2309&ssl=1","jetpack_sharing_enabled":true,"jetpack_shortlink":"https:\/\/wp.me\/p9d4BP-5E","jetpack_likes_enabled":false,"jetpack-related-posts":[{"id":2044,"url":"https:\/\/www.reduca.cz\/blog\/kdyz-jeden-jde-tam-a-druhy-jinam\/","url_meta":{"origin":350,"position":0},"title":"Kdy\u017e jeden jde tam a&nbsp;druh\u00fd jinam","date":"31. 5. 2019","format":false,"excerpt":"Mo\u017en\u00e1 byste cht\u011bli m\u00edt dom\u00e1cnost bez odpadu, ale nejde to. Ne kv\u016fli tomu, \u017ee byste necht\u011bli. Ne kv\u016fli tomu, \u017ee byste se dostate\u010dn\u011b nesna\u017eili. Ale nebydl\u00edte sami a va\u0161i spolubydl\u00edc\u00ed maj\u00ed priority, \u010das nebo odhodl\u00e1n\u00ed jinde.\u00a0","rel":"","context":"In &quot;Rady, tipy, zku\u0161enosti&quot;","img":{"alt_text":"","src":"https:\/\/i0.wp.com\/www.reduca.cz\/blog\/wp-content\/uploads\/2019\/04\/demarcate.jpg?fit=1024%2C681&ssl=1&resize=350%2C200","width":350,"height":200},"classes":[]},{"id":1567,"url":"https:\/\/www.reduca.cz\/blog\/jak-se-zije-bez-odpadu-se-dvema-malymi-detmi\/","url_meta":{"origin":350,"position":1},"title":"Jak se \u017eije bez odpadu se dv\u011bma mal\u00fdmi d\u011btmi","date":"6. 8. 2018","format":false,"excerpt":"Chvilka klidu. Okam\u017eik, kter\u00fd posledn\u00edch p\u011bt m\u011bs\u00edc\u016f v m\u00e9m \u017eivot\u011b je tak v\u00fdjime\u010dnou ud\u00e1lost\u00ed, \u017ee kdy\u017e si sednu, p\u0159em\u00fd\u0161l\u00edm, jestli z\u016fstat sed\u011bt anebo honem rychle kmitat a dod\u011blat v\u0161e, co pot\u0159ebuju. Dnes je to p\u011bt m\u011bs\u00edc\u016f, co jsou v na\u0161\u00ed dom\u00e1cnosti dv\u011b d\u011bti. A \u017ee n\u00e1m ji obr\u00e1tily po\u0159\u00e1dn\u011b vzh\u016fru\u2026","rel":"","context":"In &quot;D\u011bti&quot;","img":{"alt_text":"","src":"https:\/\/i0.wp.com\/www.reduca.cz\/blog\/wp-content\/uploads\/2018\/04\/IMG_5936.jpg?fit=1200%2C800&ssl=1&resize=350%2C200","width":350,"height":200},"classes":[]},{"id":240,"url":"https:\/\/www.reduca.cz\/blog\/den-desaty-nakup-do-krabicky\/","url_meta":{"origin":350,"position":2},"title":"Den des\u00e1t\u00fd &#8211; n\u00e1kup do krabi\u010dky","date":"9. 1. 2017","format":false,"excerpt":"Kone\u010dn\u011b bez obalu od m\u00e1sla! M\u016fj prvn\u00ed n\u00e1kup do vlastn\u00ed krabi\u010dky\u00a0:)\u00a0A jako bonus se zji\u0161t\u011bn\u00edm, \u017ee m\u016fj obl\u00edben\u00fd bl\u00edzk\u00fd obchod se zdravou v\u00fd\u017eivou pl\u00e1nuje do budoucna bezobalov\u00fd prodej sem\u00ednek a o\u0159ech\u016f. Kde v\u0161ude m\u016f\u017eete nakoupit nejen m\u00e1slo, ale i dal\u0161\u00ed zbo\u017e\u00ed, bez obal\u016f, najdete na bezodpadov\u00e9 map\u011b. P\u016fvodn\u00ed p\u0159\u00edsp\u011bvek zde:","rel":"","context":"In &quot;Den\u00ed\u010dek na\u0161\u00ed dom\u00e1cnosti&quot;","img":{"alt_text":"","src":"https:\/\/i0.wp.com\/www.reduca.cz\/blog\/wp-content\/uploads\/2017\/01\/maslo.jpg?fit=1200%2C800&ssl=1&resize=350%2C200","width":350,"height":200},"classes":[]},{"id":675,"url":"https:\/\/www.reduca.cz\/blog\/den-padesaty-sesty-nakup-na-trzich\/","url_meta":{"origin":350,"position":3},"title":"Den pades\u00e1t\u00fd \u0161est\u00fd &#8211; n\u00e1kup na trz\u00edch","date":"24. 2. 2017","format":false,"excerpt":"Jednou za m\u011bs\u00edc se u n\u00e1s konaj\u00ed farm\u00e1\u0159sk\u00e9 trhy. V\u011bt\u0161inou po v\u00edkendech trajd\u00e1me mimo domov, tak\u017ee nem\u00e1me \u0161anci je nav\u0161t\u00edvit. Dnes mi to ale po del\u0161\u00ed dob\u011b vy\u0161lo, a tak jsem se t\u011b\u0161ila, \u017ee dokoup\u00edm lok\u00e1ln\u00ed zeleninu, jeliko\u017e jsem nestihla tento t\u00fdden bed\u00fdnku, a vezmu n\u011bjak\u00e9 poctiv\u00e9 maso nebo s\u00fdr.\u2026","rel":"","context":"In &quot;Den\u00ed\u010dek na\u0161\u00ed dom\u00e1cnosti&quot;","img":{"alt_text":"","src":"https:\/\/i0.wp.com\/www.reduca.cz\/blog\/wp-content\/uploads\/2017\/10\/brambory.jpg?fit=1200%2C800&ssl=1&resize=350%2C200","width":350,"height":200},"classes":[]},{"id":284,"url":"https:\/\/www.reduca.cz\/blog\/den-osmnacty-velky-bezobalovy-nakup\/","url_meta":{"origin":350,"position":4},"title":"Den osmn\u00e1ct\u00fd &#8211; velk\u00fd bezobalov\u00fd n\u00e1kup","date":"17. 1. 2017","format":false,"excerpt":"Objevuji bezobalov\u00e9 mo\u017enosti! Dnes jsem \u0161la na ud\u011blat pr\u016fzkum centra Brna a vy\u0159\u00eddit resty. Poznatk\u016f bylo po\u017eehnan\u011b: 1) Ml\u00e9komat\u00a0T-mleko: Kdy\u017e si nech\u00e1te vyjet sklenici z kraje, spadne horizont\u00e1ln\u011b a nep\u016fjdou v\u00e1m dv\u00ed\u0159ka otev\u0159\u00edt. Na\u0161t\u011bst\u00ed m\u00e1me str\u00e1\u017ece z\u00e1kona, kte\u0159\u00ed vlastn\u00ed teleskopick\u00fd obu\u0161ek, a ten l\u00e1hev dokonale \"vy\u0161\u0165ouchne\"\u00a0:) 2)\u00a0FICHEMA: Nejen, \u017ee maj\u00ed\u2026","rel":"","context":"In &quot;Den\u00ed\u010dek na\u0161\u00ed dom\u00e1cnosti&quot;","img":{"alt_text":"","src":"https:\/\/i0.wp.com\/www.reduca.cz\/blog\/wp-content\/uploads\/2017\/09\/nakup.jpg?fit=1200%2C850&ssl=1&resize=350%2C200","width":350,"height":200},"classes":[]},{"id":1537,"url":"https:\/\/www.reduca.cz\/blog\/stourat-ci-nestourat-to-je-oc-tu-bezi\/","url_meta":{"origin":350,"position":5},"title":"\u0160\u0165ourat \u010di&nbsp;ne\u0161\u0165ourat? To je o\u010d tu b\u011b\u017e\u00ed!","date":"29. 7. 2018","format":false,"excerpt":"Ucho\u0161\u0165oury. Pro n\u011bkoho stra\u0161n\u00e9 zlo, kter\u00e9 nepust\u00ed do bytu, pro jin\u00e9ho ka\u017edodenn\u00ed sou\u010d\u00e1st \u017eivota. Byla jsem p\u0159ekvapen\u00e1, kolik lid\u00ed zaujal p\u0159\u00edsp\u011bvek na t\u00e9ma bezplastov\u00fdch ucho\u0161\u0165our\u016f a uv\u011bdomila si, \u017ee tohle t\u00e9ma stoj\u00ed za to bl\u00ed\u017ee prozkoumat.","rel":"","context":"In &quot;Rady, tipy, zku\u0161enosti&quot;","img":{"alt_text":"","src":"https:\/\/i0.wp.com\/www.reduca.cz\/blog\/wp-content\/uploads\/2018\/07\/hofmanseahorse_dsc8242.jpg?fit=992%2C472&ssl=1&resize=350%2C200","width":350,"height":200},"classes":[]}],"_links":{"self":[{"href":"https:\/\/www.reduca.cz\/blog\/wp-json\/wp\/v2\/posts\/350"}],"collection":[{"href":"https:\/\/www.reduca.cz\/blog\/wp-json\/wp\/v2\/posts"}],"about":[{"href":"https:\/\/www.reduca.cz\/blog\/wp-json\/wp\/v2\/types\/post"}],"author":[{"embeddable":true,"href":"https:\/\/www.reduca.cz\/blog\/wp-json\/wp\/v2\/users\/1"}],"replies":[{"embeddable":true,"href":"https:\/\/www.reduca.cz\/blog\/wp-json\/wp\/v2\/comments?post=350"}],"version-history":[{"count":3,"href":"https:\/\/www.reduca.cz\/blog\/wp-json\/wp\/v2\/posts\/350\/revisions"}],"predecessor-version":[{"id":376,"href":"https:\/\/www.reduca.cz\/blog\/wp-json\/wp\/v2\/posts\/350\/revisions\/376"}],"wp:featuredmedia":[{"embeddable":true,"href":"https:\/\/www.reduca.cz\/blog\/wp-json\/wp\/v2\/media\/351"}],"wp:attachment":[{"href":"https:\/\/www.reduca.cz\/blog\/wp-json\/wp\/v2\/media?parent=350"}],"wp:term":[{"taxonomy":"category","embeddable":true,"href":"https:\/\/www.reduca.cz\/blog\/wp-json\/wp\/v2\/categories?post=350"},{"taxonomy":"post_tag","embeddable":true,"href":"https:\/\/www.reduca.cz\/blog\/wp-json\/wp\/v2\/tags?post=350"}],"curies":[{"name":"wp","href":"https:\/\/api.w.org\/{rel}","templated":true}]}}