{"id":335,"date":"2017-01-24T11:10:24","date_gmt":"2017-01-24T10:10:24","guid":{"rendered":"https:\/\/www.reduca.cz\/wp-blog\/?p=335"},"modified":"2017-09-23T16:59:13","modified_gmt":"2017-09-23T14:59:13","slug":"den-dvacaty-paty-konec-se-samponovymi-lahvickami","status":"publish","type":"post","link":"https:\/\/www.reduca.cz\/blog\/den-dvacaty-paty-konec-se-samponovymi-lahvickami\/","title":{"rendered":"Den dvac\u00e1t\u00fd p\u00e1t\u00fd &#8211; tuh\u00fd \u0161ampon"},"content":{"rendered":"<p>Poctiv\u011b jsem udala \u0161ampon, kter\u00fd mi nebyl p\u0159\u00edjemn\u00fd a&nbsp;zkusila t\u00e9m\u011b\u0159 bezobalovou verzi &#8211; tuh\u00fd \u0161ampon. \u010cetla jsem r\u016fzn\u00e9 zku\u0161enosti, jak ob\u010das trv\u00e1, ne\u017e si vlasy zvyknou&#8230;<\/p>\n<p>Prvn\u00ed umyt\u00ed zvl\u00e1\u0161tn\u00ed. Vlasy se divn\u011b krout\u00ed a&nbsp;v\u016fbec nejsou hebk\u00e9 jako umyt\u00e9.<span class=\"text_exposed_show\"><br \/>\nDruh\u00e9 umyt\u00ed &#8211; p\u0159id\u00e1v\u00e1m v\u0161ude doporu\u010dovan\u00fd oplach z&nbsp;jable\u010dn\u00e9ho octa. Uf. Nejen, \u017ee je mi smrad p\u0159i&nbsp;oplachov\u00e1n\u00ed nep\u0159\u00edjemn\u00fd, mus\u00ed to taky chvilku p\u016fsobit, tak\u017ee ocet kape a&nbsp;smrd\u00ed v\u0161ude. A&nbsp;bonus? Vlasy smrd\u00ed i&nbsp;po&nbsp;smyt\u00ed.<br \/>\nJdu na t\u0159et\u00ed umyt\u00ed, oplach u\u017e nechci. M\u00e1m hlavu tak mastnou, \u017ee si rad\u011bji d\u011bl\u00e1m cul\u00edk, na ty vlasy se ned\u00e1 \u0161ahat.<br \/>\n\u010ctvrt\u00e9 myt\u00ed ka\u0161lu na \u0161ampon, jde do tuh\u00e9ho. Zkou\u0161\u00edm \u017eitnou mouku, resp. ka\u0161i\u010dku z&nbsp;mouky a&nbsp;vody. M\u016fj strach, \u017ee u\u017e to z&nbsp;hlavy nikdy nesmyju, se na\u0161t\u011bst\u00ed nevyplnil. A&#8230; aleluj\u00e1! M\u00e1m vlasy such\u00e9, ale m\u016f\u017eu mezi lidi\u00a0<span class=\"_47e3 _5mfr\" title=\"Emotikona smile\"><img loading=\"lazy\" decoding=\"async\" class=\"img\" role=\"presentation\" src=\"https:\/\/static.fprg1-1.fna.fbcdn.net\/images\/emoji.php\/v9\/f4c\/1\/16\/1f642.png\" alt=\"\" width=\"16\" height=\"16\" \/><\/span><\/span><\/p>\n<p>Mysl\u00edm, \u017ee se \u0161amponem budeme je\u0161t\u011b hledat svoji cestu.<\/p>\n<p><span class=\"text_exposed_show\">Jak jsem ji hledala a&nbsp;co se mi osv\u011bd\u010dilo, jsem sepsala v&nbsp;<a href=\"https:\/\/www.reduca.cz\/blog\/recenze-zero-waste-samponu\">samostatn\u00e9m \u010dl\u00e1nku<\/a>.<\/span><\/p>\n<h3>P\u016fvodn\u00ed p\u0159\u00edsp\u011bvek zde:<\/h3>\n<div class=\"fb-post wptime-fb-post-embed\" data-href=\"https:\/\/www.facebook.com\/redukujemeodpad\/photos\/a.639284676278193.1073741828.639281652945162\/650686995137961\/?type=3&amp;theater\" style=\"margin-bottom:30px;\"><\/div>\n","protected":false},"excerpt":{"rendered":"<p>Poctiv\u011b jsem udala \u0161ampon, kter\u00fd mi nebyl p\u0159\u00edjemn\u00fd a&nbsp;zkusila t\u00e9m\u011b\u0159 bezobalovou verzi &#8211; tuh\u00fd \u0161ampon. \u010cetla jsem r\u016fzn\u00e9 zku\u0161enosti, jak ob\u010das trv\u00e1, ne\u017e si vlasy zvyknou&#8230; Prvn\u00ed umyt\u00ed zvl\u00e1\u0161tn\u00ed. Vlasy se divn\u011b krout\u00ed a&nbsp;v\u016fbec nejsou hebk\u00e9 jako umyt\u00e9. Druh\u00e9 umyt\u00ed &#8211; p\u0159id\u00e1v\u00e1m v\u0161ude doporu\u010dovan\u00fd oplach z&nbsp;jable\u010dn\u00e9ho octa. Uf. Nejen, \u017ee je mi smrad p\u0159i&nbsp;oplachov\u00e1n\u00ed nep\u0159\u00edjemn\u00fd, [&hellip;]<\/p>\n","protected":false},"author":1,"featured_media":340,"comment_status":"open","ping_status":"closed","sticky":false,"template":"","format":"standard","meta":{"_monsterinsights_skip_tracking":false,"_monsterinsights_sitenote_active":false,"_monsterinsights_sitenote_note":"","_monsterinsights_sitenote_category":0,"jetpack_post_was_ever_published":false,"footnotes":"","_links_to":"","_links_to_target":""},"categories":[9],"tags":[41,42,32,25,49,34,2],"jetpack_featured_media_url":"https:\/\/i0.wp.com\/www.reduca.cz\/blog\/wp-content\/uploads\/2017\/01\/naturinka.jpg?fit=3464%2C2309&ssl=1","jetpack_sharing_enabled":true,"jetpack_shortlink":"https:\/\/wp.me\/p9d4BP-5p","jetpack_likes_enabled":false,"jetpack-related-posts":[{"id":158,"url":"https:\/\/www.reduca.cz\/blog\/recenze-zero-waste-samponu\/","url_meta":{"origin":335,"position":0},"title":"Recenze zero waste \u0161ampon\u016f","date":"18. 9. 2017","format":false,"excerpt":"Jednou z prvn\u00edch polo\u017eek na seznamu redukov\u00e1n\u00ed odpadu je hygiena, konkr\u00e9tn\u011b m\u00fddlo a \u0161ampon. P\u0159echod na tuh\u00e9 m\u00fddlo b\u00fdv\u00e1 jednoduch\u00fd, s myt\u00edm vlas\u016f je to ale n\u00e1ro\u010dn\u011bj\u0161\u00ed, obzvl\u00e1\u0161t\u011b u \u017een. Vyzkou\u0161ela jsem n\u011bkolik variant myt\u00ed v zero waste duchu, tedy bez nebo s minimem obal\u016f a bez zbyte\u010dn\u00e9ho odpadu.","rel":"","context":"In &quot;Koupelna&quot;","img":{"alt_text":"","src":"https:\/\/i0.wp.com\/www.reduca.cz\/blog\/wp-content\/uploads\/2017\/09\/hair.jpg?fit=1200%2C800&ssl=1&resize=350%2C200","width":350,"height":200},"classes":[]},{"id":783,"url":"https:\/\/www.reduca.cz\/blog\/den-sedmdesaty-treti-vlasovy-sampuk\/","url_meta":{"origin":335,"position":1},"title":"Den sedmdes\u00e1t\u00fd t\u0159et\u00ed &#8211; vlasov\u00fd \u0161ampuk","date":"13. 3. 2017","format":false,"excerpt":"Mal\u00e1 Naturinka mi vydr\u017eela asi 3 m\u011bs\u00edce. Ke konci u\u017e jsem m\u011bla vlasy lep\u0161\u00ed ne\u017e na za\u010d\u00e1tku, asi to pro n\u011b byl po l\u00e9tech chemie docela \u0161ok. Octov\u00fd oplach jsem pou\u017e\u00edvala po celou dobu, ale v kompletn\u011b jin\u00e9m \u0159ed\u011bn\u00ed ne\u017e na za\u010d\u00e1tku\u00a0:)\u00a0Oplach jsem d\u011blala jen s p\u00e1r kapkami jable\u010dn\u00e9ho octa.\u2026","rel":"","context":"In &quot;Den\u00ed\u010dek na\u0161\u00ed dom\u00e1cnosti&quot;","img":{"alt_text":"","src":"https:\/\/i0.wp.com\/www.reduca.cz\/blog\/wp-content\/uploads\/2017\/10\/vlasy2.jpg?fit=1200%2C800&ssl=1&resize=350%2C200","width":350,"height":200},"classes":[]},{"id":1022,"url":"https:\/\/www.reduca.cz\/blog\/den-devadesaty-treti-staceny-sampon\/","url_meta":{"origin":335,"position":2},"title":"Den devades\u00e1t\u00fd t\u0159et\u00ed &#8211; st\u00e1\u010den\u00fd \u0161ampon","date":"2. 4. 2017","format":false,"excerpt":"V\u010dera jsem kone\u010dn\u011b m\u011bla mo\u017enost pod\u00edvat se do nov\u011b ud\u011blan\u00e9 pobo\u010dky\u00a0Br\u00e1na ke zdrav\u00ed - zdrav\u00e1 v\u00fd\u017eiva, ve kter\u00e9 se pomalu zam\u011b\u0159uj\u00ed na zero waste nakupov\u00e1n\u00ed drogerie a kosmetiky. Krom\u011b klasick\u00fdch tuh\u00fdch m\u00fddel a \u0161ampon\u016f a st\u00e1\u010den\u00fdch (a sypan\u00fdch) produkt\u016f od\u00a0TIERRA VERDE s. r. o.\u00a0jsem kone\u010dn\u011b na\u0161la i st\u00e1\u010den\u00fd \u0161ampon. Vzala\u2026","rel":"","context":"In &quot;Den\u00ed\u010dek na\u0161\u00ed dom\u00e1cnosti&quot;","img":{"alt_text":"","src":"https:\/\/i0.wp.com\/www.reduca.cz\/blog\/wp-content\/uploads\/2017\/04\/sampon2-e1510522020641.jpg?fit=1200%2C1122&ssl=1&resize=350%2C200","width":350,"height":200},"classes":[]},{"id":5,"url":"https:\/\/www.reduca.cz\/blog\/prvni-mesic-bez-odpadu\/","url_meta":{"origin":335,"position":3},"title":"Prvn\u00ed m\u011bs\u00edc bez odpadu","date":"1. 2. 2017","format":false,"excerpt":"M\u00e1m za sebou 31 dn\u00ed, kdy jsem se sna\u017eila redukovat odpad v na\u0161\u00ed dom\u00e1cnosti. A\u010dkoli to na\u00a0prvn\u00ed pohled vypad\u00e1, \u017ee se p\u0159\u00edli\u0161 nezm\u011bnilo, vlastn\u011b se toho zm\u011bnilo docela dost. Za nejv\u011bt\u0161\u00ed \u00fasp\u011bch pova\u017euji to, \u017ee o na\u0161em odpadu za\u010dal man\u017eel u\u017e aspo\u0148 uva\u017eovat. :) N\u00e1kupy V prv\u00e9 \u0159ad\u011b jsem zm\u011bnila\u2026","rel":"","context":"In &quot;Z na\u0161eho domova&quot;","img":{"alt_text":"","src":"https:\/\/i0.wp.com\/www.reduca.cz\/blog\/wp-content\/uploads\/2017\/02\/wallpaper.jpg?fit=1200%2C797&ssl=1&resize=350%2C200","width":350,"height":200},"classes":[]},{"id":969,"url":"https:\/\/www.reduca.cz\/blog\/mily-jezisku\/","url_meta":{"origin":335,"position":4},"title":"Mil\u00fd Je\u017e\u00ed\u0161ku&#8230;","date":"11. 11. 2017","format":false,"excerpt":"Letos bych si p\u0159\u00e1la V\u00e1noce s minimem odpadu.","rel":"","context":"In &quot;Rady, tipy, zku\u0161enosti&quot;","img":{"alt_text":"","src":"https:\/\/i0.wp.com\/www.reduca.cz\/blog\/wp-content\/uploads\/2017\/11\/448828-nekolku-soveti-kako-da-iskoristite-stari-vesnici.jpg?fit=1200%2C870&ssl=1&resize=350%2C200","width":350,"height":200},"classes":[]},{"id":136,"url":"https:\/\/www.reduca.cz\/blog\/tri-mesice-s-minimem-odpadu\/","url_meta":{"origin":335,"position":5},"title":"T\u0159i m\u011bs\u00edce s&nbsp;minimem odpadu","date":"4. 4. 2017","format":false,"excerpt":"M\u00e1m za sebou dal\u0161\u00ed mezn\u00edk, kter\u00fdm jsou t\u0159i m\u011bs\u00edce \u017eivota s minimem odpadu. Pod\u00edvejte se, jak n\u00e1\u0161 \u017eivot v tomto obdob\u00ed vypad\u00e1, co jsme si odpustili, na \u010dem pracujeme a co si vz\u00edt nenech\u00e1me.","rel":"","context":"In &quot;Z na\u0161eho domova&quot;","img":{"alt_text":"","src":"https:\/\/i0.wp.com\/www.reduca.cz\/blog\/wp-content\/uploads\/2017\/04\/nakup.jpg?fit=1200%2C850&ssl=1&resize=350%2C200","width":350,"height":200},"classes":[]}],"_links":{"self":[{"href":"https:\/\/www.reduca.cz\/blog\/wp-json\/wp\/v2\/posts\/335"}],"collection":[{"href":"https:\/\/www.reduca.cz\/blog\/wp-json\/wp\/v2\/posts"}],"about":[{"href":"https:\/\/www.reduca.cz\/blog\/wp-json\/wp\/v2\/types\/post"}],"author":[{"embeddable":true,"href":"https:\/\/www.reduca.cz\/blog\/wp-json\/wp\/v2\/users\/1"}],"replies":[{"embeddable":true,"href":"https:\/\/www.reduca.cz\/blog\/wp-json\/wp\/v2\/comments?post=335"}],"version-history":[{"count":5,"href":"https:\/\/www.reduca.cz\/blog\/wp-json\/wp\/v2\/posts\/335\/revisions"}],"predecessor-version":[{"id":378,"href":"https:\/\/www.reduca.cz\/blog\/wp-json\/wp\/v2\/posts\/335\/revisions\/378"}],"wp:featuredmedia":[{"embeddable":true,"href":"https:\/\/www.reduca.cz\/blog\/wp-json\/wp\/v2\/media\/340"}],"wp:attachment":[{"href":"https:\/\/www.reduca.cz\/blog\/wp-json\/wp\/v2\/media?parent=335"}],"wp:term":[{"taxonomy":"category","embeddable":true,"href":"https:\/\/www.reduca.cz\/blog\/wp-json\/wp\/v2\/categories?post=335"},{"taxonomy":"post_tag","embeddable":true,"href":"https:\/\/www.reduca.cz\/blog\/wp-json\/wp\/v2\/tags?post=335"}],"curies":[{"name":"wp","href":"https:\/\/api.w.org\/{rel}","templated":true}]}}