{"id":2799,"date":"2022-07-10T22:29:18","date_gmt":"2022-07-10T20:29:18","guid":{"rendered":"https:\/\/www.reduca.cz\/blog\/?p=2799"},"modified":"2022-07-10T22:38:27","modified_gmt":"2022-07-10T20:38:27","slug":"recenze-roll-on-parfem-kvitok-fruity","status":"publish","type":"post","link":"https:\/\/www.reduca.cz\/blog\/recenze-roll-on-parfem-kvitok-fruity\/","title":{"rendered":"Recenze: Roll-on parf\u00e9m Kvitok Fruity"},"content":{"rendered":"<p><em>Parf\u00e9my v&nbsp;m\u00e9m \u017eivot\u011b posledn\u00edch n\u011bkolik let nehr\u00e1ly roli. Kdy\u017e m\u00e1te mal\u00e9 miminko, chcete, aby \u010dichalo va\u0161i p\u0159irozenou v\u016fni, ne um\u011bl\u00fd parf\u00e9m, a&nbsp;po&nbsp;n\u011bkolika letech na mate\u0159sk\u00e9 jste r\u00e1di, kdy\u017e si r\u00e1no v\u016fbec d\u00e1te deodorant. P\u0159idejte k&nbsp;tomu non toxic zp\u016fsob \u017eivota, kdy krit\u00e9ria p\u0159\u00edrodn\u00edho parf\u00e9mu spl\u0148uje jen p\u00e1r zna\u010dek, a&nbsp;kdy\u017e u\u017e, stoj\u00ed ranec. Dohromady se zero waste \u017eivotn\u00edm stylem, kdy v&nbsp;prv\u00e9 \u0159ad\u011b odm\u00edt\u00e1te zbyte\u010dn\u00fd odpad, byl pro m\u011b parf\u00e9m nadbyte\u010dnou z\u00e1le\u017eitost\u00ed. \u010cas ale uzr\u00e1l a&nbsp;kdy\u017e chcete vyrazit zp\u00e1tky do sv\u011bta, nen\u00ed od v\u011bci m\u00edt v&nbsp;z\u00e1loze n\u011bjakou tu p\u0159\u00edjemnou v\u016fni.<\/em><\/p>\n<p>S parf\u00e9my na olejov\u00e9 b\u00e1zi jsem zat\u00edm zku\u0161enost nem\u011bla, proto jsem si na vyzkou\u0161en\u00ed vybrala roll-on olejov\u00fd parf\u00e9m <a href=\"https:\/\/www.econea.cz\/kvitok-roll-on-olejovy-parfem-fruity-10-ml\/?a_box=y8jt56x7\" target=\"_blank\" rel=\"noopener\">Fruity<\/a> od slovensk\u00e9 zna\u010dky Kvitok. S&nbsp;Kvitkom m\u00e1m jen sam\u00e9 dobr\u00e9 zku\u0161enosti, co jsem si koupila, mi v\u017edy von\u011blo \u00fa\u017easn\u011b, a&nbsp;tak jsem doufala v&nbsp;\u00fasp\u011bch i&nbsp;pro tentokr\u00e1t. V\u00fdhoda olejov\u00e9ho parf\u00e9mu je, \u017ee se na t\u011ble <strong>udr\u017e\u00ed d\u00e9le<\/strong> ne\u017e parf\u00e9m na alkoholov\u00e9m z\u00e1kladu, o&nbsp;poko\u017eku z\u00e1rove\u0148 pe\u010duje a&nbsp;hydratuje ji, nevyvol\u00e1vaj\u00ed \u017e\u00e1dn\u00e9 ne\u017e\u00e1douc\u00ed \u00fa\u010dinky jako chemi\u010dt\u00ed kolegov\u00e9 a&nbsp;d\u00e1 se pou\u017e\u00edt i&nbsp;pro aromaterapii, kdy v\u016fn\u011b esenci\u00e1ln\u00edch olej\u016f dok\u00e1\u017e\u00ed stimulovat na\u0161i n\u00e1ladu.<\/p>\n<p>Oproti klasick\u00e9mu parf\u00e9mu se nan\u00e1\u0161\u00ed pouze na pulzn\u00ed body &#8211; na z\u00e1p\u011bst\u00ed, k\u016f\u017ei za u\u0161ima, kr\u010dn\u00ed tepnu, loketn\u00ed a&nbsp;podkolenn\u00ed jamky, oblast sp\u00e1nk\u016f nebo dekolt. Je dobr\u00e9 po\u010dkat, ne\u017e se parf\u00e9m vst\u0159eb\u00e1 a&nbsp;nep\u0159et\u00edrat si po&nbsp;aplikaci po&nbsp;k\u016f\u017ei (nap\u0159.&nbsp;z\u00e1p\u011bst\u00edm o&nbsp;z\u00e1p\u011bst\u00ed, jak jsme zvykl\u00ed). Teplem se vonn\u00e9 slo\u017eky uvol\u0148uj\u00ed rychleji a&nbsp;v\u00fddr\u017e parf\u00e9mu tak kles\u00e1.<\/p>\n<p>Parf\u00e9m Fruity obsahuje <strong>jojobov\u00fd olej<\/strong>, kter\u00fd je velmi obl\u00edben\u00fd pro sv\u00e9 hypoalergenn\u00ed vlastnosti, vhodnost na ka\u017ed\u00fd typ pleti, obsahuje vysok\u00e9 procento vitaminu E a&nbsp;pom\u00e1h\u00e1 udr\u017eovat ple\u0165 vl\u00e1\u010dnou a&nbsp;hebkou, a&nbsp;tak\u00e9 <strong>hroznov\u00fd olej<\/strong>, d\u00edky n\u011bmu\u017e se parf\u00e9m dob\u0159e vst\u0159eb\u00e1v\u00e1. Jako hlavu parf\u00e9mu v\u00fdrobce uv\u00e1d\u00ed <strong>malinu, broskev, an\u00fdz<\/strong>, jako srdce <strong>\u010dern\u00fd ryb\u00edz, r\u016f\u017ei a&nbsp;fialku<\/strong> a&nbsp;v&nbsp;z\u00e1kladu je <strong>vanilka a&nbsp;karamel<\/strong>.<\/p>\n<div class=\"row\">\n<div class=\"col-md-10 col-md-offset-1 col-sm-12\"><a title=\"Roll-on parf\u00e9m Fruity\" href=\"https:\/\/www.reduca.cz\/blog\/wp-content\/uploads\/2022\/07\/IMG_8368-4-1024x683.jpg\"><br \/>\n<img decoding=\"async\" class=\"img-responsive\" src=\"https:\/\/i0.wp.com\/www.reduca.cz\/blog\/wp-content\/uploads\/2022\/07\/IMG_8368-4.jpg?resize=648%2C432&#038;ssl=1\" alt=\"\" data-recalc-dims=\"1\" \/><br \/>\n<\/a><\/div>\n<\/div>\n<p><span class=\"caption text-muted\">Roll-on parf\u00e9m Fruity<\/span><\/p>\n<p>Kdy\u017e mi do ruky p\u0159i\u0161el roll-on parf\u00e9m od Kv\u00edtku, byla jsem p\u0159ekvapen\u00e1 jeho velikost\u00ed, je to takov\u00fd mali\u010dk\u00fd <strong>pomocn\u00ed\u010dek do kabelky<\/strong>. Tenhle form\u00e1t je opravdu skv\u011bl\u00fd na cesty nebo na ka\u017edodenn\u00ed cesty mezi lidi. Sp\u00ed\u0161e ale ne\u017e do kancel\u00e1\u0159e nebo na p\u00e1rty bych ho doporu\u010dila do kabelky sle\u010dny v&nbsp;n\u00e1ctilet\u00e9m v\u011bku. Parf\u00e9m je sla\u010fou\u010dk\u00fd, nejv\u00edce vn\u00edm\u00e1m v\u016fni malin, jemn\u011b se v&nbsp;n\u011bm prol\u00e9vaj\u00ed ale i&nbsp;ostatn\u00ed v\u016fn\u011b &#8211; \u010dern\u00e9ho ryb\u00edzu, r\u016f\u017e\u00ed \u010di&nbsp;fialek. Vanilku bych v&nbsp;parf\u00e9mu neobjevila. Skv\u011bl\u00e9, je, \u017ee v\u016fn\u011b z\u016fst\u00e1v\u00e1 nem\u011bnn\u00e1 i&nbsp;n\u011bkolik minut po&nbsp;aplikaci, pouze se trochu zjemn\u00ed.<\/p>\n<p>Tahle sladk\u00e1 kombinace je \u017eiv\u00e1 a&nbsp;hrav\u00e1, za m\u011b bude nejvhodn\u011bj\u0161\u00ed <strong>pro mlad\u00e9 sle\u010dny<\/strong>, kter\u00e9 s&nbsp;von\u011bn\u00edm za\u010d\u00ednaj\u00ed. M\u016f\u017eou si k&nbsp;n\u011bmu rovnou p\u0159ihodit i&nbsp;<a href=\"https:\/\/www.econea.cz\/kvitok-tuhy-deodorant-fruity-42-ml\/?a_box=y8jt56x7\" target=\"_blank\" rel=\"noopener\">deodorant<\/a> nebo <a href=\"https:\/\/www.econea.cz\/kvitok-slehany-telovy-krem-fruity-60-ml\/?a_box=y8jt56x7\" target=\"_blank\" rel=\"noopener\">\u0161lehan\u00e9 t\u011blov\u00e9 m\u00e1slo<\/a> ve&nbsp;stejn\u00e9m duchu. D\u00edky p\u0159\u00edrodn\u00edmu slo\u017een\u00ed se nemus\u00edte b\u00e1t n\u011bjak\u00fdch ne\u017e\u00e1douc\u00edch \u00fa\u010dink\u016f, leda toho, \u017ee obdarovan\u00e1 d\u00edvka bude m\u00edt nejsp\u00ed\u0161 permanentn\u00ed chu\u0165 na sladk\u00e9 bonbony nebo malinovku \ud83d\ude42<\/p>\n<h4>O zna\u010dce Kvitok<\/h4>\n<p>Kvitok je zna\u010dkou ze&nbsp;Slovenska, kter\u00e9 zalo\u017eila p\u016fvodn\u011b pod jm\u00e9nem Navia Martina Dudov\u00e1. Ta po&nbsp;studiu l\u00e9ka\u0159sk\u00e9 i&nbsp;chemick\u00e9 fakulty do\u0161la k&nbsp;proz\u0159en\u00ed, \u017ee ne v\u0161echna chemie je pro na\u0161e t\u011blo v&nbsp;po\u0159\u00e1dku a&nbsp;za\u010dala svou pozornost soust\u0159edit na p\u0159\u00edrodn\u00ed kosmetiku. Jej\u00ed v\u00fdrobky jsou nejen p\u0159\u00edrodn\u00edho slo\u017een\u00ed, z&nbsp;p\u0159ev\u00e1\u017en\u00e9 v\u011bt\u0161iny rostlinn\u00e9ho p\u016fvodu a&nbsp;netestovan\u00e9 na zv\u00ed\u0159atech, ale db\u00e1 i&nbsp;na obalov\u00fd materi\u00e1l, ve&nbsp;kter\u00e9m d\u00e1v\u00e1 p\u0159ednost recyklovan\u00e9mu pap\u00edru \u010di&nbsp;sklu. Tam, kde ani sklo z&nbsp;d\u016fvodu ochrany obsahu nesta\u010d\u00ed, vyu\u017e\u00edvaj\u00ed rostlinn\u00e9ho plastu PLA. Proto\u017ee d\u016fsledn\u011b dbaj\u00ed o&nbsp;co nejmen\u0161\u00ed odpad, ve&nbsp;vlastn\u00edm <a href=\"https:\/\/kvitok.sk\/recyklacny-program-kvitok\/\" target=\"_blank\" rel=\"noopener\">recykla\u010dn\u00edm programu<\/a> sb\u00edraj\u00ed star\u00e9 obaly, \u010dist\u00ed je a&nbsp;d\u00e1le pou\u017e\u00edvaj\u00ed znovu.<\/p>\n<div class=\"row\">\n<div class=\"col-sm-3 col-md-offset-2\"><a title=\"Roll-on parf\u00e9m Fruity\" href=\"https:\/\/www.reduca.cz\/blog\/wp-content\/uploads\/2022\/07\/IMG_8367-687x1024.jpg\"><br \/>\n<\/a><a href=\"https:\/\/i0.wp.com\/www.reduca.cz\/blog\/wp-content\/uploads\/2022\/07\/IMG_8367-687x1024.jpg?ssl=1\"><img decoding=\"async\" class=\"img-responsive\" src=\"https:\/\/i0.wp.com\/www.reduca.cz\/blog\/wp-content\/uploads\/2022\/07\/IMG_8367.jpg?resize=648%2C966&#038;ssl=1\" alt=\"\" data-recalc-dims=\"1\" \/><\/a><\/div>\n<div class=\"col-sm-6 col-sm-12\"><a title=\"Roll-on parf\u00e9m Fruity\" href=\"https:\/\/www.reduca.cz\/blog\/wp-content\/uploads\/2022\/07\/IMG_8429-1024x720.jpg\"><br \/>\n<img decoding=\"async\" class=\"img-responsive aligncenter size-large\" src=\"https:\/\/i0.wp.com\/www.reduca.cz\/blog\/wp-content\/uploads\/2022\/07\/IMG_8429-e1657483400202-1024x691.jpg?fit=648%2C648&#038;ssl=1\" alt=\"\" data-recalc-dims=\"1\" \/><br \/>\n<\/a><\/div>\n<\/div>\n<p><span class=\"caption text-muted\">Roll-on parf\u00e9m Fruity<\/span><\/p>\n<h4>Co dal\u0161\u00edho od Kvitku doporu\u010duji?<\/h4>\n<p>Svou kouzelnou v\u016fn\u00ed m\u011b om\u00e1mil \u0161lehan\u00fd t\u011blov\u00fd kr\u00e9m <a href=\"https:\/\/www.econea.cz\/kvitok-slehany-telovy-krem-nezny-dotek-60-ml\/?a_box=y8jt56x7\" target=\"_blank\" rel=\"noopener\">N\u011b\u017en\u00fd dotyk<\/a>. Kr\u00e1sn\u011b se rozt\u00edr\u00e1 a&nbsp;perfektn\u011b hydratuje, pou\u017e\u00edv\u00e1m ho na nohy i&nbsp;na ruce. Dobrou zku\u0161enost m\u00e1m i&nbsp;s&nbsp;deodorantem od Kvitku, moment\u00e1ln\u011b pou\u017e\u00edv\u00e1m <a href=\"https:\/\/www.econea.cz\/kvitok-tuhy-deodorant-chladivy-vanek-42-ml\/?a_box=y8jt56x7\" target=\"_blank\" rel=\"noopener\">Chladiv\u00fd v\u00e1nok<\/a>. Je sice pot\u0159eba ho b\u011bhem dne aplikovat v\u00edcekr\u00e1t, ale na to jsem z&nbsp;p\u0159\u00edrodn\u00edch deodorant\u016f celkem zvykl\u00e1. Chladiv\u00fd v\u00e1nok p\u0159\u00edjemn\u011b osv\u011b\u017euje i&nbsp;v&nbsp;parn\u00fdch letn\u00edch dnech.<\/p>\n<div class=\"row\">\n<div class=\"col-md-4 col-sm-12\"><a title=\"Deodorant Chladiv\u00fd v\u00e1nek\" href=\"https:\/\/www.reduca.cz\/blog\/wp-content\/uploads\/2022\/07\/IMG_8416-1024x682.jpg\"><br \/>\n<img decoding=\"async\" class=\"img-responsive\" src=\"https:\/\/i0.wp.com\/www.reduca.cz\/blog\/wp-content\/uploads\/2022\/07\/IMG_8416.jpg?resize=648%2C432&#038;ssl=1\" alt=\"\" data-recalc-dims=\"1\" \/><br \/>\n<\/a><\/div>\n<div class=\"col-md-4 col-sm-12\"><a title=\"\u0160lehan\u00fd t\u011blov\u00fd kr\u00e9m N\u011b\u017en\u00fd dotek\" href=\"https:\/\/www.reduca.cz\/blog\/wp-content\/uploads\/2022\/07\/IMG_8414-1024x683.jpg\"><br \/>\n<img decoding=\"async\" class=\"img-responsive\" src=\"https:\/\/i0.wp.com\/www.reduca.cz\/blog\/wp-content\/uploads\/2022\/07\/IMG_8414.jpg?resize=648%2C432&#038;ssl=1\" alt=\"\" data-recalc-dims=\"1\" \/><br \/>\n<\/a><\/div>\n<div class=\"col-md-4 col-sm-12\"><a title=\"\u0160lehan\u00fd t\u011blov\u00fd kr\u00e9m N\u011b\u017en\u00fd dotek\" href=\"https:\/\/www.reduca.cz\/blog\/wp-content\/uploads\/2022\/07\/IMG_8422-1024x683.jpg\"><br \/>\n<img decoding=\"async\" class=\"img-responsive\" src=\"https:\/\/i0.wp.com\/www.reduca.cz\/blog\/wp-content\/uploads\/2022\/07\/IMG_8422.jpg?resize=648%2C432&#038;ssl=1\" alt=\"\" data-recalc-dims=\"1\" \/><br \/>\n<\/a><\/div>\n<\/div>\n<p><span class=\"caption text-muted\">Co m\u00e1m doma od Kvitku<\/span><br \/>\nV&nbsp;\u010dervenci m\u016f\u017eete ve\u0161ker\u00e9 produkty od Kvitku koupit na <a href=\"https:\/\/www.econea.cz\/navia\/?a_box=y8jt56x7\" target=\"_blank\" rel=\"noopener\">Econee<\/a> s&nbsp;15% slevou, tak\u017ee kdo chce zkusit n\u011bco vo\u0148av\u00e9ho, \u0161um tam! \ud83d\ude42<\/p>\n<p><a href=\"https:\/\/www.econea.cz\/navia\/?a_box=y8jt56x7\" target=\"_blank\" rel=\"noopener\"><img loading=\"lazy\" decoding=\"async\" width=\"570\" height=\"240\" data-attachment-id=\"2801\" data-permalink=\"https:\/\/www.reduca.cz\/blog\/recenze-roll-on-parfem-kvitok-fruity\/banner-kvitok\/\" data-orig-file=\"https:\/\/i0.wp.com\/www.reduca.cz\/blog\/wp-content\/uploads\/2022\/07\/banner-kvitok.jpeg?fit=570%2C240&amp;ssl=1\" data-orig-size=\"570,240\" data-comments-opened=\"1\" data-image-meta=\"{&quot;aperture&quot;:&quot;0&quot;,&quot;credit&quot;:&quot;&quot;,&quot;camera&quot;:&quot;&quot;,&quot;caption&quot;:&quot;&quot;,&quot;created_timestamp&quot;:&quot;0&quot;,&quot;copyright&quot;:&quot;&quot;,&quot;focal_length&quot;:&quot;0&quot;,&quot;iso&quot;:&quot;0&quot;,&quot;shutter_speed&quot;:&quot;0&quot;,&quot;title&quot;:&quot;&quot;,&quot;orientation&quot;:&quot;0&quot;}\" data-image-title=\"banner-kvitok\" data-image-description=\"\" data-image-caption=\"\" data-medium-file=\"https:\/\/i0.wp.com\/www.reduca.cz\/blog\/wp-content\/uploads\/2022\/07\/banner-kvitok.jpeg?fit=300%2C126&amp;ssl=1\" data-large-file=\"https:\/\/i0.wp.com\/www.reduca.cz\/blog\/wp-content\/uploads\/2022\/07\/banner-kvitok.jpeg?fit=570%2C240&amp;ssl=1\" class=\"aligncenter size-full wp-image-2801\" src=\"https:\/\/i0.wp.com\/www.reduca.cz\/blog\/wp-content\/uploads\/2022\/07\/banner-kvitok.jpeg?resize=570%2C240&#038;ssl=1\" alt=\"\" srcset=\"https:\/\/i0.wp.com\/www.reduca.cz\/blog\/wp-content\/uploads\/2022\/07\/banner-kvitok.jpeg?w=570&amp;ssl=1 570w, https:\/\/i0.wp.com\/www.reduca.cz\/blog\/wp-content\/uploads\/2022\/07\/banner-kvitok.jpeg?resize=300%2C126&amp;ssl=1 300w\" sizes=\"(max-width: 570px) 100vw, 570px\" data-recalc-dims=\"1\" \/><\/a><\/p>\n","protected":false},"excerpt":{"rendered":"<p>Parf\u00e9my v&nbsp;m\u00e9m \u017eivot\u011b posledn\u00edch n\u011bkolik let nehr\u00e1ly roli. Kdy\u017e m\u00e1te mal\u00e9 miminko, chcete, aby \u010dichalo va\u0161i p\u0159irozenou v\u016fni, ne um\u011bl\u00fd parf\u00e9m, a&nbsp;po&nbsp;n\u011bkolika letech na mate\u0159sk\u00e9 jste r\u00e1di, kdy\u017e si r\u00e1no v\u016fbec d\u00e1te deodorant. P\u0159idejte k&nbsp;tomu non toxic zp\u016fsob \u017eivota, kdy krit\u00e9ria p\u0159\u00edrodn\u00edho parf\u00e9mu spl\u0148uje jen p\u00e1r zna\u010dek, a&nbsp;kdy\u017e u\u017e, stoj\u00ed ranec. Dohromady se zero waste \u017eivotn\u00edm stylem, kdy v&nbsp;prv\u00e9 \u0159ad\u011b odm\u00edt\u00e1te zbyte\u010dn\u00fd odpad, byl pro m\u011b parf\u00e9m nadbyte\u010dnou z\u00e1le\u017eitost\u00ed. \u010cas ale uzr\u00e1l a&nbsp;kdy\u017e chcete vyrazit zp\u00e1tky do sv\u011bta, nen\u00ed od v\u011bci m\u00edt v&nbsp;z\u00e1loze n\u011bjakou tu p\u0159\u00edjemnou v\u016fni.<\/p>\n","protected":false},"author":1,"featured_media":2805,"comment_status":"open","ping_status":"closed","sticky":false,"template":"","format":"standard","meta":{"_monsterinsights_skip_tracking":false,"_monsterinsights_sitenote_active":false,"_monsterinsights_sitenote_note":"","_monsterinsights_sitenote_category":0,"jetpack_post_was_ever_published":false,"footnotes":"","_links_to":"","_links_to_target":""},"categories":[125,144],"tags":[],"jetpack_featured_media_url":"https:\/\/i0.wp.com\/www.reduca.cz\/blog\/wp-content\/uploads\/2022\/07\/IMG_8433_-e1657458083428.jpg?fit=2184%2C1348&ssl=1","jetpack_sharing_enabled":true,"jetpack_shortlink":"https:\/\/wp.me\/p9d4BP-J9","jetpack_likes_enabled":false,"jetpack-related-posts":[{"id":1072,"url":"https:\/\/www.reduca.cz\/blog\/108-prava-hodnota\/","url_meta":{"origin":2799,"position":0},"title":"#108 &#8211; prav\u00e1 hodnota v\u011bc\u00ed","date":"16. 4. 2017","format":false,"excerpt":"Kdy\u017e jsem v\u010dera pekla drobenkov\u00fd kol\u00e1\u010d, p\u0159em\u00fd\u0161lela jsem nad hodnotami. Vzpomn\u011bla jsem si toti\u017e na d\u00e1vn\u00e9 dom\u00e1c\u00ed diskuse nad vyhazov\u00e1n\u00edm, kdy m\u011b hrozn\u011b roz\u010dilovala fr\u00e1ze \"v\u017edy\u0165 to st\u00e1lo jen...\". Ano, v\u010derej\u0161\u00ed kol\u00e1\u010d nebyl moc drah\u00fd, co se t\u00fd\u010de pen\u011bz. Zato st\u00e1l mnoho \u00fasil\u00ed. St\u00e1l \u010das a energii, kdy jsem klackem\u2026","rel":"","context":"In &quot;Den\u00ed\u010dek na\u0161\u00ed dom\u00e1cnosti&quot;","img":{"alt_text":"","src":"https:\/\/i0.wp.com\/www.reduca.cz\/blog\/wp-content\/uploads\/2017\/11\/kolac1.jpg?fit=1200%2C800&ssl=1&resize=350%2C200","width":350,"height":200},"classes":[]},{"id":136,"url":"https:\/\/www.reduca.cz\/blog\/tri-mesice-s-minimem-odpadu\/","url_meta":{"origin":2799,"position":1},"title":"T\u0159i m\u011bs\u00edce s&nbsp;minimem odpadu","date":"4. 4. 2017","format":false,"excerpt":"M\u00e1m za sebou dal\u0161\u00ed mezn\u00edk, kter\u00fdm jsou t\u0159i m\u011bs\u00edce \u017eivota s minimem odpadu. Pod\u00edvejte se, jak n\u00e1\u0161 \u017eivot v tomto obdob\u00ed vypad\u00e1, co jsme si odpustili, na \u010dem pracujeme a co si vz\u00edt nenech\u00e1me.","rel":"","context":"In &quot;Z na\u0161eho domova&quot;","img":{"alt_text":"","src":"https:\/\/i0.wp.com\/www.reduca.cz\/blog\/wp-content\/uploads\/2017\/04\/nakup.jpg?fit=1200%2C850&ssl=1&resize=350%2C200","width":350,"height":200},"classes":[]},{"id":2188,"url":"https:\/\/www.reduca.cz\/blog\/proc-zatim-nemuzu-psat-o-mode-a-liceni\/","url_meta":{"origin":2799,"position":2},"title":"Pro\u010d (zat\u00edm) nem\u016f\u017eu ps\u00e1t o&nbsp;m\u00f3d\u011b a&nbsp;l\u00ed\u010den\u00ed","date":"14. 3. 2019","format":false,"excerpt":"Udr\u017eiteln\u00e1 m\u00f3da do okruh\u016f t\u00e9mat okolo zero waste rozhodn\u011b pat\u0159\u00ed. Jen\u017ee ke mn\u011b moc nepat\u0159\u00ed m\u00f3da... Varov\u00e1n\u00ed, v \u010dl\u00e1nku najdete p\u00e1r m\u00fdch \u0161\u00edlen\u00fdch model\u016f z minulosti :)\u00a0","rel":"","context":"In &quot;Nakupov\u00e1n\u00ed&quot;","img":{"alt_text":"","src":"https:\/\/i0.wp.com\/www.reduca.cz\/blog\/wp-content\/uploads\/2019\/03\/IMG_0557-e1552583993252.jpg?fit=1200%2C916&ssl=1&resize=350%2C200","width":350,"height":200},"classes":[]},{"id":2044,"url":"https:\/\/www.reduca.cz\/blog\/kdyz-jeden-jde-tam-a-druhy-jinam\/","url_meta":{"origin":2799,"position":3},"title":"Kdy\u017e jeden jde tam a&nbsp;druh\u00fd jinam","date":"31. 5. 2019","format":false,"excerpt":"Mo\u017en\u00e1 byste cht\u011bli m\u00edt dom\u00e1cnost bez odpadu, ale nejde to. Ne kv\u016fli tomu, \u017ee byste necht\u011bli. Ne kv\u016fli tomu, \u017ee byste se dostate\u010dn\u011b nesna\u017eili. Ale nebydl\u00edte sami a va\u0161i spolubydl\u00edc\u00ed maj\u00ed priority, \u010das nebo odhodl\u00e1n\u00ed jinde.\u00a0","rel":"","context":"In &quot;Rady, tipy, zku\u0161enosti&quot;","img":{"alt_text":"","src":"https:\/\/i0.wp.com\/www.reduca.cz\/blog\/wp-content\/uploads\/2019\/04\/demarcate.jpg?fit=1024%2C681&ssl=1&resize=350%2C200","width":350,"height":200},"classes":[]},{"id":2384,"url":"https:\/\/www.reduca.cz\/blog\/sami-prece-nic-nezmuzeme-anebo-ano\/","url_meta":{"origin":2799,"position":4},"title":"Sami p\u0159ece nic nezm\u016f\u017eeme&#8230; Anebo ano?","date":"16. 4. 2019","format":false,"excerpt":"Pro\u010d bychom se m\u011bli sna\u017eit chovat ekologicky, kdy\u017e v \u010c\u00edn\u011b je ston\u00e1sobn\u011b v\u00edce lid\u00ed a ti tvo\u0159\u00ed daleko v\u011bt\u0161\u00ed odpad? Pro\u010d bychom m\u011bli v\u011bnovat sv\u016fj drahocenn\u00fd \u010das na pl\u00e1nov\u00e1n\u00ed bezobalov\u00fdch n\u00e1kup\u016f, del\u0161\u00ed cesty p\u011b\u0161ky nebo na kole ne\u017e autem, va\u0159en\u00ed a pe\u010den\u00ed doma m\u00edsto koup\u011b hotov\u00fdch j\u00eddel a v\u016fbec celkov\u00e9\u2026","rel":"","context":"In &quot;Z na\u0161eho domova&quot;","img":{"alt_text":"","src":"https:\/\/i0.wp.com\/www.reduca.cz\/blog\/wp-content\/uploads\/2019\/04\/ba-black-sheep-cover-image-credit-the-odyssey-online-ba-baa-black-sheep-movie-download.jpg?fit=1200%2C750&ssl=1&resize=350%2C200","width":350,"height":200},"classes":[]},{"id":1443,"url":"https:\/\/www.reduca.cz\/blog\/kdyz-mam-chut-to-zabalit\/","url_meta":{"origin":2799,"position":5},"title":"Kdy\u017e m\u00e1m chu\u0165 to zabalit","date":"4. 3. 2018","format":false,"excerpt":"N\u011bkdy maj\u00ed lidi pocit, \u017ee \u017e\u00edt s minimem odpadu stoj\u00ed hrozn\u011b moc \u00fasil\u00ed. J\u00e1 jim v\u017edycky \u0159\u00edk\u00e1m, \u017ee zas tolik ne, \u017ee je to jen o zm\u011bn\u011b n\u00e1vyk\u016f. Pravdou ale je, \u017ee i j\u00e1 jsem n\u011bkdy se silami v konc\u00edch a biju se do hlavy, jestli to, co d\u011bl\u00e1m, m\u00e1\u2026","rel":"","context":"In &quot;Z na\u0161eho domova&quot;","img":{"alt_text":"","src":"https:\/\/i0.wp.com\/www.reduca.cz\/blog\/wp-content\/uploads\/2018\/02\/woman-tearing-hair-out-e1520115148508.jpg?fit=1200%2C719&ssl=1&resize=350%2C200","width":350,"height":200},"classes":[]}],"_links":{"self":[{"href":"https:\/\/www.reduca.cz\/blog\/wp-json\/wp\/v2\/posts\/2799"}],"collection":[{"href":"https:\/\/www.reduca.cz\/blog\/wp-json\/wp\/v2\/posts"}],"about":[{"href":"https:\/\/www.reduca.cz\/blog\/wp-json\/wp\/v2\/types\/post"}],"author":[{"embeddable":true,"href":"https:\/\/www.reduca.cz\/blog\/wp-json\/wp\/v2\/users\/1"}],"replies":[{"embeddable":true,"href":"https:\/\/www.reduca.cz\/blog\/wp-json\/wp\/v2\/comments?post=2799"}],"version-history":[{"count":45,"href":"https:\/\/www.reduca.cz\/blog\/wp-json\/wp\/v2\/posts\/2799\/revisions"}],"predecessor-version":[{"id":2857,"href":"https:\/\/www.reduca.cz\/blog\/wp-json\/wp\/v2\/posts\/2799\/revisions\/2857"}],"wp:featuredmedia":[{"embeddable":true,"href":"https:\/\/www.reduca.cz\/blog\/wp-json\/wp\/v2\/media\/2805"}],"wp:attachment":[{"href":"https:\/\/www.reduca.cz\/blog\/wp-json\/wp\/v2\/media?parent=2799"}],"wp:term":[{"taxonomy":"category","embeddable":true,"href":"https:\/\/www.reduca.cz\/blog\/wp-json\/wp\/v2\/categories?post=2799"},{"taxonomy":"post_tag","embeddable":true,"href":"https:\/\/www.reduca.cz\/blog\/wp-json\/wp\/v2\/tags?post=2799"}],"curies":[{"name":"wp","href":"https:\/\/api.w.org\/{rel}","templated":true}]}}