{"id":232,"date":"2017-01-07T10:12:24","date_gmt":"2017-01-07T09:12:24","guid":{"rendered":"https:\/\/www.reduca.cz\/wp-blog\/?p=232"},"modified":"2017-09-23T18:45:23","modified_gmt":"2017-09-23T16:45:23","slug":"den-osmy-minimalizace-satniku","status":"publish","type":"post","link":"https:\/\/www.reduca.cz\/blog\/den-osmy-minimalizace-satniku\/","title":{"rendered":"Den osm\u00fd &#8211; minimalizace \u0161atn\u00edku"},"content":{"rendered":"<p>Dnes jsem p\u0159et\u0159\u00eddila na\u0161e oble\u010den\u00ed. To bez skvrn a&nbsp;d\u00edrek jsem nah\u00e1zela do ta\u0161ek, kter\u00e9 zaneseme pot\u0159ebn\u00fdm, ty star\u00e9 hnusn\u00e9 s&nbsp;d\u00edrkama pou\u017eijeme na hadry. Ubylo m\u00edsto ve&nbsp;sk\u0159\u00edni a&nbsp;pocit, \u017ee m\u00e1me m\u00e1lo oble\u010den\u00ed, je hned pry\u010d. To redukov\u00e1n\u00ed dom\u00e1cnosti mi p\u0159in\u00e1\u0161\u00ed do du\u0161e zaj\u00edmav\u00fd klid, a\u0165 \u017eije minimalismus\u00a0<span class=\"_47e3 _5mfr\" title=\"Emotikona smile\"><span class=\"_7oe\" aria-hidden=\"true\">\ud83d\ude42<\/span><\/span>\u00a0D\u00e1l poctiv\u011b sh\u00e1n\u00edm star\u00e9 z\u00e1clony na pytl\u00ed\u010dky na ovoce a&nbsp;zeleninu, kter\u00e9 nep\u0159i\u0161ly v&nbsp;bed\u00fdnk\u00e1ch, a&nbsp;chyst\u00e1m se na pytl\u00edky oby\u010dejn\u00e9, na sypk\u00e9 potraviny.<\/p>\n<p>Kam s&nbsp;nepot\u0159ebn\u00fdm oble\u010den\u00edm? M\u00edst, kam se d\u00e1 don\u00e9st oble\u010den\u00ed, je mnoho. Proto jsem sepsala <a href=\"https:\/\/www.reduca.cz\/blog\/redukujeme-domacnost-4-dil-obleceni\">ucelen\u00fd \u010dl\u00e1nek<\/a>, ve&nbsp;kter\u00e9m se dozv\u00edte z\u00e1kladn\u00ed mo\u017enosti.<\/p>\n<h3>P\u016fvodn\u00ed p\u0159\u00edsp\u011bvek zde:<\/h3>\n<div class=\"fb-post wptime-fb-post-embed\" data-href=\"https:\/\/www.facebook.com\/redukujemeodpad\/photos\/a.639284676278193.1073741828.639281652945162\/641902376016423\/?type=3&amp;theater\" style=\"margin-bottom:30px;\"><\/div>\n","protected":false},"excerpt":{"rendered":"<p>Dnes jsem p\u0159et\u0159\u00eddila na\u0161e oble\u010den\u00ed. To bez skvrn a&nbsp;d\u00edrek jsem nah\u00e1zela do ta\u0161ek, kter\u00e9 zaneseme pot\u0159ebn\u00fdm, ty star\u00e9 hnusn\u00e9 s&nbsp;d\u00edrkama pou\u017eijeme na hadry. Ubylo m\u00edsto ve&nbsp;sk\u0159\u00edni a&nbsp;pocit, \u017ee m\u00e1me m\u00e1lo oble\u010den\u00ed, je hned pry\u010d. To redukov\u00e1n\u00ed dom\u00e1cnosti mi p\u0159in\u00e1\u0161\u00ed do du\u0161e zaj\u00edmav\u00fd klid, a\u0165 \u017eije minimalismus\u00a0\ud83d\ude42\u00a0D\u00e1l poctiv\u011b sh\u00e1n\u00edm star\u00e9 z\u00e1clony na pytl\u00ed\u010dky na ovoce a&nbsp;zeleninu, [&hellip;]<\/p>\n","protected":false},"author":1,"featured_media":234,"comment_status":"open","ping_status":"closed","sticky":false,"template":"","format":"standard","meta":{"_monsterinsights_skip_tracking":false,"_monsterinsights_sitenote_active":false,"_monsterinsights_sitenote_note":"","_monsterinsights_sitenote_category":0,"jetpack_post_was_ever_published":false,"footnotes":"","_links_to":"","_links_to_target":""},"categories":[9],"tags":[18,40,2],"jetpack_featured_media_url":"https:\/\/i0.wp.com\/www.reduca.cz\/blog\/wp-content\/uploads\/2017\/01\/obleceni.jpg?fit=2048%2C1365&ssl=1","jetpack_sharing_enabled":true,"jetpack_shortlink":"https:\/\/wp.me\/p9d4BP-3K","jetpack_likes_enabled":false,"jetpack-related-posts":[{"id":121,"url":"https:\/\/www.reduca.cz\/blog\/redukujeme-domacnost-1-dil-minimalismus\/","url_meta":{"origin":232,"position":0},"title":"Redukujeme dom\u00e1cnost &#8211; 1.&nbsp;d\u00edl: minimalismus","date":"27. 3. 2017","format":false,"excerpt":"Dom\u00e1cnost bez odpadu neznamen\u00e1 jen pr\u00e1zdn\u00fd odpadkov\u00fd ko\u0161. Znamen\u00e1 tak\u00e9 po\u0159\u00e1dek uvnit\u0159 dom\u00e1cnosti, bez zbyte\u010dnost\u00ed, kter\u00e9 n\u00e1sledn\u00fd odpad jednou vytvo\u0159\u00ed.","rel":"","context":"In &quot;Redukujeme dom\u00e1cnost&quot;","img":{"alt_text":"","src":"https:\/\/i0.wp.com\/www.reduca.cz\/blog\/wp-content\/uploads\/2017\/09\/minimalism.jpg?fit=1200%2C745&ssl=1&resize=350%2C200","width":350,"height":200},"classes":[]},{"id":1096,"url":"https:\/\/www.reduca.cz\/blog\/112-pozor-na-vyrobce\/","url_meta":{"origin":232,"position":1},"title":"#112 &#8211; pozor na v\u00fdrobce","date":"20. 4. 2017","format":false,"excerpt":"M\u011bla jsem ohromn\u00e9 \u0161t\u011bst\u00ed, \u017ee u\u017e se synem jsem pod\u011bdila kompletn\u00ed v\u00fdbavu na miminko a nemusela jsem tak \u0159e\u0161it \u017e\u00e1dn\u00e9 n\u00e1kupy, a\u0165 u\u017e v obchodech \u010di bazarech nebo na internetu. Kdy\u017e jsem te\u010f prala a \u017eehlila tuto v\u00fdbavu napodruh\u00e9, tro\u0161ku m\u011b zarazila zna\u010dka Ecolabel. U ozna\u010den\u00ed v\u00fdrobku eco bych \u010dekala,\u2026","rel":"","context":"In &quot;Den\u00ed\u010dek na\u0161\u00ed dom\u00e1cnosti&quot;","img":{"alt_text":"","src":"https:\/\/i0.wp.com\/www.reduca.cz\/blog\/wp-content\/uploads\/2017\/11\/ecolabel.jpg?fit=1200%2C800&ssl=1&resize=350%2C200","width":350,"height":200},"classes":[]},{"id":130,"url":"https:\/\/www.reduca.cz\/blog\/redukujeme-domacnost-4-dil-obleceni\/","url_meta":{"origin":232,"position":2},"title":"Redukujeme dom\u00e1cnost &#8211; 4.&nbsp;d\u00edl: oble\u010den\u00ed","date":"6. 4. 2017","format":false,"excerpt":"Jedno z nejv\u011bt\u0161\u00edch pl\u00fdtv\u00e1n\u00ed se odehr\u00e1v\u00e1 v na\u0161ich \u0161atn\u00edch sk\u0159\u00edn\u00edch. Pozorn\u011b se pod\u00edvejte. Kolik kousk\u016f nos\u00edte jen jednou ro\u010dn\u011b? Kolik oble\u010den\u00ed schov\u00e1v\u00e1te pouze z nostalgie jako vzpom\u00ednku na n\u011bjakou ud\u00e1lost? A kter\u00e9 kousky v\u00e1m zbyte\u010dn\u011b le\u017e\u00ed na dn\u011b \u0161atn\u00edku, jen pro p\u0159\u00edpad, \u017ee si vezmete kousek jin\u00fd?","rel":"","context":"In &quot;Oble\u010den\u00ed&quot;","img":{"alt_text":"","src":"https:\/\/i0.wp.com\/www.reduca.cz\/blog\/wp-content\/uploads\/2017\/04\/clothes.jpg?fit=1200%2C894&ssl=1&resize=350%2C200","width":350,"height":200},"classes":[]},{"id":2188,"url":"https:\/\/www.reduca.cz\/blog\/proc-zatim-nemuzu-psat-o-mode-a-liceni\/","url_meta":{"origin":232,"position":3},"title":"Pro\u010d (zat\u00edm) nem\u016f\u017eu ps\u00e1t o&nbsp;m\u00f3d\u011b a&nbsp;l\u00ed\u010den\u00ed","date":"14. 3. 2019","format":false,"excerpt":"Udr\u017eiteln\u00e1 m\u00f3da do okruh\u016f t\u00e9mat okolo zero waste rozhodn\u011b pat\u0159\u00ed. Jen\u017ee ke mn\u011b moc nepat\u0159\u00ed m\u00f3da... Varov\u00e1n\u00ed, v \u010dl\u00e1nku najdete p\u00e1r m\u00fdch \u0161\u00edlen\u00fdch model\u016f z minulosti :)\u00a0","rel":"","context":"In &quot;Nakupov\u00e1n\u00ed&quot;","img":{"alt_text":"","src":"https:\/\/i0.wp.com\/www.reduca.cz\/blog\/wp-content\/uploads\/2019\/03\/IMG_0557-e1552583993252.jpg?fit=1200%2C916&ssl=1&resize=350%2C200","width":350,"height":200},"classes":[]},{"id":139,"url":"https:\/\/www.reduca.cz\/blog\/zero-waste-v-tehotenstvi\/","url_meta":{"origin":232,"position":4},"title":"Zero Waste v&nbsp;t\u011bhotenstv\u00ed","date":"16. 6. 2017","format":false,"excerpt":"Je to u\u017e pom\u011brn\u011b dlouh\u00e1 doba, co jsem naposled vytvo\u0159ila origin\u00e1ln\u00ed \u010dl\u00e1nek nebo p\u0159\u00edsp\u011bvek. M\u016fj z\u00e1jem o dom\u00e1cnost bez odpadu se nezmen\u0161il, jen ubyla energie a p\u0159ibyla \u00fanava, nechutenstv\u00ed, bolesti hlavy a b\u0159icha, aneb zkr\u00e1cen\u011b - t\u011bhotenstv\u00ed.","rel":"","context":"In &quot;D\u011bti&quot;","img":{"alt_text":"","src":"https:\/\/i0.wp.com\/www.reduca.cz\/blog\/wp-content\/uploads\/2017\/09\/belly.jpg?fit=1200%2C800&ssl=1&resize=350%2C200","width":350,"height":200},"classes":[]},{"id":1026,"url":"https:\/\/www.reduca.cz\/blog\/den-devadesaty-ctvrty-obleceni-z-druhe-ruky\/","url_meta":{"origin":232,"position":5},"title":"Den devades\u00e1t\u00fd \u010dtvrt\u00fd &#8211; oble\u010den\u00ed z&nbsp;druh\u00e9 ruky","date":"3. 4. 2017","format":false,"excerpt":"S rostouc\u00edm pupkem roste pot\u0159eba doplnit \u0161atn\u00edk, jeliko\u017e jsem m\u011bla v minul\u00e9m t\u011bhotenstv\u00ed kalhoty pouze p\u016fj\u010den\u00e9. Nam\u00edsto zd\u00e1nliv\u011b jednoduch\u00e9ho n\u00e1kupu kalhot klasick\u00fdch zna\u010dek z velk\u00fdch obchodn\u00edch dom\u016f z v\u00fdroby b\u016fh v\u00ed odkud a k\u00fdm jsem si vybrala \u010deskou zna\u010dku\u00a0ATOM RAT, kterou u\u017e del\u0161\u00ed dobu se z\u00e1luskem v oku sleduji. Podpora\u2026","rel":"","context":"In &quot;Den\u00ed\u010dek na\u0161\u00ed dom\u00e1cnosti&quot;","img":{"alt_text":"","src":"https:\/\/i0.wp.com\/www.reduca.cz\/blog\/wp-content\/uploads\/2017\/11\/kalhoty.jpg?fit=1200%2C800&ssl=1&resize=350%2C200","width":350,"height":200},"classes":[]}],"_links":{"self":[{"href":"https:\/\/www.reduca.cz\/blog\/wp-json\/wp\/v2\/posts\/232"}],"collection":[{"href":"https:\/\/www.reduca.cz\/blog\/wp-json\/wp\/v2\/posts"}],"about":[{"href":"https:\/\/www.reduca.cz\/blog\/wp-json\/wp\/v2\/types\/post"}],"author":[{"embeddable":true,"href":"https:\/\/www.reduca.cz\/blog\/wp-json\/wp\/v2\/users\/1"}],"replies":[{"embeddable":true,"href":"https:\/\/www.reduca.cz\/blog\/wp-json\/wp\/v2\/comments?post=232"}],"version-history":[{"count":2,"href":"https:\/\/www.reduca.cz\/blog\/wp-json\/wp\/v2\/posts\/232\/revisions"}],"predecessor-version":[{"id":406,"href":"https:\/\/www.reduca.cz\/blog\/wp-json\/wp\/v2\/posts\/232\/revisions\/406"}],"wp:featuredmedia":[{"embeddable":true,"href":"https:\/\/www.reduca.cz\/blog\/wp-json\/wp\/v2\/media\/234"}],"wp:attachment":[{"href":"https:\/\/www.reduca.cz\/blog\/wp-json\/wp\/v2\/media?parent=232"}],"wp:term":[{"taxonomy":"category","embeddable":true,"href":"https:\/\/www.reduca.cz\/blog\/wp-json\/wp\/v2\/categories?post=232"},{"taxonomy":"post_tag","embeddable":true,"href":"https:\/\/www.reduca.cz\/blog\/wp-json\/wp\/v2\/tags?post=232"}],"curies":[{"name":"wp","href":"https:\/\/api.w.org\/{rel}","templated":true}]}}