{"id":229,"date":"2017-01-06T10:04:51","date_gmt":"2017-01-06T09:04:51","guid":{"rendered":"https:\/\/www.reduca.cz\/wp-blog\/?p=229"},"modified":"2017-09-23T18:45:53","modified_gmt":"2017-09-23T16:45:53","slug":"den-sedmy-prirodni-kosmetika","status":"publish","type":"post","link":"https:\/\/www.reduca.cz\/blog\/den-sedmy-prirodni-kosmetika\/","title":{"rendered":"Den sedm\u00fd &#8211; p\u0159\u00edrodn\u00ed kosmetika"},"content":{"rendered":"<p>\u00daprava kosmetick\u00fdch pot\u0159eb. N\u011bkte\u0159\u00ed si vyr\u00e1b\u011bj\u00ed kosmetiku sami, j\u00e1 jsem se rozhodla nechat v\u011bci v&nbsp;rukou zku\u0161en\u011bj\u0161\u00edch a&nbsp;vzd\u011blan\u011bj\u0161\u00edch &#8211; a&nbsp;nav\u00edc odzkou\u0161en\u00fdch. Ve\u0161ker\u00e9 obaly jsou vratn\u00e9, tak\u017ee by\u0165 to nen\u00ed \u00fapln\u011b bez obalu, vlastn\u011b je. U\u017e se t\u011b\u0161\u00edm na dal\u0161\u00ed sprchu \ud83d\ude42<\/p>\n<p>U tuh\u00e9ho deodorantu v\u00fdroby m\u00e9 kamar\u00e1dky jsem z\u016fstala, nicm\u00e9n\u011b co se t\u00fd\u010de m\u00fddla, p\u0159esedlala jsem na tuhou variantu. Zjistila jsem, \u017ee tekut\u00e9 je pro m\u011b zbyte\u010dn\u00e9. Tuh\u00e9 vydr\u017e\u00ed d\u00e9le, nemus\u00ed obsahovat \u017e\u00e1dn\u00e9 (by\u0165 p\u0159\u00edrodn\u00ed) konzervanty, l\u00e9pe se voz\u00ed na cest\u00e1ch a&nbsp;jde koupit \u00fapln\u011b bez obalu, bez nutnosti jak\u00e9koli recyklace pou\u017e\u00edvan\u00fdch lahvi\u010dek.<\/p>\n<h3>P\u016fvodn\u00ed p\u0159\u00edsp\u011bvek zde:<\/h3>\n<div class=\"fb-post wptime-fb-post-embed\" data-href=\"https:\/\/www.facebook.com\/redukujemeodpad\/photos\/a.639284676278193.1073741828.639281652945162\/641562846050376\/?type=3&amp;theater\" style=\"margin-bottom:30px;\"><\/div>\n","protected":false},"excerpt":{"rendered":"<p>\u00daprava kosmetick\u00fdch pot\u0159eb. N\u011bkte\u0159\u00ed si vyr\u00e1b\u011bj\u00ed kosmetiku sami, j\u00e1 jsem se rozhodla nechat v\u011bci v&nbsp;rukou zku\u0161en\u011bj\u0161\u00edch a&nbsp;vzd\u011blan\u011bj\u0161\u00edch &#8211; a&nbsp;nav\u00edc odzkou\u0161en\u00fdch. Ve\u0161ker\u00e9 obaly jsou vratn\u00e9, tak\u017ee by\u0165 to nen\u00ed \u00fapln\u011b bez obalu, vlastn\u011b je. U\u017e se t\u011b\u0161\u00edm na dal\u0161\u00ed sprchu \ud83d\ude42 U&nbsp;tuh\u00e9ho deodorantu v\u00fdroby m\u00e9 kamar\u00e1dky jsem z\u016fstala, nicm\u00e9n\u011b co se t\u00fd\u010de m\u00fddla, p\u0159esedlala jsem [&hellip;]<\/p>\n","protected":false},"author":1,"featured_media":231,"comment_status":"open","ping_status":"closed","sticky":false,"template":"","format":"standard","meta":{"_monsterinsights_skip_tracking":false,"_monsterinsights_sitenote_active":false,"_monsterinsights_sitenote_note":"","_monsterinsights_sitenote_category":0,"jetpack_post_was_ever_published":false,"footnotes":"","_links_to":"","_links_to_target":""},"categories":[9],"tags":[25,49,34,2],"jetpack_featured_media_url":"https:\/\/i0.wp.com\/www.reduca.cz\/blog\/wp-content\/uploads\/2017\/01\/kosmetika2.jpg?fit=2309%2C3464&ssl=1","jetpack_sharing_enabled":true,"jetpack_shortlink":"https:\/\/wp.me\/p9d4BP-3H","jetpack_likes_enabled":false,"jetpack-related-posts":[{"id":822,"url":"https:\/\/www.reduca.cz\/blog\/den-osmdesaty-treti-darovany-rybiz\/","url_meta":{"origin":229,"position":0},"title":"Den osmdes\u00e1t\u00fd t\u0159et\u00ed &#8211; darovan\u00fd ryb\u00edz","date":"23. 3. 2017","format":false,"excerpt":"Co pova\u017euji na t\u00e9hle dob\u011b za geni\u00e1ln\u00ed, je, \u017ee se lze spojit i s lidmi, se kter\u00fdmi n\u00e1s d\u011bl\u00ed nejen kilometry, ale t\u0159eba i n\u00e1zorov\u00e9 p\u0159esv\u011bd\u010den\u00ed, rodinn\u00e9 uspo\u0159\u00e1d\u00e1n\u00ed anebo p\u0159\u00edrodn\u00ed zdroje. Dostala jsem hroznou chu\u0165 na ryb\u00edzov\u00fd kol\u00e1\u010d, ale ryb\u00edz k dispozici nikde nem\u00e1m. Kdy\u017e jsem nakupovala ovoce a zeleninu\u2026","rel":"","context":"In &quot;Den\u00ed\u010dek na\u0161\u00ed dom\u00e1cnosti&quot;","img":{"alt_text":"","src":"https:\/\/i0.wp.com\/www.reduca.cz\/blog\/wp-content\/uploads\/2017\/10\/rybiz1.jpg?fit=1200%2C800&ssl=1&resize=350%2C200","width":350,"height":200},"classes":[]},{"id":158,"url":"https:\/\/www.reduca.cz\/blog\/recenze-zero-waste-samponu\/","url_meta":{"origin":229,"position":1},"title":"Recenze zero waste \u0161ampon\u016f","date":"18. 9. 2017","format":false,"excerpt":"Jednou z prvn\u00edch polo\u017eek na seznamu redukov\u00e1n\u00ed odpadu je hygiena, konkr\u00e9tn\u011b m\u00fddlo a \u0161ampon. P\u0159echod na tuh\u00e9 m\u00fddlo b\u00fdv\u00e1 jednoduch\u00fd, s myt\u00edm vlas\u016f je to ale n\u00e1ro\u010dn\u011bj\u0161\u00ed, obzvl\u00e1\u0161t\u011b u \u017een. Vyzkou\u0161ela jsem n\u011bkolik variant myt\u00ed v zero waste duchu, tedy bez nebo s minimem obal\u016f a bez zbyte\u010dn\u00e9ho odpadu.","rel":"","context":"In &quot;Koupelna&quot;","img":{"alt_text":"","src":"https:\/\/i0.wp.com\/www.reduca.cz\/blog\/wp-content\/uploads\/2017\/09\/hair.jpg?fit=1200%2C800&ssl=1&resize=350%2C200","width":350,"height":200},"classes":[]},{"id":825,"url":"https:\/\/www.reduca.cz\/blog\/den-osmdesaty-ctvrty-odstraneni-vodniho-kamene\/","url_meta":{"origin":229,"position":2},"title":"Den osmdes\u00e1t\u00fd \u010dtvrt\u00fd &#8211; odstran\u011bn\u00ed vodn\u00edho kamene","date":"24. 3. 2017","format":false,"excerpt":"V Brn\u011b m\u00e1me tvrdou vodu, tak\u017ee u\u017e n\u011bjak\u00fd ten p\u00e1tek \u010dist\u00edm (ne)pravideln\u011b konvici. V\u017edycky jsem pou\u017e\u00edvala ocet, ale po p\u0159e\u010dten\u00ed n\u011bjak\u00e9ho p\u0159\u00edsp\u011bvku jsem se rozhodla vyzkou\u0161et kyselinu citr\u00f3novou. Mus\u00edm \u0159\u00edct, \u017ee jsem nad\u0161en\u00e1. Nejen, \u017ee pouh\u00e1 l\u017ei\u010dka kyseliny vyle\u0161t\u00ed konvici l\u00e9pe ne\u017e p\u016fl konvice octa, ale konvice tak\u00e9 z\u016fst\u00e1v\u00e1 del\u0161\u00ed\u2026","rel":"","context":"In &quot;Den\u00ed\u010dek na\u0161\u00ed dom\u00e1cnosti&quot;","img":{"alt_text":"","src":"https:\/\/i0.wp.com\/www.reduca.cz\/blog\/wp-content\/uploads\/2017\/10\/konvice.jpg?fit=1200%2C675&ssl=1&resize=350%2C200","width":350,"height":200},"classes":[]},{"id":749,"url":"https:\/\/www.reduca.cz\/blog\/den-sedesaty-treti-jidlo-s-sebou-do-krabicky\/","url_meta":{"origin":229,"position":3},"title":"Den \u0161edes\u00e1t\u00fd t\u0159et\u00ed &#8211; j\u00eddlo s&nbsp;sebou do krabi\u010dky","date":"3. 3. 2017","format":false,"excerpt":"Bez obal\u016f jsme i na cest\u00e1ch. Kdy\u017e nen\u00ed \u010das (nebo prostor) uva\u0159it si doma ob\u011bd, ale chcete se naj\u00edst v p\u0159\u00edrod\u011b, nen\u00ed jin\u00e9 cesty ne\u017e vz\u00edt si j\u00eddlo s sebou. Dnes jsem si tedy poprv\u00e9 v \u017eivot\u011b vzala j\u00eddlo do vlastn\u00ed krabi\u010dky. K tomu kafe do sv\u00e9ho termohrnku a hur\u00e1\u2026","rel":"","context":"In &quot;Den\u00ed\u010dek na\u0161\u00ed dom\u00e1cnosti&quot;","img":{"alt_text":"","src":"https:\/\/i0.wp.com\/www.reduca.cz\/blog\/wp-content\/uploads\/2017\/10\/svacina.jpg?fit=1200%2C800&ssl=1&resize=350%2C200","width":350,"height":200},"classes":[]},{"id":2008,"url":"https:\/\/www.reduca.cz\/blog\/kvaskovy-toastovy-chleb\/","url_meta":{"origin":229,"position":4},"title":"Kv\u00e1skov\u00fd toastov\u00fd chl\u00e9b","date":"10. 11. 2018","format":false,"excerpt":"U n\u00e1s doma jsme v\u017edycky milovali v\u0161ichni toasty. Se zv\u00fd\u0161en\u00fdm poctiv\u00fdm \u010dten\u00edm etiket spolu s redukov\u00e1n\u00edm plast\u016f v dom\u00e1cnosti klesl kupovan\u00fd toastov\u00fd chleba na hodn\u011b n\u00edzkou p\u0159\u00ed\u010dku pot\u0159eb a tak vznikla pot\u0159eba zajistit toas\u0165\u00e1k jak jinak, ne\u017e bez obalu. No a pro\u010d na n\u011bj rovnou nevyu\u017e\u00edt dom\u00e1c\u00edho kv\u00e1sku?","rel":"","context":"In &quot;Recepty&quot;","img":{"alt_text":"","src":"https:\/\/i0.wp.com\/www.reduca.cz\/blog\/wp-content\/uploads\/2018\/11\/IMG_9810.jpg?fit=1200%2C800&ssl=1&resize=350%2C200","width":350,"height":200},"classes":[]},{"id":1047,"url":"https:\/\/www.reduca.cz\/blog\/den-sty-obdarovavam\/","url_meta":{"origin":229,"position":5},"title":"Den st\u00fd &#8211; obdarov\u00e1v\u00e1m","date":"9. 4. 2017","format":false,"excerpt":"Od t\u00e9 doby, co se zam\u00fd\u0161l\u00edm nad produkovan\u00fdm odpadem, je pro m\u011b vym\u00fd\u0161len\u00ed d\u00e1rku pro p\u0159\u00e1tele a rodinu je\u0161t\u011b t\u011b\u017e\u0161\u00ed, ne\u017e kdy bylo. Nejen, \u017ee se sna\u017e\u00edm naj\u00edt n\u011bco, co by se doty\u010dn\u00e9mu l\u00edbilo, ale z\u00e1rove\u0148 chci vybrat n\u011bco, co bude praktick\u00e9 (a nepolet\u00ed do ko\u0161e nebo do sk\u0159\u00edn\u011b), nejl\u00e9pe\u2026","rel":"","context":"In &quot;Den\u00ed\u010dek na\u0161\u00ed dom\u00e1cnosti&quot;","img":{"alt_text":"","src":"https:\/\/i0.wp.com\/www.reduca.cz\/blog\/wp-content\/uploads\/2017\/11\/darek.jpg?fit=1200%2C800&ssl=1&resize=350%2C200","width":350,"height":200},"classes":[]}],"_links":{"self":[{"href":"https:\/\/www.reduca.cz\/blog\/wp-json\/wp\/v2\/posts\/229"}],"collection":[{"href":"https:\/\/www.reduca.cz\/blog\/wp-json\/wp\/v2\/posts"}],"about":[{"href":"https:\/\/www.reduca.cz\/blog\/wp-json\/wp\/v2\/types\/post"}],"author":[{"embeddable":true,"href":"https:\/\/www.reduca.cz\/blog\/wp-json\/wp\/v2\/users\/1"}],"replies":[{"embeddable":true,"href":"https:\/\/www.reduca.cz\/blog\/wp-json\/wp\/v2\/comments?post=229"}],"version-history":[{"count":2,"href":"https:\/\/www.reduca.cz\/blog\/wp-json\/wp\/v2\/posts\/229\/revisions"}],"predecessor-version":[{"id":407,"href":"https:\/\/www.reduca.cz\/blog\/wp-json\/wp\/v2\/posts\/229\/revisions\/407"}],"wp:featuredmedia":[{"embeddable":true,"href":"https:\/\/www.reduca.cz\/blog\/wp-json\/wp\/v2\/media\/231"}],"wp:attachment":[{"href":"https:\/\/www.reduca.cz\/blog\/wp-json\/wp\/v2\/media?parent=229"}],"wp:term":[{"taxonomy":"category","embeddable":true,"href":"https:\/\/www.reduca.cz\/blog\/wp-json\/wp\/v2\/categories?post=229"},{"taxonomy":"post_tag","embeddable":true,"href":"https:\/\/www.reduca.cz\/blog\/wp-json\/wp\/v2\/tags?post=229"}],"curies":[{"name":"wp","href":"https:\/\/api.w.org\/{rel}","templated":true}]}}