{"id":2188,"date":"2019-03-14T18:23:08","date_gmt":"2019-03-14T17:23:08","guid":{"rendered":"https:\/\/www.reduca.cz\/blog\/?p=2188"},"modified":"2019-03-14T18:38:11","modified_gmt":"2019-03-14T17:38:11","slug":"proc-zatim-nemuzu-psat-o-mode-a-liceni","status":"publish","type":"post","link":"https:\/\/www.reduca.cz\/blog\/proc-zatim-nemuzu-psat-o-mode-a-liceni\/","title":{"rendered":"Pro\u010d (zat\u00edm) nem\u016f\u017eu ps\u00e1t o&nbsp;m\u00f3d\u011b a&nbsp;l\u00ed\u010den\u00ed"},"content":{"rendered":"<p><em>Udr\u017eiteln\u00e1 m\u00f3da do okruh\u016f t\u00e9mat okolo zero waste rozhodn\u011b pat\u0159\u00ed. Jen\u017ee ke&nbsp;mn\u011b moc nepat\u0159\u00ed m\u00f3da&#8230; Varov\u00e1n\u00ed, v&nbsp;\u010dl\u00e1nku najdete p\u00e1r m\u00fdch \u0161\u00edlen\u00fdch model\u016f z&nbsp;minulosti \ud83d\ude42\u00a0<\/em><\/p>\n<p>V\u011bt\u0161inu sv\u00e9ho \u017eivota jsem vyr\u016fstala s&nbsp;t\u00e1tou. A\u010dkoli jsem jako spr\u00e1vn\u00e1 hol\u010di\u010dka m\u011bla p\u0159edstavy o&nbsp;tom, co bych m\u011bla nebo nem\u011bla m\u00edt ve&nbsp;sv\u00e9m \u0161atn\u00edku, m\u016fj t\u00e1ta mi vryl <strong>prakti\u010dnost<\/strong> pod k\u016f\u017ei z\u0159ejm\u011b v\u00edc, ne\u017e jsem si kdy myslela. A&nbsp;\u017ee nebyly pen\u00edze, a&nbsp;tak jsem v\u017edycky nosila oble\u010den\u00ed po&nbsp;n\u011bkom, snad ani net\u0159eba zmi\u0148ovat. Kdy\u017e jsem se n\u011bkdy okolo t\u0159in\u00e1cti let za\u010dala cht\u00edt malovat, bylo to doma neseno velice nelib\u011b, tak\u017ee jsem se nau\u010dila d\u00e1vat si na sv\u016fj obli\u010dej <strong>pouze \u0159asenku a&nbsp;o\u010dn\u00ed linky<\/strong> (a&nbsp;p\u0159ed p\u0159\u00edchodem dom\u016f se rychle odl\u00ed\u010dit, v\u011bt\u0161inou jen naslin\u011bn\u00fdm prstem, proto\u017ee jsem si vzpomn\u011bla a\u017e ve&nbsp;v\u00fdtahu, kdy\u017e jsem uvid\u011bla sv\u016fj odraz v&nbsp;zrcadle).<\/p>\n<p>V duchu prakti\u010dnosti jsem pokra\u010dovala i&nbsp;pot\u00e9, co jsem se osamostatnila &#8211; pen\u011bz st\u00e1le nebylo moc, tak\u017ee jsem byla vd\u011b\u010dn\u00e1 za ka\u017ed\u00fd <strong>m\u011bkk\u00fd d\u00e1rek<\/strong> a&nbsp;to\u010dila na sob\u011b v\u017edy dvoje kalhoty <strong>do roztrh\u00e1n\u00ed<\/strong>.\u00a0I kdy\u017e zn\u00e1m moc dob\u0159e pohled pubert\u00e1ln\u00edch kluk\u016f na holky (absolvovala jsem st\u0159edn\u00ed \u0161kolu elektrotechnickou a&nbsp;pak se vrhla na studium informatiky), jsem sp\u00ed\u0161 <strong>takov\u00fd babochlap<\/strong>, kter\u00fd si nikdy moc nev\u011b\u0159il, tak\u017ee na n\u011bjak\u00e9 fint\u011bn\u00ed nebo sexy mod\u00fdlky nikdy nep\u0159i\u0161la doba. \u017denskost jsem sice za\u010dala lehce objevovat posledn\u00ed l\u00e9ta, ale prakti\u010dnost je u&nbsp;m\u011b stejn\u011b nejsiln\u011bj\u0161\u00ed &#8211; \u0161aty m\u00e1m v&nbsp;\u0161atn\u00edku leda ty na ples \u010di&nbsp;na svatbu, a&nbsp;jinak preferuji model tri\u010dko\/t\u00edlko, kalhoty\/sukn\u011b, <strong>co nejv\u00edce mo\u017enost\u00ed, co nejm\u00e9n\u011b vzor\u016f<\/strong> (a\u017e na ty sukn\u011b).<\/p>\n<div class=\"row\">\n<div class=\"col-lg-12\"><a title=\"Dlouhou dobu jsem se vyh\u00fdbala bund\u00e1m a jednodu\u0161e jsem vrstvila mikiny a svetry. Takhle v roce 2008.\" href=\"\/blog\/wp-content\/uploads\/2019\/03\/S6301627_-1024x768.jpg\"><img loading=\"lazy\" decoding=\"async\" data-attachment-id=\"2282\" data-permalink=\"https:\/\/www.reduca.cz\/blog\/proc-zatim-nemuzu-psat-o-mode-a-liceni\/s6301627_\/\" data-orig-file=\"https:\/\/i0.wp.com\/www.reduca.cz\/blog\/wp-content\/uploads\/2019\/03\/S6301627_.jpg?fit=1713%2C1284&amp;ssl=1\" data-orig-size=\"1713,1284\" data-comments-opened=\"1\" data-image-meta=\"{&quot;aperture&quot;:&quot;2.8&quot;,&quot;credit&quot;:&quot;&quot;,&quot;camera&quot;:&quot;&quot;,&quot;caption&quot;:&quot;&quot;,&quot;created_timestamp&quot;:&quot;1225542913&quot;,&quot;copyright&quot;:&quot;COPYRIGHT, 2007&quot;,&quot;focal_length&quot;:&quot;5.8&quot;,&quot;iso&quot;:&quot;80&quot;,&quot;shutter_speed&quot;:&quot;0.022222222222222&quot;,&quot;title&quot;:&quot;&quot;,&quot;orientation&quot;:&quot;1&quot;}\" data-image-title=\"S6301627_\" data-image-description=\"\" data-image-caption=\"\" data-medium-file=\"https:\/\/i0.wp.com\/www.reduca.cz\/blog\/wp-content\/uploads\/2019\/03\/S6301627_.jpg?fit=300%2C225&amp;ssl=1\" data-large-file=\"https:\/\/i0.wp.com\/www.reduca.cz\/blog\/wp-content\/uploads\/2019\/03\/S6301627_.jpg?fit=648%2C486&amp;ssl=1\" class=\"aligncenter size-large wp-image-2282\" src=\"https:\/\/i0.wp.com\/www.reduca.cz\/blog\/wp-content\/uploads\/2019\/03\/S6301627_.jpg?resize=648%2C486&#038;ssl=1\" alt=\"\" width=\"648\" height=\"486\" srcset=\"https:\/\/i0.wp.com\/www.reduca.cz\/blog\/wp-content\/uploads\/2019\/03\/S6301627_.jpg?resize=1024%2C768&amp;ssl=1 1024w, https:\/\/i0.wp.com\/www.reduca.cz\/blog\/wp-content\/uploads\/2019\/03\/S6301627_.jpg?resize=300%2C225&amp;ssl=1 300w, https:\/\/i0.wp.com\/www.reduca.cz\/blog\/wp-content\/uploads\/2019\/03\/S6301627_.jpg?resize=768%2C576&amp;ssl=1 768w, https:\/\/i0.wp.com\/www.reduca.cz\/blog\/wp-content\/uploads\/2019\/03\/S6301627_.jpg?w=1713&amp;ssl=1 1713w, https:\/\/i0.wp.com\/www.reduca.cz\/blog\/wp-content\/uploads\/2019\/03\/S6301627_.jpg?w=1296&amp;ssl=1 1296w\" sizes=\"(max-width: 648px) 100vw, 648px\" data-recalc-dims=\"1\" \/><\/a><\/div>\n<\/div>\n<p><span class=\"caption text-muted\">Dlouhou dobu jsem se vyh\u00fdbala bund\u00e1m a&nbsp;jednodu\u0161e jsem vrstvila mikiny a&nbsp;svetry. Takhle v&nbsp;roce 2008.<\/span><\/p>\n<p>Od \u010dtrn\u00e1cti jsem si p\u0159\u00e1la \u0161ic\u00ed stroj, abych na sebe mohla \u0161\u00edt. Sen se mi splnil a\u017e v&nbsp;25, kdy u\u017e jsem se u\u010dila \u0161\u00edt v\u00edc na synovi ne\u017e na m\u011b samotn\u00e9, a&nbsp;tak jsem si krom\u011b p\u00e1r sukn\u00ed zat\u00edm neu\u0161ila vlastn\u011b nic. St\u00e1le ale v\u011b\u0159\u00edm, \u017ee a\u017e to trochu v\u00edc natr\u00e9nuju, budu vdechovat \u017eivot star\u00e9mu oble\u010den\u00ed a&nbsp;tvo\u0159it z&nbsp;n\u011bj nov\u00e9 kousky, kdy\u017e u\u017e ne na sebe, tak aspo\u0148 na d\u011bti.<\/p>\n<h2>Jen a\u0165 nemus\u00edm nakupovat<\/h2>\n<p>V duchu zero waste vlastn\u011b \u017eiju i&nbsp;ne\u017eiju u\u017e l\u00e9ta. \u017diju proto, proto\u017ee z&nbsp;du\u0161e <strong>nen\u00e1vid\u00edm nakupov\u00e1n\u00ed<\/strong>. V\u011bta &#8220;poj\u010fme se pod\u00edvat do obchodu na n\u011bco na sebe&#8221; ve&nbsp;mn\u011b vzbuzuje osypky a&nbsp;dote\u010f si pamatuju, jak byla ze&nbsp;m\u011b m\u00e1ma n\u011bkdy v&nbsp;m\u00fdch dvan\u00e1cti letech roz\u010darovan\u00e1, kdy\u017e jsem se tv\u00e1\u0159ila otr\u00e1ven\u011b, \u017ee mi chce n\u011bco koupit a&nbsp;j\u00e1 si m\u00e1m zkou\u0161et oble\u010den\u00ed (no jo, nevd\u011b\u010dnice jedna). Impulsivn\u00ed n\u00e1kupy nebo \u010dumenda u&nbsp;m\u011b teda fakt nehroz\u00ed. V\u016fbec nej\u0161\u0165astn\u011bj\u0161\u00ed bych byla, kdyby mi n\u011bkdo donesl pot\u0159ebn\u00e9 a&nbsp;oku lad\u00edc\u00ed oble\u010den\u00ed dom\u016f bez nutnosti obch\u00e1zet bambilion obchod\u016f, takov\u00e9, kter\u00e9 by mi prost\u011b sedlo a&nbsp;bylo by. Nenab\u00edz\u00edte se n\u011bkdo? \ud83d\ude42<\/p>\n<p>Do obcho\u010f\u00e1ku jsem se vydala v\u017edycky a\u017e v&nbsp;moment, kdy jsem n\u011bco <strong>skute\u010dn\u011b pot\u0159ebovala<\/strong>. Takov\u00fd ten p\u0159\u00edpad, jak se v\u00e1m roztrhaj\u00ed posledn\u00ed kalhoty a&nbsp;vy akutn\u011b pot\u0159ebujete nov\u00e9. Jen\u017ee v&nbsp;ten moment pr\u00e1v\u011b p\u0159ich\u00e1zela frustrace, jeliko\u017e kdy\u017e jdete nakupovat a&nbsp;<strong>v\u00edte, co chcete<\/strong>, zaru\u010den\u011b <strong>to nenajdete<\/strong>. A&nbsp;to ani v&nbsp;t\u011bch nejzna\u010dkov\u011bj\u0161\u00edch obchodech, nato\u017e v&nbsp;sek\u00e1\u010d\u00edch. Z&nbsp;toho d\u016fvodu zero waste tak \u00fapln\u011b ne\u017eiju. Sek\u00e1\u010de jsou mi velice bl\u00edzk\u00e9 svou my\u0161lenkou, ale velice dalek\u00e9 pot\u0159ebou <strong>prohrabat se neskute\u010dn\u00fdm kvantem zbo\u017e\u00ed<\/strong>, abyste na\u0161li oble\u010den\u00ed, kter\u00e9 se v\u00e1m sice moc l\u00edb\u00ed, ale pot\u0159ebovali byste <strong>\u00fapln\u011b jinou velikost<\/strong>.<\/p>\n<div class=\"row\">\n<div class=\"col-lg-12\"><a title=\"M\u016fj model z roku 2008 - kalhoty ze sek\u00e1\u010de. Co na tom, \u017ee mi byly asi o dv\u011b \u010d\u00edsla v\u011bt\u0161\u00ed a vypadala jsem jak magor, vzor se mi l\u00edbil a zmen\u0161it jsem si je neum\u011bla. Svetr mi koupila na m\u00e9 p\u0159\u00e1n\u00ed babi\u010dka v Terranov\u011b asi v roce 2005 a ve sk\u0159\u00edni ho m\u00e1m dodnes, p\u0159ed ot\u011bhotn\u011bn\u00edm jsem ho st\u00e1le nosila.\" href=\"\/blog\/wp-content\/uploads\/2019\/03\/IMG_0331-1024x768.jpg\"><img loading=\"lazy\" decoding=\"async\" data-attachment-id=\"2262\" data-permalink=\"https:\/\/www.reduca.cz\/blog\/proc-zatim-nemuzu-psat-o-mode-a-liceni\/img_0331\/\" data-orig-file=\"https:\/\/i0.wp.com\/www.reduca.cz\/blog\/wp-content\/uploads\/2019\/03\/IMG_0331.jpg?fit=2048%2C1536&amp;ssl=1\" data-orig-size=\"2048,1536\" data-comments-opened=\"1\" data-image-meta=\"{&quot;aperture&quot;:&quot;4&quot;,&quot;credit&quot;:&quot;&quot;,&quot;camera&quot;:&quot;Canon PowerShot A720 IS&quot;,&quot;caption&quot;:&quot;&quot;,&quot;created_timestamp&quot;:&quot;1206720757&quot;,&quot;copyright&quot;:&quot;&quot;,&quot;focal_length&quot;:&quot;7.059&quot;,&quot;iso&quot;:&quot;80&quot;,&quot;shutter_speed&quot;:&quot;0.0015625&quot;,&quot;title&quot;:&quot;&quot;,&quot;orientation&quot;:&quot;1&quot;}\" data-image-title=\"IMG_0331\" data-image-description=\"\" data-image-caption=\"\" data-medium-file=\"https:\/\/i0.wp.com\/www.reduca.cz\/blog\/wp-content\/uploads\/2019\/03\/IMG_0331.jpg?fit=300%2C225&amp;ssl=1\" data-large-file=\"https:\/\/i0.wp.com\/www.reduca.cz\/blog\/wp-content\/uploads\/2019\/03\/IMG_0331.jpg?fit=648%2C486&amp;ssl=1\" class=\"aligncenter size-large wp-image-2262\" src=\"https:\/\/i0.wp.com\/www.reduca.cz\/blog\/wp-content\/uploads\/2019\/03\/IMG_0331.jpg?resize=648%2C486&#038;ssl=1\" alt=\"\" width=\"648\" height=\"486\" srcset=\"https:\/\/i0.wp.com\/www.reduca.cz\/blog\/wp-content\/uploads\/2019\/03\/IMG_0331.jpg?resize=1024%2C768&amp;ssl=1 1024w, https:\/\/i0.wp.com\/www.reduca.cz\/blog\/wp-content\/uploads\/2019\/03\/IMG_0331.jpg?resize=300%2C225&amp;ssl=1 300w, https:\/\/i0.wp.com\/www.reduca.cz\/blog\/wp-content\/uploads\/2019\/03\/IMG_0331.jpg?resize=768%2C576&amp;ssl=1 768w, https:\/\/i0.wp.com\/www.reduca.cz\/blog\/wp-content\/uploads\/2019\/03\/IMG_0331.jpg?w=2048&amp;ssl=1 2048w, https:\/\/i0.wp.com\/www.reduca.cz\/blog\/wp-content\/uploads\/2019\/03\/IMG_0331.jpg?w=1296&amp;ssl=1 1296w, https:\/\/i0.wp.com\/www.reduca.cz\/blog\/wp-content\/uploads\/2019\/03\/IMG_0331.jpg?w=1944&amp;ssl=1 1944w\" sizes=\"(max-width: 648px) 100vw, 648px\" data-recalc-dims=\"1\" \/><\/a><\/div>\n<\/div>\n<p><span class=\"caption text-muted\">M\u016fj model z&nbsp;roku 2008 &#8211; kalhoty ze&nbsp;sek\u00e1\u010de. Co na tom, \u017ee mi byly asi o&nbsp;dv\u011b \u010d\u00edsla v\u011bt\u0161\u00ed a&nbsp;vypadala jsem jak magor, vzor se mi l\u00edbil a&nbsp;zmen\u0161it jsem si je neum\u011bla. Svetr mi koupila na m\u00e9 p\u0159\u00e1n\u00ed babi\u010dka v&nbsp;Terranov\u011b asi v&nbsp;roce 2005 a&nbsp;ve&nbsp;sk\u0159\u00edni ho m\u00e1m dodnes, p\u0159ed ot\u011bhotn\u011bn\u00edm jsem ho st\u00e1le nosila.<\/span><\/p>\n<p>Dnes u\u017e m\u011b k&nbsp;second hand\u016fm napad\u00e1 je\u0161t\u011b jedna my\u0161lenka (nebo vlastn\u011b v\u00edc). Je sice super, \u017ee oble\u010den\u00ed <strong>neputuje do kon\u0165\u00e1ku<\/strong>, ale pln\u00ed sv\u016fj \u00fa\u010del d\u00e1l n\u011bkde jinde. Jen\u017ee mi p\u0159ijde, \u017ee dost \u010dasto <strong>daleko n\u011bkde jinde<\/strong>. P\u016fvod oble\u010den\u00ed ze&nbsp;second hand\u016f je dost <strong>\u010dasto zahrani\u010dn\u00ed<\/strong> (\u010dasto vid\u00edm modely z&nbsp;Anglie a&nbsp;Francie), tak\u017ee je tam dlouh\u00e1 cesta. Nav\u00edc se pou\u017e\u00edv\u00e1 <strong>t\u011b\u017ek\u00e1 chemie na dezinfekci<\/strong>, kter\u00e1 \u010dasto miz\u00ed a\u017e po&nbsp;n\u011bkolika vypr\u00e1n\u00ed (obzvl\u00e1\u0161\u0165 v&nbsp;p\u0159\u00edrodn\u00edch bezaviv\u00e1\u017eov\u00fdch prost\u0159edc\u00edch se to jen tak nep\u0159ebije). A&nbsp;v&nbsp;posledn\u00ed \u0159ad\u011b je tam zas ta <strong>rychl\u00e1 m\u00f3da<\/strong>\u00a0&#8211; je pak rozd\u00edl, jestli si koup\u00edm tri\u010dko z&nbsp;H&amp;M a&nbsp;nos\u00edm ho 7 let anebo si ho koup\u00ed n\u011bkdo jin\u00fd n\u011bkde jinde a&nbsp;za dva roky ho najdu u&nbsp;n\u00e1s v&nbsp;sek\u00e1\u010di, abych ho pak nosila zbyl\u00fdch 5 let?<\/p>\n<p>Tak\u017ee kdy\u017e z&nbsp;druh\u00e9 ruky, moment\u00e1ln\u011b rad\u011bji preferuji <strong>m\u00edstn\u00ed bazary<\/strong> a&nbsp;<strong>swapy<\/strong>. U&nbsp;oble\u010den\u00ed pak v\u011bt\u0161inou v\u00edm, od koho m\u00e1m, tak\u017ee t\u0159eba i&nbsp;v&nbsp;\u010dem pere. V&nbsp;on-line bazarech m\u016f\u017eu i&nbsp;dob\u0159e <strong>filtrovat<\/strong>, abych se dostala snadn\u011bji ke&nbsp;k\u00fd\u017een\u00e9mu produktu, tak\u017ee mi to <strong>\u0161et\u0159\u00ed \u010das<\/strong>, j\u00e1 osobn\u011b vyb\u00edr\u00e1m dle <strong>m\u00edsta bydli\u0161t\u011b<\/strong>, abych si m\u011bla mo\u017enost oble\u010den\u00ed nav\u00edc rovnou i&nbsp;<strong>vyzkou\u0161et<\/strong>. <strong>Cena<\/strong> sice mo\u017en\u00e1 nebude tak p\u0159\u00edzniv\u00e1 jako v&nbsp;sek\u00e1\u010di, ale zas putuje \u010dlov\u011bku, kter\u00fd pen\u00edze jist\u011b vyu\u017eije (j\u00e1 dost \u010dasto nakupuju od jin\u00fdch maminek, tam jsou pen\u00edze pot\u0159eba t\u00e9m\u011b\u0159 v\u017edycky).<\/p>\n<p>Vzhledem k&nbsp;tomu, jak m\u00e1lo jsem do n\u00e1kupn\u00edch center pro oble\u010den\u00ed chodila, vlastn\u011b m\u011b ani nenapadalo p\u0159em\u00fd\u0161let nad t\u00edm, jestli chci oble\u010den\u00ed pr\u00e1v\u011b z&nbsp;nich. Pen\u011bz jsem nem\u011bla jako pracuj\u00edc\u00ed studentka nazbyt po&nbsp;dlouh\u00e1 l\u00e9ta, tak\u017ee rozhoduj\u00edc\u00ed faktor byl <strong>cena<\/strong> &#8211; a&nbsp;taky mo\u017enost po\u0159\u00eddit si od jednoho druhu <strong>v\u00edce barev\/variant najednou<\/strong> (tedy <strong>vyhnout se dal\u0161\u00edmu brzk\u00e9mu n\u00e1kupu<\/strong>). \u0158et\u011bzce tento symbiotick\u00fd vztah nab\u00edzely, a&nbsp;tak jsem je vyu\u017e\u00edvala.<\/p>\n<h2>Kalhoty a&nbsp;triko to jist\u00ed<\/h2>\n<p>Jsem pry\u010d z&nbsp;domova 11 let a&nbsp;za tu dobu jsem \u0161atn\u00edk moc neobm\u011bnila. Nejv\u00edc se u&nbsp;m\u011b st\u0159\u00eddaj\u00ed kalhoty, jeliko\u017e m\u00e1m nej\u010dast\u011bji <strong>dva funk\u010dn\u00ed kousky<\/strong> (jedny se p\u0159ece perou, druh\u00e9 nos\u00ed, ne?), n\u00e1por \u010dast\u00e9ho no\u0161en\u00ed nevydr\u017e\u00ed p\u0159\u00edli\u0161 dlouho, tak\u017ee jsem tak cca co 2-3 roky kupovala nov\u00e9. Posledn\u00ed roky se ale sna\u017e\u00edm <strong>vyh\u00fdbat d\u017e\u00edn\u00e1m<\/strong>, kter\u00e9 pova\u017euji za <a href=\"http:\/\/www.bio-info.cz\/zpravy\/jaky-maji-vase-dziny-dopad-na-nasi-planetu\" target=\"_blank\" rel=\"noopener\">velmi neekologick\u00e9<\/a>. Sukn\u011b m\u00e1m v&nbsp;\u0161atn\u00edku i&nbsp;<strong>od sv\u00fdch 15 let<\/strong>, moment\u00e1ln\u011b je dopl\u0148uju pouze vlastnoru\u010dn\u011b u\u0161it\u00fdmi nov\u00fdmi kousky.<\/p>\n<div class=\"row\">\n<div class=\"col-lg-12\"><a title=\"Rok 2013. U\u017e bez d\u017e\u00edn\u016f a s kalhoty, kter\u00e9 jsem obl\u00e9kala, dokud jsem n\u011bkolik m\u011bs\u00edc\u016f po porodu nezhubla natolik, \u017ee mi padaly. Tri\u010dko st\u00e1le v kurzu.\" href=\"\/blog\/wp-content\/uploads\/2019\/03\/IMG_7760-e1552581324539-683x1024.jpg\"><img loading=\"lazy\" decoding=\"async\" data-attachment-id=\"2270\" data-permalink=\"https:\/\/www.reduca.cz\/blog\/proc-zatim-nemuzu-psat-o-mode-a-liceni\/img_7760\/\" data-orig-file=\"https:\/\/i0.wp.com\/www.reduca.cz\/blog\/wp-content\/uploads\/2019\/03\/IMG_7760-e1552581338365.jpg?fit=1333%2C2000&amp;ssl=1\" data-orig-size=\"1333,2000\" data-comments-opened=\"1\" data-image-meta=\"{&quot;aperture&quot;:&quot;3.2&quot;,&quot;credit&quot;:&quot;&quot;,&quot;camera&quot;:&quot;Canon EOS 650D&quot;,&quot;caption&quot;:&quot;&quot;,&quot;created_timestamp&quot;:&quot;1367403476&quot;,&quot;copyright&quot;:&quot;&quot;,&quot;focal_length&quot;:&quot;50&quot;,&quot;iso&quot;:&quot;100&quot;,&quot;shutter_speed&quot;:&quot;0.0125&quot;,&quot;title&quot;:&quot;&quot;,&quot;orientation&quot;:&quot;6&quot;}\" data-image-title=\"IMG_7760\" data-image-description=\"\" data-image-caption=\"\" data-medium-file=\"https:\/\/i0.wp.com\/www.reduca.cz\/blog\/wp-content\/uploads\/2019\/03\/IMG_7760-e1552581338365.jpg?fit=200%2C300&amp;ssl=1\" data-large-file=\"https:\/\/i0.wp.com\/www.reduca.cz\/blog\/wp-content\/uploads\/2019\/03\/IMG_7760-e1552581338365.jpg?fit=648%2C972&amp;ssl=1\" class=\"aligncenter size-large wp-image-2270\" src=\"https:\/\/i0.wp.com\/www.reduca.cz\/blog\/wp-content\/uploads\/2019\/03\/IMG_7760-e1552581324539-683x1024.jpg?resize=648%2C972&#038;ssl=1\" alt=\"\" width=\"648\" height=\"972\" data-recalc-dims=\"1\" \/><\/a><\/div>\n<\/div>\n<p><span class=\"caption text-muted\">Rok 2013. U\u017e bez d\u017e\u00edn\u016f a&nbsp;s&nbsp;kalhoty, kter\u00e9 jsem obl\u00e9kala, dokud jsem n\u011bkolik m\u011bs\u00edc\u016f po&nbsp;porodu nezhubla natolik, \u017ee mi padaly. Tri\u010dko st\u00e1le v&nbsp;kurzu.<\/span><\/p>\n<p>Tri\u010dka u&nbsp;m\u011b dr\u017e\u00ed taky dlouhou dobu. Kdy\u017e jsem <a href=\"https:\/\/www.reduca.cz\/blog\/ze-stareho-nove\/\">renovovala n\u011bkter\u00e9 u\u017e trochu jet\u00e9 oble\u010den\u00ed<\/a>, zjistila jsem, \u017ee nejstar\u0161\u00ed kousky m\u00fdch t\u00edlek maj\u00ed u\u017e <strong>p\u0159es 7 let<\/strong>, co\u017e pova\u017euji za dost velk\u00fd \u00fasp\u011bch na to, \u017ee se jedn\u00e1 o&nbsp;fast fashion z&nbsp;fast \u0159et\u011bzce a&nbsp;kvalita by nem\u011bla b\u00fdt valn\u00e1 (nutno podotknout, \u017ee t\u00edlka nos\u00edm cel\u00e9 l\u00e9to, vlastn\u011b u\u017e i&nbsp;od jara do podzimu, proto\u017ee je mi v\u0161ude \u010dasto vedro).<\/p>\n<p>Kdyby se za t\u011bch p\u00e1r let nezm\u011bnila m\u00f3da k&nbsp;prakti\u010dt\u011bj\u0161\u00edmu sm\u011bru, a&nbsp;to k&nbsp;del\u0161\u00edm rozm\u011br\u016fm tri\u010dek &#8211; a\u017e po&nbsp;boky -, z\u0159ejm\u011b bych nosila i&nbsp;stejn\u00e1 tri\u010dka tak dlouho. Ale vzhledem k&nbsp;t\u011bhotenstv\u00edm, kdy kr\u00e1tk\u00e1 tri\u010dka rychle vezmou za sv\u00e9, a&nbsp;kojen\u00ed, kdy zas tri\u010dka bez v\u00fdst\u0159ihu nemaj\u00ed \u0161anci, proto\u017ee m\u00edt prsa p\u0159ipravena nonstop do \u0161\u00e1tku je z\u00e1klad, u\u017e jsem n\u011bjak\u00e1 rad\u011bji <strong>poslala d\u00e1l<\/strong>, proto\u017ee m\u00e1m pocit, \u017ee u\u017e se k&nbsp;nim <strong>jen tak nevr\u00e1t\u00edm<\/strong> (ona se ta postava po&nbsp;t\u0159ech d\u011btech taky nemus\u00ed vr\u00e1tit k&nbsp;t\u00e9 jako ve&nbsp;20 a&nbsp;u\u017e ten pupek prost\u011b ukazovat nechcete).<\/p>\n<p>P\u00e1rkr\u00e1t jsem te\u010f p\u0159em\u00fd\u0161lela o&nbsp;tom, jestli m\u00edt rychlou m\u00f3du na dlouhou dobu je vlastn\u011b udr\u017eiteln\u00e9 nebo ne. Pot\u0159ebovala bych toti\u017e nov\u00e1 t\u00edlka, jak star\u00e1 pomalu odch\u00e1zej\u00ed (a&nbsp;skrz t\u00e9m\u011b\u0159 4 roky kojen\u00ed jsou prost\u011b hnusn\u011b vytahan\u00e1), a&nbsp;po\u0159\u00e1d nev\u00edm, <strong>kde je nakoupit <\/strong>&#8211; m\u00e1m r\u00e1da fakt jednoduch\u00fd styl, tak\u017ee jednobarevn\u00e9 t\u00edlko, jednoduch\u00fd st\u0159ih s&nbsp;akor\u00e1tn\u00edm v\u00fdst\u0159ihem.\u00a0<a href=\"http:\/\/www.veronikablabla.cz\/\" target=\"_blank\" rel=\"noopener\">Veronika Blabla Hubkov\u00e1<\/a>, kter\u00e1 u&nbsp;n\u00e1s udr\u017eitelnou m\u00f3du dost propaguje, m\u00e1 n\u00e1zor, \u017ee oble\u010den\u00ed z&nbsp;\u0159et\u011bzc\u016f, <strong>no\u0161en\u00e9 dostate\u010dn\u011b dlouho<\/strong>, je vlastn\u011b v&nbsp;po\u0159\u00e1dku (douf\u00e1m, \u017ee to n\u011bjak nedezinterpretuju, kdyby n\u011bco, dejte v\u011bd\u011bt). \u017de vlastn\u011b d\u00e1v\u00e1me pr\u00e1ci t\u011bm lidem, kte\u0159\u00ed v&nbsp;t\u011bch nuzn\u00fdch podm\u00ednk\u00e1ch d\u011blat tak \u010di&nbsp;onak mus\u00ed, \u017ee nejde \u0159et\u011bzce ze&nbsp;dne na den tak n\u011bjak vynechat a&nbsp;probl\u00e9m je to v&nbsp;p\u0159\u00edpad\u011b, \u017ee se oble\u010den\u00ed vyhazuje rychle po&nbsp;sez\u00f3n\u011b nebo dostate\u010dn\u011b nevynos\u00ed.<\/p>\n<p>D\u017e\u00edny vlastn\u011b udr\u017eiteln\u00e9 taky nejsou a&nbsp;(nejen) proto se jim u\u017e n\u011bjakou dobu vyh\u00fdb\u00e1m. Jen\u017ee zas nar\u00e1\u017e\u00edm na probl\u00e9m, \u017ee m\u00e1m <strong>jasnou p\u0159edstavu o&nbsp;st\u0159ihu<\/strong>. Na m\u00fdch noh\u00e1ch se mi st\u0159ih slim nel\u00edb\u00ed, a&nbsp;sehnat p\u0159inejmen\u0161\u00edm rovn\u00e9 kalhoty, ve&nbsp;kter\u00fdch se budu c\u00edtit, nebudou mi kr\u00e1tk\u00e9 a&nbsp;nepoleze z&nbsp;nich zadek, je skoro utopie. Tak\u017ee sek\u00e1\u010de zase nehroz\u00ed, jeliko\u017e jsem r\u00e1da, kdy\u017e najdu ho\u010fku dv\u011b o&nbsp;samot\u011b na to, n\u011bco pro sebe spla\u0161it, a&nbsp;tohle by bylo tak na \u010dtrn\u00e1ctidenn\u00ed maraton. Naposledy (p\u0159ed t\u0159emi lety, kdy\u017e mi v\u0161echny star\u00e9 kalhoty u\u017e padaly) jsem kupovala z&nbsp;\u0159et\u011bzce, a&nbsp;kdy\u017e mi st\u0159ih sed\u011bl, vzala jsem si rovnou dvoje r\u016fzn\u00e9 barvy, a\u0165 m\u00e1m na dlouhou dobu klid. Ve&nbsp;sk\u0159\u00edni se mi v\u00e1l\u00ed je\u0161t\u011b kalhoty \u0161ir\u0161\u00edch rozm\u011br\u016f z&nbsp;doby p\u0159edt\u011bhotensk\u00e9 a&nbsp;pot\u011bhotensk\u00e9 a&nbsp;vytahuju, co mi aktu\u00e1ln\u011b je (tak\u017ee dal\u0161\u00ed pr\u016fser, <strong>minimalismus v&nbsp;\u0161atn\u00edku<\/strong> a&nbsp;n\u011bjak\u00e1 <a href=\"http:\/\/dailystyle.cz\/capsule-wardrobe\/\" target=\"_blank\" rel=\"noopener\"><strong>capsule wardrobe<\/strong> <\/a>u m\u011b taky zat\u00edm\u00a0<strong>nehroz\u00ed<\/strong>).<\/p>\n<h2>Spodn\u00ed pr\u00e1dlo<\/h2>\n<p>A te\u010f ta asi nejo\u0161emetn\u011bj\u0161\u00ed \u010d\u00e1st. U&nbsp;m\u011b mate\u0159stv\u00ed znamenalo kompletn\u00ed obm\u011bnu spodn\u00edho pr\u00e1dla, jeliko\u017e mi n\u011bkter\u00e9 st\u0159ihy nebo materi\u00e1ly u\u017e nebyly tak p\u0159\u00edjemn\u00e9. Tak\u017ee jsem za\u010dala nosit klasick\u00e9 kalhotky a&nbsp;te\u010f u\u017e i&nbsp;vy\u0159adila z&nbsp;\u0161atn\u00edku push-up podprsenky s&nbsp;kosticemi (a\u010dkoliv jsem jich spoustu dostala po&nbsp;kamar\u00e1dce). S&nbsp;podprsenkami to byl v\u016fbec probl\u00e9m, proto\u017ee za ty 4,5 roku m\u00fdch t\u011bhotenstv\u00ed a&nbsp;kojen\u00ed m\u00e1 prsa u\u017e tolikr\u00e1t zm\u011bnila tvar, \u017ee vlastn\u011b ani nev\u00edm, jak maj\u00ed stabiln\u011b vypadat (ka\u017ed\u00fd p\u016fl rok nov\u00e1 holka, no neber to), a&nbsp;jednou mi sed\u00ed moje podprsenka, podruh\u00e9 je mal\u00e1, pot\u0159et\u00ed mi z&nbsp;n\u00ed zas prsa te\u010dou ven. Tak\u017ee jsem poprv\u00e9 v&nbsp;\u017eivot\u011b <strong>zainvestovala pen\u00edze<\/strong>, proto\u017ee do t\u00e9 doby \u017e\u00e1dn\u00e1 m\u00e1 podprsenka nest\u00e1la v\u00edc jak 300, a&nbsp;koupila si po\u0159\u00e1dnou <a href=\"https:\/\/www.facebook.com\/redukujemeodpad\/photos\/pb.639281652945162.-2207520000.1542653436.\/1011913395681984\/?type=3\" target=\"_blank\" rel=\"noopener\"><strong>\u010deskou, ru\u010dn\u011b \u0161itou podprsenku z&nbsp;biobavlny a&nbsp;bez kostic<\/strong><\/a>. Ta (vy)dr\u017e\u00ed i&nbsp;m\u00e9 r\u016fzn\u00e9 stavy poprs\u00ed, je velice pohodln\u00e1 a&nbsp;maxim\u00e1ln\u011b p\u0159\u00edjemn\u00e1.<\/p>\n<div class=\"row\">\n<div class=\"col-lg-12\"><a title=\"\u010cesk\u00e1, ru\u010dn\u011b a na m\u00edru \u0161it\u00e1 podprsenka z biobavlny bez kostic\" href=\"\/blog\/wp-content\/uploads\/2019\/03\/IMG_9823-1024x683.jpg\"><img loading=\"lazy\" decoding=\"async\" data-attachment-id=\"2273\" data-permalink=\"https:\/\/www.reduca.cz\/blog\/proc-zatim-nemuzu-psat-o-mode-a-liceni\/img_9823\/\" data-orig-file=\"https:\/\/i0.wp.com\/www.reduca.cz\/blog\/wp-content\/uploads\/2019\/03\/IMG_9823-e1552582147893.jpg?fit=2000%2C1333&amp;ssl=1\" data-orig-size=\"2000,1333\" data-comments-opened=\"1\" data-image-meta=\"{&quot;aperture&quot;:&quot;3.5&quot;,&quot;credit&quot;:&quot;&quot;,&quot;camera&quot;:&quot;Canon EOS 650D&quot;,&quot;caption&quot;:&quot;&quot;,&quot;created_timestamp&quot;:&quot;1541775247&quot;,&quot;copyright&quot;:&quot;&quot;,&quot;focal_length&quot;:&quot;50&quot;,&quot;iso&quot;:&quot;100&quot;,&quot;shutter_speed&quot;:&quot;0.008&quot;,&quot;title&quot;:&quot;&quot;,&quot;orientation&quot;:&quot;1&quot;}\" data-image-title=\"IMG_9823\" data-image-description=\"\" data-image-caption=\"\" data-medium-file=\"https:\/\/i0.wp.com\/www.reduca.cz\/blog\/wp-content\/uploads\/2019\/03\/IMG_9823-e1552582147893.jpg?fit=300%2C200&amp;ssl=1\" data-large-file=\"https:\/\/i0.wp.com\/www.reduca.cz\/blog\/wp-content\/uploads\/2019\/03\/IMG_9823-e1552582147893.jpg?fit=648%2C432&amp;ssl=1\" class=\"aligncenter size-large wp-image-2273\" src=\"https:\/\/i0.wp.com\/www.reduca.cz\/blog\/wp-content\/uploads\/2019\/03\/IMG_9823.jpg?resize=648%2C432&#038;ssl=1\" alt=\"\" width=\"648\" height=\"432\" data-recalc-dims=\"1\" \/><\/a><\/div>\n<\/div>\n<p><span class=\"caption text-muted\">\u010cesk\u00e1, ru\u010dn\u011b a&nbsp;na m\u00edru \u0161it\u00e1 podprsenka z&nbsp;biobavlny bez kostic<\/span><\/p>\n<p>S kalhotkami je to ale v\u011bt\u0161\u00ed k\u0159\u00ed\u017e. Hled\u00e1m u\u017e t\u00e9m\u011b\u0159 rok a&nbsp;st\u00e1le nenach\u00e1z\u00edm udr\u017eiteln\u00e9 pr\u00e1dlo, kter\u00e9 by se mi l\u00edbilo <strong>vzhledem a&nbsp;z\u00e1rove\u0148 cenou<\/strong> (proto\u017ee co si budem pov\u00eddat, ty ga\u0165ky tak dlouho jako tri\u010dko prost\u011b nevydr\u017e\u00ed a&nbsp;d\u00e1vat za kus 500 se teda nec\u00edt\u00edm). A&nbsp;tak furt koketuju s&nbsp;p\u0159edstavou, \u017ee si koup\u00edm n\u011bjakou biobavln\u011bnou metr\u00e1\u017e a&nbsp;u\u0161iju si je sama. Jen\u017ee zat\u00edm jsem neu\u0161ila ani ty zku\u0161ebn\u00ed z&nbsp;l\u00e1tek, co doma m\u00e1m&#8230;<\/p>\n<p>Zato pono\u017eky u\u017e jsem zkou\u0161ela aspo\u0148 <strong>bambusov\u00e9<\/strong>, i&nbsp;kdy\u017e v\u00edm, \u017ee z&nbsp;hlediska textili\u00ed to nen\u00ed ta nejv\u00edc eko varianta a&nbsp;nav\u00edc by se nem\u011bly pr\u00e1t na 60, co\u017e mi u&nbsp;spodn\u00edho pr\u00e1dla hodn\u011b vad\u00ed (nav\u00edc chlapsk\u00e9 pono\u017eky to pod 60 prost\u011b nedaj\u00ed). <strong>Biobavln\u011bn\u00fdch<\/strong> je ale na trhu m\u00e1lo, jsou zase drah\u00e9 a&nbsp;nav\u00edc bez p\u0159\u00edm\u011bsi (elastan) se jich d\u00e1 naj\u00edt bohu\u017eel minimum, <strong>konopn\u00e9<\/strong> bez p\u0159\u00edm\u011bsi jsem tak\u00e9 nena\u0161la. A&nbsp;posledn\u00ed faktor &#8211; m\u00e1me doma r\u00e1di kotn\u00ed\u010dkov\u00e9 a&nbsp;eko varianty jsou zase nej\u010dast\u011bji k&nbsp;nalezen\u00ed v&nbsp;t\u011bch sexy <strong>extra vysok\u00fdch variant\u00e1ch<\/strong>.<\/p>\n<p>V t\u00e9hle sf\u00e9\u0159e jsem p\u0159epnula z&nbsp;m\u00f3du co nejlevn\u011bj\u0161\u00ed na m\u00f3d <strong>p\u0159\u00edrodn\u00ed materi\u00e1ly <\/strong>a preferuji pr\u00e1dlo, kter\u00e9 je z&nbsp;udr\u017eiteln\u00e9ho textilu. Druh\u00fd faktor, kter\u00fd je pro m\u011b d\u016fle\u017eit\u00fd, je <strong>p\u016fvod<\/strong> &#8211; tedy alespo\u0148 <strong>m\u00edsto v\u00fdroby<\/strong>. Podpora lok\u00e1ln\u00edch zdroj\u016f je pro m\u011b d\u016fle\u017eit\u00e1 (nehled\u011b na to, \u017ee to \u0161et\u0159\u00ed CO<sub>2<\/sub>). Tak\u017ee \u010desk\u00e9 d\u00edlny, kter\u00e9 \u0161ijete z&nbsp;bio bavlny, konop\u00ed, lnu nebo nejh\u016f\u0159e bambusu, perte to do m\u011b!<\/p>\n<h2>Funk\u010dn\u00ed materi\u00e1ly<\/h2>\n<p>M\u00e1m pot\u0159ebu se vyj\u00e1d\u0159it k&nbsp;dne\u0161n\u00edm velice modern\u00edm funk\u010dn\u00edm materi\u00e1l\u016fm. Kdo doma nem\u00e1 aspo\u0148 jedno funk\u010dn\u00ed tri\u010dko, kalhoty na b\u011bh\u00e1n\u00ed a&nbsp;speci\u00e1ln\u00ed termopr\u00e1dlo, jako by nebyl. Zn\u00e1m dokonce i&nbsp;lidi, kte\u0159\u00ed tento druh materi\u00e1lu pou\u017e\u00edvaj\u00ed pro denn\u00ed no\u0161en\u00ed, proto\u017ee podtrhuje jejich sportovn\u00ed styl. V\u011b\u0159\u00edm, \u017ee je fakt fajn, kdy\u017e oble\u010den\u00ed po&nbsp;sportu rychle uschne a&nbsp;p\u0159izn\u00e1m se bez obalu, \u017ee jsem si koupila jeden cyklodres (ale hlavn\u011b kv\u016fli vycpan\u00e9mu zadku, proto\u017ee p\u0159i&nbsp;najet\u00fdch 50 km u\u017e ob\u010das ten zadek fakt bol\u00ed). Ale.<\/p>\n<p>Byla jsem v&nbsp;\u0161oku, kolik lid\u00ed jsou z&nbsp;t\u011bchto materi\u00e1l\u016f tak na v\u011btvi, \u017ee na ur\u010dit\u00fd sportovn\u00ed v\u00fdkon po\u0159izuj\u00ed speci\u00e1ln\u00ed oble\u010den\u00ed. Kdy\u017e jsem stoupala na vrchol zasn\u011b\u017een\u00e9 3,5tis\u00edcovky se t\u0159emi dal\u0161\u00edmi chlapy, byla jsem jedin\u00e1, kter\u00e1 na sob\u011b m\u011bla oby\u010dejn\u00e9 star\u00e9 kalhoty, na spodn\u00ed vrstv\u011b dom\u00e1c\u00ed p\u00e1nsk\u00e9 tri\u010dko (s&nbsp;n\u00e1pisem V\u0161ichni kolem m\u011b jsou blbci, jenom j\u00e1 jsem letadlo), starou teplou mikinu od \u010d\u00ed\u0148an\u016f a&nbsp;ly\u017ea\u0159skou bundu. Paradoxn\u011b mi bylo tepleji ne\u017e kolegovi v&nbsp;super speci\u00e1ln\u00ed bund\u011b, super speci\u00e1ln\u00ed mikin\u011b a&nbsp;v&nbsp;termopr\u00e1dle.<\/p>\n<div class=\"row\">\n<div class=\"col-lg-12\"><a title=\"2012, profi oble\u010den\u00ed na vysokohorskou turistiku (palestinu m\u00e1m u\u017e od roku 2008, dovezenou jako d\u00e1rek p\u0159\u00edmo z Egypta, pou\u017e\u00edvanou dote\u010f)\" href=\"\/blog\/wp-content\/uploads\/2019\/03\/486808_3702430725713_1443961451_n.jpg\"><img loading=\"lazy\" decoding=\"async\" data-attachment-id=\"2278\" data-permalink=\"https:\/\/www.reduca.cz\/blog\/proc-zatim-nemuzu-psat-o-mode-a-liceni\/486808_3702430725713_1443961451_n\/\" data-orig-file=\"https:\/\/i0.wp.com\/www.reduca.cz\/blog\/wp-content\/uploads\/2019\/03\/486808_3702430725713_1443961451_n.jpg?fit=565%2C565&amp;ssl=1\" data-orig-size=\"565,565\" data-comments-opened=\"1\" data-image-meta=\"{&quot;aperture&quot;:&quot;0&quot;,&quot;credit&quot;:&quot;&quot;,&quot;camera&quot;:&quot;&quot;,&quot;caption&quot;:&quot;&quot;,&quot;created_timestamp&quot;:&quot;0&quot;,&quot;copyright&quot;:&quot;&quot;,&quot;focal_length&quot;:&quot;0&quot;,&quot;iso&quot;:&quot;0&quot;,&quot;shutter_speed&quot;:&quot;0&quot;,&quot;title&quot;:&quot;&quot;,&quot;orientation&quot;:&quot;0&quot;}\" data-image-title=\"486808_3702430725713_1443961451_n\" data-image-description=\"\" data-image-caption=\"\" data-medium-file=\"https:\/\/i0.wp.com\/www.reduca.cz\/blog\/wp-content\/uploads\/2019\/03\/486808_3702430725713_1443961451_n.jpg?fit=300%2C300&amp;ssl=1\" data-large-file=\"https:\/\/i0.wp.com\/www.reduca.cz\/blog\/wp-content\/uploads\/2019\/03\/486808_3702430725713_1443961451_n.jpg?fit=565%2C565&amp;ssl=1\" class=\"aligncenter size-full wp-image-2278\" src=\"https:\/\/i0.wp.com\/www.reduca.cz\/blog\/wp-content\/uploads\/2019\/03\/486808_3702430725713_1443961451_n.jpg?resize=565%2C565&#038;ssl=1\" alt=\"\" width=\"565\" height=\"565\" srcset=\"https:\/\/i0.wp.com\/www.reduca.cz\/blog\/wp-content\/uploads\/2019\/03\/486808_3702430725713_1443961451_n.jpg?w=565&amp;ssl=1 565w, https:\/\/i0.wp.com\/www.reduca.cz\/blog\/wp-content\/uploads\/2019\/03\/486808_3702430725713_1443961451_n.jpg?resize=150%2C150&amp;ssl=1 150w, https:\/\/i0.wp.com\/www.reduca.cz\/blog\/wp-content\/uploads\/2019\/03\/486808_3702430725713_1443961451_n.jpg?resize=300%2C300&amp;ssl=1 300w, https:\/\/i0.wp.com\/www.reduca.cz\/blog\/wp-content\/uploads\/2019\/03\/486808_3702430725713_1443961451_n.jpg?resize=60%2C60&amp;ssl=1 60w, https:\/\/i0.wp.com\/www.reduca.cz\/blog\/wp-content\/uploads\/2019\/03\/486808_3702430725713_1443961451_n.jpg?resize=45%2C45&amp;ssl=1 45w\" sizes=\"(max-width: 565px) 100vw, 565px\" data-recalc-dims=\"1\" \/><\/a><\/div>\n<\/div>\n<p><span class=\"caption text-muted\">2012, profi oble\u010den\u00ed na vysokohorskou turistiku (palestinu m\u00e1m u\u017e od roku 2008, dovezenou jako d\u00e1rek p\u0159\u00edmo z&nbsp;Egypta, pou\u017e\u00edvanou dote\u010f)<\/span><\/p>\n<p>Tohle funk\u010dn\u00ed oble\u010den\u00ed je sice super pro lidi, ale ne a\u017e zas tak super pro p\u0159\u00edrodu, p\u0159i&nbsp;pran\u00ed <a href=\"https:\/\/www.plastjepast.cz\/novinky\/proc-plasty-z-vaseho-obleceni-konci-v-oceanech\/\" target=\"_blank\" rel=\"noopener\">z n\u011bj mohou do vody unikat mikroplasty<\/a>. Mi um\u011blina vadila v\u017edycky, dokonce tak moc, \u017ee jsem docela dlouhou dobu nenosila v\u016fbec bundu, ale jen p\u00e1r navrstven\u00fdch mikin (viz v\u00fd\u0161e) a&nbsp;pak je vym\u011bnila za kab\u00e1t. Dote\u010f nem\u00e1m zakoupen\u00e9 jedin\u00e9 funk\u010dn\u00ed kalhoty, dostala jsem jen jedny \u0161us\u0165\u00e1kovky po&nbsp;\u0161vagrov\u00e9. Teploty v&nbsp;m\u00ednus dvaceti jsem zv\u00e1dla v&nbsp;oby\u010dejn\u00e9m pr\u00e1dle, oby\u010dejn\u00e9m tri\u010dku a&nbsp;hodn\u011b tepl\u00e9 zimn\u00ed bund\u011b. Polyesteru je v&nbsp;m\u00e9m \u0161atn\u00edku opravdu velmi m\u00e1lo a&nbsp;um\u011bl\u00e9 materi\u00e1ly v\u011bt\u0161inou jen ve&nbsp;form\u011b p\u0159\u00edm\u011bsi.<\/p>\n<h2>A kruh se uzav\u00edr\u00e1<\/h2>\n<p>Pravdou je, \u017ee oble\u010den\u00ed jsem nevyhazovala snad nikdy. Pou\u017eiteln\u00e9 oble\u010den\u00ed jsem v\u017edy darovala na charitu nebo do \u010derven\u00fdch popelnic ur\u010den\u00fdch na charitu, a&nbsp;v\u011bt\u0161inou ho bylo dost m\u00e1lo, nebo\u0165 jak oble\u010den\u00ed, tak boty jsem v\u017edy nosila <strong>do roztrh\u00e1n\u00ed<\/strong>, tak\u017ee nebyl d\u016fvod je n\u011bkam pos\u00edlat d\u00e1l. No a&nbsp;z&nbsp;roztrhan\u00fdch tri\u010dek jsem v\u017edycky <strong>d\u011blala hadry<\/strong>, kter\u00e9 zas slou\u017eily do t\u00e9 doby, ne\u017e dost\u00e1ly stavu absolutn\u00ed nechutnosti (i&nbsp;p\u0159es opakovan\u00e9 pran\u00ed).<\/p>\n<p>Te\u010f, kdy\u017e vy\u0159azuji oble\u010den\u00ed, sem tam nab\u00eddnu p\u011bkn\u011bj\u0161\u00ed kousky n\u011bkam na bazar. S&nbsp;p\u0159echodem na barefoot mi n\u011bkter\u00e9 boty u\u017e \u00fapln\u011b nesed\u00ed (po&nbsp;bos\u00e9 ch\u016fzi u\u017e gl\u00e1dy prost\u011b ned\u00e1m, nechcete n\u011bkdo?), a&nbsp;tak co se d\u00e1 udat, se sna\u017e\u00edm udat, a&nbsp;do t\u00e9 doby mi to \u010dek\u00e1 ve&nbsp;sk\u0159\u00edni. D\u011brav\u00e9 kousky nenech\u00e1v\u00e1m jen na hadry, ale tak\u00e9 jako v\u00fdpl\u0148 pro hra\u010dky, kter\u00e9 m\u00e1m v&nbsp;pl\u00e1nu jednou uh\u00e1\u010dkovat nebo u\u0161\u00edt (rozum\u00edte, a\u017e bude ten \u010das!) anebo pro p\u0159e\u0161it\u00ed na d\u011btsk\u00e9 velikosti. Z&nbsp;pevn\u011bj\u0161\u00edch tri\u010dek m\u00e9ho mu\u017ee t\u0159eba pl\u00e1nuju p\u0159e\u0161\u00edt pro kluky trenky &#8211; a&nbsp;doplnit je o&nbsp;kus l\u00e1tky s&nbsp;potiskem.<\/p>\n<h2>P\u0159irozen\u00e1 kr\u00e1sa<\/h2>\n<p>Kdy\u017e jsem se dala dohromady s&nbsp;m\u00fdm mu\u017eem, postupn\u011b mi d\u00e1val najevo, \u017ee (podot\u00fdk\u00e1m mnou dost minimalisticky) namalovan\u00e9 o\u010di jsou naprostou ztr\u00e1tou \u010dasu. Nikdy nezapomenu na moment, kdy jsem byla nal\u00ed\u010den\u00e1 profi mask\u00e9rkou (nebo jak se t\u011bm pan\u00edm \u0159\u00edk\u00e1) a&nbsp;on se \u00fapln\u011b zhrozil, \u017ee mi to teda v\u016fbec neslu\u0161\u00ed a&nbsp;a\u0165 se jdu rad\u011bji odl\u00ed\u010dit. L\u00ed\u010den\u00ed na na\u0161i svatbu musel p\u0159edem schv\u00e1lit (jinak by si m\u011b pr\u00fd nevzal). \ud83d\ude42<\/p>\n<p>Nejd\u0159\u00edv m\u011b to trochu mrzelo, ale pak mi do\u0161lo, jak\u00e1 je v\u00fdhoda, kdy\u017e m\u011b m\u00e1 r\u00e1d takovou, jak vypad\u00e1m <strong>hned po&nbsp;probuzen\u00ed<\/strong> (dob\u0159e, hned po&nbsp;probuzen\u00ed se snad mo\u017en\u00e1 rad\u0161i ned\u00edv\u00e1, ale \u0159ekn\u011bme tak&#8230; po&nbsp;d\u00e1vce kafe a&nbsp;umyt\u00ed obli\u010deje). \u017de m\u00e1 r\u00e1d mou <strong>p\u0159irozenou kr\u00e1su<\/strong> (koment\u00e1\u0159e si nechte pro sebe) a&nbsp;ne um\u011bl\u00fd design. V&nbsp;p\u0159\u00edpad\u011b, \u017ee si chci p\u0159ipadat &#8220;hez\u010d\u00ed&#8221; si nanesu svou <strong>sto let starou \u0159asenku<\/strong> (j\u00e1 v\u00edm, zdravotn\u011b nez\u00e1vadn\u00e9 to asi nebude a&nbsp;netoxick\u00e9 u\u017e v\u016fbec ne, ale dvakr\u00e1t do roka to ty \u0159asy snad p\u0159e\u017eijou), a&nbsp;na sv\u011bt se prost\u011b sna\u017e\u00edm <strong>v\u00edc usm\u00edvat<\/strong>. V&nbsp;p\u0159\u00edpad\u011b nutnosti n\u011bco maskovat m\u00e1m takt\u00e9\u017e n\u011bjak\u00e9 to stolet\u00ed star\u00fd korektor, kter\u00fdm zamaskuju to nej\u0161\u00edlen\u011bj\u0161\u00ed, co se na tv\u00e1\u0159i objev\u00ed (na\u0161t\u011bst\u00ed u\u017e m\u00e1m pubertu za sebou).<\/p>\n<p>Na odl\u00ed\u010den\u00ed mi v\u017edy sta\u010dila voda a&nbsp;ruce, set odli\u010dovac\u00edch tamponk\u016f mi vydr\u017eel nedobran\u00fd 5 let, pak jsem ho rad\u011bji darovala pry\u010d. V\u011b\u0159\u00edm, \u017ee kosmeti\u010dky se te\u010f asi obracej\u00ed u&nbsp;po\u010d\u00edta\u010de, ale p\u00e9\u010di o&nbsp;ple\u0165 jsem nikdy p\u0159\u00edli\u0161 nep\u0159eh\u00e1n\u011bla a&nbsp;pokud jsem nem\u011bla vod\u011bodolnou \u0159asenku, v\u0161echno \u0161lo v\u017edycky dol\u016f (d\u0159\u00edv nebo pozd\u011bji) samo.<\/p>\n<p>A tak vlastn\u011b ani nev\u00edm, co k&nbsp;tomuto t\u00e9matu \u0159\u00edct. Nezn\u00e1m p\u0159\u00edrodn\u00ed kosmetiku, proto\u017ee nezn\u00e1m ani tu nep\u0159\u00edrodn\u00ed. Ale kec\u00e1m. Vlastn\u011b doporu\u010duji v\u0161em <strong>v\u00edce p\u0159irozen\u00e9 kr\u00e1sy<\/strong> \ud83d\ude42<\/p>\n","protected":false},"excerpt":{"rendered":"<p>Udr\u017eiteln\u00e1 m\u00f3da do okruh\u016f t\u00e9mat okolo zero waste rozhodn\u011b pat\u0159\u00ed. Jen\u017ee ke&nbsp;mn\u011b moc nepat\u0159\u00ed m\u00f3da&#8230; Varov\u00e1n\u00ed, v&nbsp;\u010dl\u00e1nku najdete p\u00e1r m\u00fdch \u0161\u00edlen\u00fdch model\u016f z&nbsp;minulosti \ud83d\ude42\u00a0<\/p>\n","protected":false},"author":1,"featured_media":2284,"comment_status":"open","ping_status":"closed","sticky":false,"template":"","format":"standard","meta":{"_monsterinsights_skip_tracking":false,"_monsterinsights_sitenote_active":false,"_monsterinsights_sitenote_note":"","_monsterinsights_sitenote_category":0,"jetpack_post_was_ever_published":false,"footnotes":"","_links_to":"","_links_to_target":""},"categories":[127,126,5],"tags":[41,42,140,32,25,18,22,40,138,139,15,141,2],"jetpack_featured_media_url":"https:\/\/i0.wp.com\/www.reduca.cz\/blog\/wp-content\/uploads\/2019\/03\/IMG_0557-e1552583993252.jpg?fit=2304%2C1758&ssl=1","jetpack_sharing_enabled":true,"jetpack_shortlink":"https:\/\/wp.me\/p9d4BP-zi","jetpack_likes_enabled":false,"jetpack-related-posts":[{"id":1026,"url":"https:\/\/www.reduca.cz\/blog\/den-devadesaty-ctvrty-obleceni-z-druhe-ruky\/","url_meta":{"origin":2188,"position":0},"title":"Den devades\u00e1t\u00fd \u010dtvrt\u00fd &#8211; oble\u010den\u00ed z&nbsp;druh\u00e9 ruky","date":"3. 4. 2017","format":false,"excerpt":"S rostouc\u00edm pupkem roste pot\u0159eba doplnit \u0161atn\u00edk, jeliko\u017e jsem m\u011bla v minul\u00e9m t\u011bhotenstv\u00ed kalhoty pouze p\u016fj\u010den\u00e9. Nam\u00edsto zd\u00e1nliv\u011b jednoduch\u00e9ho n\u00e1kupu kalhot klasick\u00fdch zna\u010dek z velk\u00fdch obchodn\u00edch dom\u016f z v\u00fdroby b\u016fh v\u00ed odkud a k\u00fdm jsem si vybrala \u010deskou zna\u010dku\u00a0ATOM RAT, kterou u\u017e del\u0161\u00ed dobu se z\u00e1luskem v oku sleduji. Podpora\u2026","rel":"","context":"In &quot;Den\u00ed\u010dek na\u0161\u00ed dom\u00e1cnosti&quot;","img":{"alt_text":"","src":"https:\/\/i0.wp.com\/www.reduca.cz\/blog\/wp-content\/uploads\/2017\/11\/kalhoty.jpg?fit=1200%2C800&ssl=1&resize=350%2C200","width":350,"height":200},"classes":[]},{"id":1842,"url":"https:\/\/www.reduca.cz\/blog\/muj-tyden-bez-odpadu-2018\/","url_meta":{"origin":2188,"position":1},"title":"M\u016fj T\u00fdden bez odpadu 2018","date":"23. 9. 2018","format":false,"excerpt":"Na prvn\u00ed t\u00fdden z\u00e1\u0159\u00ed p\u0159ipadal letos T\u00fdden bez odpadu, akce, kterou organizuj\u00ed holky z Czech zero waste. J\u00e1 ho pojala ve velk\u00e9m stylu a setk\u00e1n\u00ed jsem absolvovala ka\u017ed\u00fd den.","rel":"","context":"In &quot;Z na\u0161eho domova&quot;","img":{"alt_text":"","src":"https:\/\/i0.wp.com\/www.reduca.cz\/blog\/wp-content\/uploads\/2018\/09\/tydenbezodpadu.jpg?fit=1200%2C575&ssl=1&resize=350%2C200","width":350,"height":200},"classes":[]},{"id":1022,"url":"https:\/\/www.reduca.cz\/blog\/den-devadesaty-treti-staceny-sampon\/","url_meta":{"origin":2188,"position":2},"title":"Den devades\u00e1t\u00fd t\u0159et\u00ed &#8211; st\u00e1\u010den\u00fd \u0161ampon","date":"2. 4. 2017","format":false,"excerpt":"V\u010dera jsem kone\u010dn\u011b m\u011bla mo\u017enost pod\u00edvat se do nov\u011b ud\u011blan\u00e9 pobo\u010dky\u00a0Br\u00e1na ke zdrav\u00ed - zdrav\u00e1 v\u00fd\u017eiva, ve kter\u00e9 se pomalu zam\u011b\u0159uj\u00ed na zero waste nakupov\u00e1n\u00ed drogerie a kosmetiky. Krom\u011b klasick\u00fdch tuh\u00fdch m\u00fddel a \u0161ampon\u016f a st\u00e1\u010den\u00fdch (a sypan\u00fdch) produkt\u016f od\u00a0TIERRA VERDE s. r. o.\u00a0jsem kone\u010dn\u011b na\u0161la i st\u00e1\u010den\u00fd \u0161ampon. Vzala\u2026","rel":"","context":"In &quot;Den\u00ed\u010dek na\u0161\u00ed dom\u00e1cnosti&quot;","img":{"alt_text":"","src":"https:\/\/i0.wp.com\/www.reduca.cz\/blog\/wp-content\/uploads\/2017\/04\/sampon2-e1510522020641.jpg?fit=1200%2C1122&ssl=1&resize=350%2C200","width":350,"height":200},"classes":[]},{"id":136,"url":"https:\/\/www.reduca.cz\/blog\/tri-mesice-s-minimem-odpadu\/","url_meta":{"origin":2188,"position":3},"title":"T\u0159i m\u011bs\u00edce s&nbsp;minimem odpadu","date":"4. 4. 2017","format":false,"excerpt":"M\u00e1m za sebou dal\u0161\u00ed mezn\u00edk, kter\u00fdm jsou t\u0159i m\u011bs\u00edce \u017eivota s minimem odpadu. Pod\u00edvejte se, jak n\u00e1\u0161 \u017eivot v tomto obdob\u00ed vypad\u00e1, co jsme si odpustili, na \u010dem pracujeme a co si vz\u00edt nenech\u00e1me.","rel":"","context":"In &quot;Z na\u0161eho domova&quot;","img":{"alt_text":"","src":"https:\/\/i0.wp.com\/www.reduca.cz\/blog\/wp-content\/uploads\/2017\/04\/nakup.jpg?fit=1200%2C850&ssl=1&resize=350%2C200","width":350,"height":200},"classes":[]},{"id":417,"url":"https:\/\/www.reduca.cz\/blog\/setkani-s-beou-johnson-ve-zline\/","url_meta":{"origin":2188,"position":4},"title":"Setk\u00e1n\u00ed s&nbsp;Beou Johnson ve&nbsp;Zl\u00edn\u011b","date":"27. 9. 2017","format":false,"excerpt":"Ve st\u0159edu 20. 9. 2017 se konalo setk\u00e1n\u00ed s autorkou sv\u011btov\u00e9ho bestselleru Dom\u00e1cnost bez odpadu Beou Johnson. Jak\u00e9 m\u00e1m z toho dojmy?","rel":"","context":"In &quot;Rady, tipy, zku\u0161enosti&quot;","img":{"alt_text":"","src":"https:\/\/i0.wp.com\/www.reduca.cz\/blog\/wp-content\/uploads\/2017\/09\/bea-e1506496768493.jpg?fit=1200%2C663&ssl=1&resize=350%2C200","width":350,"height":200},"classes":[]},{"id":5,"url":"https:\/\/www.reduca.cz\/blog\/prvni-mesic-bez-odpadu\/","url_meta":{"origin":2188,"position":5},"title":"Prvn\u00ed m\u011bs\u00edc bez odpadu","date":"1. 2. 2017","format":false,"excerpt":"M\u00e1m za sebou 31 dn\u00ed, kdy jsem se sna\u017eila redukovat odpad v na\u0161\u00ed dom\u00e1cnosti. A\u010dkoli to na\u00a0prvn\u00ed pohled vypad\u00e1, \u017ee se p\u0159\u00edli\u0161 nezm\u011bnilo, vlastn\u011b se toho zm\u011bnilo docela dost. Za nejv\u011bt\u0161\u00ed \u00fasp\u011bch pova\u017euji to, \u017ee o na\u0161em odpadu za\u010dal man\u017eel u\u017e aspo\u0148 uva\u017eovat. :) N\u00e1kupy V prv\u00e9 \u0159ad\u011b jsem zm\u011bnila\u2026","rel":"","context":"In &quot;Z na\u0161eho domova&quot;","img":{"alt_text":"","src":"https:\/\/i0.wp.com\/www.reduca.cz\/blog\/wp-content\/uploads\/2017\/02\/wallpaper.jpg?fit=1200%2C797&ssl=1&resize=350%2C200","width":350,"height":200},"classes":[]}],"_links":{"self":[{"href":"https:\/\/www.reduca.cz\/blog\/wp-json\/wp\/v2\/posts\/2188"}],"collection":[{"href":"https:\/\/www.reduca.cz\/blog\/wp-json\/wp\/v2\/posts"}],"about":[{"href":"https:\/\/www.reduca.cz\/blog\/wp-json\/wp\/v2\/types\/post"}],"author":[{"embeddable":true,"href":"https:\/\/www.reduca.cz\/blog\/wp-json\/wp\/v2\/users\/1"}],"replies":[{"embeddable":true,"href":"https:\/\/www.reduca.cz\/blog\/wp-json\/wp\/v2\/comments?post=2188"}],"version-history":[{"count":37,"href":"https:\/\/www.reduca.cz\/blog\/wp-json\/wp\/v2\/posts\/2188\/revisions"}],"predecessor-version":[{"id":2288,"href":"https:\/\/www.reduca.cz\/blog\/wp-json\/wp\/v2\/posts\/2188\/revisions\/2288"}],"wp:featuredmedia":[{"embeddable":true,"href":"https:\/\/www.reduca.cz\/blog\/wp-json\/wp\/v2\/media\/2284"}],"wp:attachment":[{"href":"https:\/\/www.reduca.cz\/blog\/wp-json\/wp\/v2\/media?parent=2188"}],"wp:term":[{"taxonomy":"category","embeddable":true,"href":"https:\/\/www.reduca.cz\/blog\/wp-json\/wp\/v2\/categories?post=2188"},{"taxonomy":"post_tag","embeddable":true,"href":"https:\/\/www.reduca.cz\/blog\/wp-json\/wp\/v2\/tags?post=2188"}],"curies":[{"name":"wp","href":"https:\/\/api.w.org\/{rel}","templated":true}]}}