{"id":215,"date":"2017-01-03T09:35:37","date_gmt":"2017-01-03T08:35:37","guid":{"rendered":"https:\/\/www.reduca.cz\/wp-blog\/?p=215"},"modified":"2017-09-23T18:47:47","modified_gmt":"2017-09-23T16:47:47","slug":"den-ctvrty-kompost","status":"publish","type":"post","link":"https:\/\/www.reduca.cz\/blog\/den-ctvrty-kompost\/","title":{"rendered":"Den \u010dtvrt\u00fd &#8211; kompost"},"content":{"rendered":"<p>Nen\u00ed na co \u010dekat. Je\u0161t\u011b nem\u00e1m vymy\u0161len\u00fd kompostovac\u00ed syst\u00e9m, ale potraviny do igelitu u\u017e balit prost\u011b nechci. Aspo\u0148 to d\u0159\u00edv vy\u0159e\u0161\u00edm \ud83d\ude00<\/p>\n<p>Pokud u\u017e ko\u0161 na bioodpad nem\u00e1te, zjist\u011bte, jak\u00e9 jsou pro v\u00e1s mo\u017enosti. Zda m\u016f\u017eete um\u00edstit kompost\u00e9r na zahradu \u010di&nbsp;za\u017e\u00e1dat m\u011bsto o&nbsp;kontejner na bioodpad. Pod\u00edvejte se, jak <a href=\"http:\/\/www.kompostuj.cz\/vime-jak\/vermikompostovani\/zakladni-pravidla-vermikompostovani\/\" target=\"_blank\" rel=\"noopener\">lze kompostovat v&nbsp;byt\u011b s&nbsp;vermikompost\u00e9rem<\/a>.<\/p>\n<h3>P\u016fvodn\u00ed p\u0159\u00edsp\u011bvek zde:<\/h3>\n<div class=\"fb-post wptime-fb-post-embed\" data-href=\"https:\/\/www.facebook.com\/redukujemeodpad\/photos\/a.639284676278193.1073741828.639281652945162\/639567846249876\/?type=3&amp;theater\" style=\"margin-bottom:30px;\"><\/div>\n","protected":false},"excerpt":{"rendered":"<p>Nen\u00ed na co \u010dekat. Je\u0161t\u011b nem\u00e1m vymy\u0161len\u00fd kompostovac\u00ed syst\u00e9m, ale potraviny do igelitu u\u017e balit prost\u011b nechci. Aspo\u0148 to d\u0159\u00edv vy\u0159e\u0161\u00edm \ud83d\ude00 Pokud u\u017e ko\u0161 na bioodpad nem\u00e1te, zjist\u011bte, jak\u00e9 jsou pro v\u00e1s mo\u017enosti. Zda m\u016f\u017eete um\u00edstit kompost\u00e9r na zahradu \u010di&nbsp;za\u017e\u00e1dat m\u011bsto o&nbsp;kontejner na bioodpad. Pod\u00edvejte se, jak lze kompostovat v&nbsp;byt\u011b s&nbsp;vermikompost\u00e9rem. P\u016fvodn\u00ed p\u0159\u00edsp\u011bvek zde:<\/p>\n","protected":false},"author":1,"featured_media":217,"comment_status":"open","ping_status":"closed","sticky":false,"template":"","format":"standard","meta":{"_monsterinsights_skip_tracking":false,"_monsterinsights_sitenote_active":false,"_monsterinsights_sitenote_note":"","_monsterinsights_sitenote_category":0,"jetpack_post_was_ever_published":false,"footnotes":"","_links_to":"","_links_to_target":""},"categories":[9],"tags":[37,35,36,34,38,2],"jetpack_featured_media_url":"https:\/\/i0.wp.com\/www.reduca.cz\/blog\/wp-content\/uploads\/2017\/01\/kos_bioodpad.jpg?fit=720%2C960&ssl=1","jetpack_sharing_enabled":true,"jetpack_shortlink":"https:\/\/wp.me\/p9d4BP-3t","jetpack_likes_enabled":false,"jetpack-related-posts":[{"id":752,"url":"https:\/\/www.reduca.cz\/blog\/den-sedesaty-ctvrty-bez-kose-do-kose\/","url_meta":{"origin":215,"position":0},"title":"Den \u0161edes\u00e1t\u00fd \u010dtvrt\u00fd &#8211; bez ko\u0161e do ko\u0161e","date":"4. 3. 2017","format":false,"excerpt":"Po n\u00e1ro\u010dn\u00e9m t\u00fddnu jsme dojeli dom\u016f a bylo t\u0159eba n\u011bkter\u00e9 v\u011bci d\u00e1t do po\u0159\u00e1dku. Proto\u017ee bylo hezky, vynesla jsem znovu n\u00e1\u0161 ko\u0161 na bioodpad do kompost\u00e9ru. Bioodpad vyhazujeme do oby\u010dejn\u00e9ho plastov\u00e9ho ko\u0161e, kter\u00fd po vysyp\u00e1n\u00ed na kompost v\u017edy vymyju. Vysypu ho jedlou sodou, kter\u00e1 pohlt\u00ed pach z rozkl\u00e1daj\u00edc\u00ed se ovoce\u2026","rel":"","context":"In &quot;Den\u00ed\u010dek na\u0161\u00ed dom\u00e1cnosti&quot;","img":{"alt_text":"","src":"https:\/\/i0.wp.com\/www.reduca.cz\/blog\/wp-content\/uploads\/2017\/10\/17635157_690486557824671_8799454155503298201_o.jpg?fit=1200%2C900&ssl=1&resize=350%2C200","width":350,"height":200},"classes":[]},{"id":356,"url":"https:\/\/www.reduca.cz\/blog\/den-dvacaty-devaty-komposter\/","url_meta":{"origin":215,"position":1},"title":"Den dvac\u00e1t\u00fd dev\u00e1t\u00fd &#8211; kompost\u00e9r","date":"28. 1. 2017","format":false,"excerpt":"Kompost\u00e9r jsem slo\u017eila u\u017e minul\u00fd v\u00edkend a o tomto v\u00edkendu jsem ho dala na sv\u00e9 m\u00edsto. Zahr\u00e1dku m\u00e1me sice malinkatou, ale v ro\u017eku se p\u011bkn\u011b vyj\u00edm\u00e1. Snad n\u00e1m bude p\u011bkn\u011b slou\u017eit, i kdy\u017e ne\u017e za\u010dne pracovat, budeme je\u0161t\u011b chvilku \u010dekat. P\u016fvodn\u00ed p\u0159\u00edsp\u011bvek zde:","rel":"","context":"In &quot;Den\u00ed\u010dek na\u0161\u00ed dom\u00e1cnosti&quot;","img":{"alt_text":"","src":"https:\/\/i0.wp.com\/www.reduca.cz\/blog\/wp-content\/uploads\/2017\/09\/komposter.jpg?fit=1200%2C800&ssl=1&resize=350%2C200","width":350,"height":200},"classes":[]},{"id":508,"url":"https:\/\/www.reduca.cz\/blog\/kolik-odpadu-vyprodukuje-zero-waste-domacnost\/","url_meta":{"origin":215,"position":2},"title":"Kolik odpadu produkuje zero waste dom\u00e1cnost?","date":"1. 10. 2017","format":false,"excerpt":"Cel\u00fd m\u011bs\u00edc z\u00e1\u0159\u00ed poctiv\u011b dokumentuji n\u00e1\u0161 odpad v dom\u00e1cnosti. Zaj\u00edmalo m\u011b, kolik toho produkujeme, kdy\u017e se sna\u017e\u00edme odpad minimalizovat. A v\u00fdsledky jsou na sv\u011bt\u011b.","rel":"","context":"In &quot;Nakupov\u00e1n\u00ed&quot;","img":{"alt_text":"","src":"https:\/\/i0.wp.com\/www.reduca.cz\/blog\/wp-content\/uploads\/2017\/09\/all.jpg?fit=1200%2C800&ssl=1&resize=350%2C200","width":350,"height":200},"classes":[]},{"id":5,"url":"https:\/\/www.reduca.cz\/blog\/prvni-mesic-bez-odpadu\/","url_meta":{"origin":215,"position":3},"title":"Prvn\u00ed m\u011bs\u00edc bez odpadu","date":"1. 2. 2017","format":false,"excerpt":"M\u00e1m za sebou 31 dn\u00ed, kdy jsem se sna\u017eila redukovat odpad v na\u0161\u00ed dom\u00e1cnosti. A\u010dkoli to na\u00a0prvn\u00ed pohled vypad\u00e1, \u017ee se p\u0159\u00edli\u0161 nezm\u011bnilo, vlastn\u011b se toho zm\u011bnilo docela dost. Za nejv\u011bt\u0161\u00ed \u00fasp\u011bch pova\u017euji to, \u017ee o na\u0161em odpadu za\u010dal man\u017eel u\u017e aspo\u0148 uva\u017eovat. :) N\u00e1kupy V prv\u00e9 \u0159ad\u011b jsem zm\u011bnila\u2026","rel":"","context":"In &quot;Z na\u0161eho domova&quot;","img":{"alt_text":"","src":"https:\/\/i0.wp.com\/www.reduca.cz\/blog\/wp-content\/uploads\/2017\/02\/wallpaper.jpg?fit=1200%2C797&ssl=1&resize=350%2C200","width":350,"height":200},"classes":[]},{"id":287,"url":"https:\/\/www.reduca.cz\/blog\/den-devatenacty-kompostovani-v-praxi\/","url_meta":{"origin":215,"position":4},"title":"Den devaten\u00e1ct\u00fd &#8211; kompostov\u00e1n\u00ed v&nbsp;praxi","date":"18. 1. 2017","format":false,"excerpt":"Tak jo, je to venku! Kompost\u00e9r je doma\u00a0\u00a0D\u00edky\u00a0SAKO Brno\u00a0za polovi\u010dn\u00ed cenu i s p\u0159edn\u00e1\u0161kou. Jen m\u011b dost zklamala informace, \u017ee bychom s n\u00edm m\u011bli za\u010d\u00edt a\u017e na ja\u0159e. To ty dva pln\u00e9 ko\u0161e bioodpadu budu muset z\u0159ejm\u011b je\u0161t\u011b odv\u00e9zt do sb\u011brn\u00e9ho dvora. A j\u00e1 u\u017e se tak t\u011b\u0161ila na to,\u2026","rel":"","context":"In &quot;Den\u00ed\u010dek na\u0161\u00ed dom\u00e1cnosti&quot;","img":{"alt_text":"","src":"https:\/\/i0.wp.com\/www.reduca.cz\/blog\/wp-content\/uploads\/2017\/09\/kompostovani-e1506093445283.jpg?fit=617%2C393&ssl=1&resize=350%2C200","width":350,"height":200},"classes":[]},{"id":118,"url":"https:\/\/www.reduca.cz\/blog\/zero-waste-startovaci-balicek\/","url_meta":{"origin":215,"position":5},"title":"Zero Waste startovac\u00ed bal\u00ed\u010dek","date":"21. 3. 2017","format":false,"excerpt":"Za\u010d\u00edn\u00e1te \u017e\u00edt bez odpadu nebo chcete podarovat sv\u00e9 bl\u00edzk\u00e9 praktick\u00fdm d\u00e1rkem? Zde je kr\u00e1tk\u00fd seznam v\u011bc\u00ed skoro nutn\u00fdch pro \u017eivot bez odpadu.","rel":"","context":"In &quot;Nakupov\u00e1n\u00ed&quot;","img":{"alt_text":"","src":"https:\/\/i0.wp.com\/www.reduca.cz\/blog\/wp-content\/uploads\/2017\/09\/starter-pack.jpg?fit=639%2C640&ssl=1&resize=350%2C200","width":350,"height":200},"classes":[]}],"_links":{"self":[{"href":"https:\/\/www.reduca.cz\/blog\/wp-json\/wp\/v2\/posts\/215"}],"collection":[{"href":"https:\/\/www.reduca.cz\/blog\/wp-json\/wp\/v2\/posts"}],"about":[{"href":"https:\/\/www.reduca.cz\/blog\/wp-json\/wp\/v2\/types\/post"}],"author":[{"embeddable":true,"href":"https:\/\/www.reduca.cz\/blog\/wp-json\/wp\/v2\/users\/1"}],"replies":[{"embeddable":true,"href":"https:\/\/www.reduca.cz\/blog\/wp-json\/wp\/v2\/comments?post=215"}],"version-history":[{"count":2,"href":"https:\/\/www.reduca.cz\/blog\/wp-json\/wp\/v2\/posts\/215\/revisions"}],"predecessor-version":[{"id":410,"href":"https:\/\/www.reduca.cz\/blog\/wp-json\/wp\/v2\/posts\/215\/revisions\/410"}],"wp:featuredmedia":[{"embeddable":true,"href":"https:\/\/www.reduca.cz\/blog\/wp-json\/wp\/v2\/media\/217"}],"wp:attachment":[{"href":"https:\/\/www.reduca.cz\/blog\/wp-json\/wp\/v2\/media?parent=215"}],"wp:term":[{"taxonomy":"category","embeddable":true,"href":"https:\/\/www.reduca.cz\/blog\/wp-json\/wp\/v2\/categories?post=215"},{"taxonomy":"post_tag","embeddable":true,"href":"https:\/\/www.reduca.cz\/blog\/wp-json\/wp\/v2\/tags?post=215"}],"curies":[{"name":"wp","href":"https:\/\/api.w.org\/{rel}","templated":true}]}}