{"id":209,"date":"2017-01-02T09:28:32","date_gmt":"2017-01-02T08:28:32","guid":{"rendered":"https:\/\/www.reduca.cz\/wp-blog\/?p=209"},"modified":"2018-10-10T15:46:21","modified_gmt":"2018-10-10T13:46:21","slug":"den-treti","status":"publish","type":"post","link":"https:\/\/www.reduca.cz\/blog\/den-treti\/","title":{"rendered":"Den t\u0159et\u00ed &#8211; minimalizujeme kuchy\u0148"},"content":{"rendered":"<p>Redukuji kuchy\u0148sk\u00e9 n\u00e1dob\u00ed a&nbsp;v\u016fbec celou kuchy\u0148, kontroluji potraviny. Ned\u011bl\u00e1m si iluze, \u017ee by mi s&nbsp;mal\u00fdm prckem vydr\u017eel takov\u00fd po\u0159\u00e1dek d\u00e9le ne\u017e minutu a&nbsp;p\u016fl, ale aspo\u0148 nebude pob\u00edhat s&nbsp;des\u00edtkou kr\u00e1m\u016f nav\u00edc\u00a0<span class=\"_47e3 _5mfr\" title=\"Emotikona smile\"><span class=\"_7oe\" aria-hidden=\"true\">\ud83d\ude42<\/span><\/span><\/p>\n<p>Jak se efektivn\u011b zbavit v\u011bc\u00ed, kter\u00e9 v&nbsp;\u017eivot\u011b nepot\u0159ebujeme, a&nbsp;ud\u011blat si tak v\u011bt\u0161\u00ed prostor pro ty, kter\u00e9 skute\u010dn\u011b vyu\u017e\u00edv\u00e1me, jsem sepsala <a href=\"https:\/\/www.reduca.cz\/blog\/redukujeme-domacnost-2-dil-kuchyn\">v samostatn\u00e9m \u010dl\u00e1nku<\/a>. Minimalizovan\u00e1 kuchy\u0148 nejen \u017ee \u0161et\u0159\u00ed \u010das p\u0159i&nbsp;va\u0159en\u00ed, ale tak\u00e9 p\u0159i&nbsp;\u00faklidu.<\/p>\n<h3>P\u016fvodn\u00ed p\u0159\u00edsp\u011bvek zde:<\/h3>\n<div class=\"fb-post wptime-fb-post-embed\" data-href=\"https:\/\/www.facebook.com\/redukujemeodpad\/photos\/a.639284676278193.1073741828.639281652945162\/639566846249976\/?type=3&amp;theater\" style=\"margin-bottom:30px;\"><\/div>\n","protected":false},"excerpt":{"rendered":"<p>Redukuji kuchy\u0148sk\u00e9 n\u00e1dob\u00ed a&nbsp;v\u016fbec celou kuchy\u0148, kontroluji potraviny. Ned\u011bl\u00e1m si iluze, \u017ee by mi s&nbsp;mal\u00fdm prckem vydr\u017eel takov\u00fd po\u0159\u00e1dek d\u00e9le ne\u017e minutu a&nbsp;p\u016fl, ale aspo\u0148 nebude pob\u00edhat s&nbsp;des\u00edtkou kr\u00e1m\u016f nav\u00edc\u00a0\ud83d\ude42 Jak se efektivn\u011b zbavit v\u011bc\u00ed, kter\u00e9 v&nbsp;\u017eivot\u011b nepot\u0159ebujeme, a&nbsp;ud\u011blat si tak v\u011bt\u0161\u00ed prostor pro ty, kter\u00e9 skute\u010dn\u011b vyu\u017e\u00edv\u00e1me, jsem sepsala v&nbsp;samostatn\u00e9m \u010dl\u00e1nku. Minimalizovan\u00e1 kuchy\u0148 [&hellip;]<\/p>\n","protected":false},"author":1,"featured_media":210,"comment_status":"open","ping_status":"closed","sticky":false,"template":"","format":"standard","meta":{"_monsterinsights_skip_tracking":false,"_monsterinsights_sitenote_active":false,"_monsterinsights_sitenote_note":"","_monsterinsights_sitenote_category":0,"jetpack_post_was_ever_published":false,"footnotes":"","_links_to":"","_links_to_target":""},"categories":[9,124],"tags":[18,34,2],"jetpack_featured_media_url":"https:\/\/i0.wp.com\/www.reduca.cz\/blog\/wp-content\/uploads\/2017\/09\/nadobi.jpg?fit=960%2C720&ssl=1","jetpack_sharing_enabled":true,"jetpack_shortlink":"https:\/\/wp.me\/p9d4BP-3n","jetpack_likes_enabled":false,"jetpack-related-posts":[{"id":124,"url":"https:\/\/www.reduca.cz\/blog\/redukujeme-domacnost-2-dil-kuchyn\/","url_meta":{"origin":209,"position":0},"title":"Redukujeme dom\u00e1cnost &#8211; 2.&nbsp;d\u00edl: kuchy\u0148","date":"28. 3. 2017","format":false,"excerpt":"Dom\u00e1cnost bez odpadu neznamen\u00e1 jen pr\u00e1zdn\u00fd odpadkov\u00fd ko\u0161. Znamen\u00e1 tak\u00e9 po\u0159\u00e1dek uvnit\u0159 dom\u00e1cnosti, bez zbyte\u010dnost\u00ed, kter\u00e9 n\u00e1sledn\u00fd odpad jednou vytvo\u0159\u00ed.","rel":"","context":"In &quot;Kuchy\u0148&quot;","img":{"alt_text":"","src":"https:\/\/i0.wp.com\/www.reduca.cz\/blog\/wp-content\/uploads\/2017\/09\/kitchen.jpg?fit=1200%2C800&ssl=1&resize=350%2C200","width":350,"height":200},"classes":[]},{"id":705,"url":"https:\/\/www.reduca.cz\/blog\/vareni-s-minimem-odpadu\/","url_meta":{"origin":209,"position":1},"title":"#124 &#8211; va\u0159en\u00ed s&nbsp;minimem odpadu","date":"2. 5. 2017","format":false,"excerpt":"Ani po t\u0159i \u010dtvrt\u011b roce nejsem schopn\u00e1 za\u010d\u00edt si ps\u00e1t j\u00eddeln\u00ed\u010dek. N\u011bjak na to nem\u00e1me doma bu\u0148ky. Jak tedy va\u0159\u00edm? Proto\u017ee si nos\u00edme pod\u00edly z KPZ, \u010dasto nem\u016f\u017eu dop\u0159edu odhadnout, co budeme m\u00edt k dispozici. Zeleninu dokupuji bu\u010f v bl\u00edzk\u00e9m zahradnictv\u00ed, kde v\u00e1m ji natrhaj\u00ed p\u0159\u00edmo ze zahrady, anebo v\u2026","rel":"","context":"In &quot;Den\u00ed\u010dek na\u0161\u00ed dom\u00e1cnosti&quot;","img":{"alt_text":"","src":"https:\/\/i0.wp.com\/www.reduca.cz\/blog\/wp-content\/uploads\/2017\/10\/IMG_8831.jpg?fit=1200%2C800&ssl=1&resize=350%2C200","width":350,"height":200},"classes":[]},{"id":1254,"url":"https:\/\/www.reduca.cz\/blog\/128-staronove-nadobi\/","url_meta":{"origin":209,"position":2},"title":"#128 &#8211; (staro)nov\u00e9 n\u00e1dob\u00ed","date":"6. 5. 2017","format":false,"excerpt":"Snad skoro ka\u017ed\u00e1 dom\u00e1cnost m\u00e1 nadbytek hrn\u00ed\u010dk\u016f. My jich m\u011bli nedostatek. Ne\u017e chodit do obchod\u016f a nakupovat nov\u00e9 za zbyte\u010dn\u00e9 pen\u00edze jsem si \u0159ekla, \u017ee se rad\u011bji popt\u00e1m v okol\u00ed, jestli se n\u011bkdo nechce sv\u00fdch star\u00fdch zbavit - ze zku\u0161enost\u00ed toti\u017e v\u00edm, \u017ee skoro v\u0161ude jsou n\u011bjak\u00e9 hrn\u00ed\u010dky nav\u00edc, kter\u00e9\u2026","rel":"","context":"In &quot;Den\u00ed\u010dek na\u0161\u00ed dom\u00e1cnosti&quot;","img":{"alt_text":"","src":"https:\/\/i0.wp.com\/www.reduca.cz\/blog\/wp-content\/uploads\/2017\/12\/hrnicky.jpg?fit=1200%2C800&ssl=1&resize=350%2C200","width":350,"height":200},"classes":[]},{"id":687,"url":"https:\/\/www.reduca.cz\/blog\/den-sedesaty-uklid-ve-skrini\/","url_meta":{"origin":209,"position":3},"title":"Den \u0161edes\u00e1t\u00fd &#8211; \u00faklid ve&nbsp;sk\u0159\u00edni","date":"28. 2. 2017","format":false,"excerpt":"Zbavila jsem se v\u011bt\u0161iny obal\u016f ve sk\u0159\u00edni. Zbytky potravin, kter\u00e9 jsem d\u0159\u00edv nakoupila v obalu a je\u0161t\u011b jsme je nesn\u011bdli, jsem p\u0159esypala do pr\u00e1zdn\u00fdch sklenic. Na fotk\u00e1ch je porovn\u00e1n\u00ed obsahu na\u0161\u00ed j\u00eddeln\u00ed sk\u0159\u00edn\u011b s rozd\u00edlem necel\u00e9 t\u0159i m\u011bs\u00edce. Mo\u017en\u00e1 to nevypad\u00e1 tak razantn\u011b, ale v\u011bt\u0161ina obsahu u\u017e je nakoupena bez\u2026","rel":"","context":"In &quot;Den\u00ed\u010dek na\u0161\u00ed dom\u00e1cnosti&quot;","img":{"alt_text":"","src":"https:\/\/i0.wp.com\/www.reduca.cz\/blog\/wp-content\/uploads\/2017\/10\/skrin.jpg?fit=1200%2C790&ssl=1&resize=350%2C200","width":350,"height":200},"classes":[]},{"id":1682,"url":"https:\/\/www.reduca.cz\/blog\/140-pryc-s-nima\/","url_meta":{"origin":209,"position":4},"title":"#140 &#8211; Pry\u010d s&nbsp;nima","date":"18. 5. 2017","format":false,"excerpt":"Kone\u010dn\u011b se mi da\u0159\u00ed plnit dal\u0161\u00ed z bod\u016f\u00a040denn\u00ed bezodpadov\u00e1 v\u00fdzva 2018\u00a0a zbavit se n\u011bkter\u00fdch p\u0159ebyte\u010dn\u00fdch v\u011bc\u00ed, kter\u00e9 doma u\u017e nepot\u0159ebujeme. A\u0165 u\u017e bojuju s nostalgi\u00ed nebo jednodu\u0161e s lenost\u00ed vyfotit a nahr\u00e1t obr\u00e1zky nepot\u0159ebn\u00fdch v\u011bc\u00ed, v\u017edy m\u011b pot\u011b\u0161\u00ed, kdy\u017e u\u017e se k tomu kone\u010dn\u011b dokopu a na\u0161e star\u00e9 v\u011bci najdou\u2026","rel":"","context":"In &quot;Den\u00ed\u010dek na\u0161\u00ed dom\u00e1cnosti&quot;","img":{"alt_text":"","src":"https:\/\/i0.wp.com\/www.reduca.cz\/blog\/wp-content\/uploads\/2018\/07\/29313220_854800624726596_4138912721611522048_n.jpg?fit=960%2C720&ssl=1&resize=350%2C200","width":350,"height":200},"classes":[]},{"id":1125,"url":"https:\/\/www.reduca.cz\/blog\/120-houbicky-na-myti\/","url_meta":{"origin":209,"position":5},"title":"#120 &#8211; houbi\u010dky na myt\u00ed","date":"28. 4. 2017","format":false,"excerpt":"Tak jsem zas \u0161\u00e1hla vedle... Cht\u011bla jsem koupit n\u011bjakou udr\u017eiteln\u011bj\u0161\u00ed houbi\u010dku pro m\u00e9ho mu\u017ee, kter\u00e9mu lufa nevyhovuje, a m\u016fj h\u00e1\u010dkovan\u00fd pokus nebyl \u00fapln\u011b ono. A v obchod\u011b mi nam\u00edsto t\u00e9, kter\u00e9 jsem cht\u011bla, dali tyto. Sice ze 100% recyklovateln\u00e9ho materi\u00e1lu, ale ne prateln\u00e9, tak\u017ee po pou\u017eit\u00ed zase do sm\u011bsn\u00e9ho odpadu\u00a0:(\u2026","rel":"","context":"In &quot;Den\u00ed\u010dek na\u0161\u00ed dom\u00e1cnosti&quot;","img":{"alt_text":"","src":"https:\/\/i0.wp.com\/www.reduca.cz\/blog\/wp-content\/uploads\/2017\/11\/houbicka3.jpg?fit=1200%2C800&ssl=1&resize=350%2C200","width":350,"height":200},"classes":[]}],"_links":{"self":[{"href":"https:\/\/www.reduca.cz\/blog\/wp-json\/wp\/v2\/posts\/209"}],"collection":[{"href":"https:\/\/www.reduca.cz\/blog\/wp-json\/wp\/v2\/posts"}],"about":[{"href":"https:\/\/www.reduca.cz\/blog\/wp-json\/wp\/v2\/types\/post"}],"author":[{"embeddable":true,"href":"https:\/\/www.reduca.cz\/blog\/wp-json\/wp\/v2\/users\/1"}],"replies":[{"embeddable":true,"href":"https:\/\/www.reduca.cz\/blog\/wp-json\/wp\/v2\/comments?post=209"}],"version-history":[{"count":4,"href":"https:\/\/www.reduca.cz\/blog\/wp-json\/wp\/v2\/posts\/209\/revisions"}],"predecessor-version":[{"id":411,"href":"https:\/\/www.reduca.cz\/blog\/wp-json\/wp\/v2\/posts\/209\/revisions\/411"}],"wp:featuredmedia":[{"embeddable":true,"href":"https:\/\/www.reduca.cz\/blog\/wp-json\/wp\/v2\/media\/210"}],"wp:attachment":[{"href":"https:\/\/www.reduca.cz\/blog\/wp-json\/wp\/v2\/media?parent=209"}],"wp:term":[{"taxonomy":"category","embeddable":true,"href":"https:\/\/www.reduca.cz\/blog\/wp-json\/wp\/v2\/categories?post=209"},{"taxonomy":"post_tag","embeddable":true,"href":"https:\/\/www.reduca.cz\/blog\/wp-json\/wp\/v2\/tags?post=209"}],"curies":[{"name":"wp","href":"https:\/\/api.w.org\/{rel}","templated":true}]}}