{"id":2008,"date":"2018-11-10T12:59:15","date_gmt":"2018-11-10T11:59:15","guid":{"rendered":"https:\/\/www.reduca.cz\/blog\/?p=2008"},"modified":"2018-11-10T12:59:51","modified_gmt":"2018-11-10T11:59:51","slug":"kvaskovy-toastovy-chleb","status":"publish","type":"post","link":"https:\/\/www.reduca.cz\/blog\/kvaskovy-toastovy-chleb\/","title":{"rendered":"Kv\u00e1skov\u00fd toastov\u00fd chl\u00e9b"},"content":{"rendered":"<p>U n\u00e1s doma jsme v\u017edycky milovali v\u0161ichni toasty. Se zv\u00fd\u0161en\u00fdm poctiv\u00fdm \u010dten\u00edm etiket spolu s&nbsp;redukov\u00e1n\u00edm plast\u016f v&nbsp;dom\u00e1cnosti klesl kupovan\u00fd toastov\u00fd chleba na hodn\u011b n\u00edzkou p\u0159\u00ed\u010dku pot\u0159eb a&nbsp;tak vznikla pot\u0159eba zajistit toas\u0165\u00e1k jak jinak, ne\u017e <strong>bez obalu<\/strong>. No a&nbsp;pro\u010d na n\u011bj rovnou nevyu\u017e\u00edt dom\u00e1c\u00edho kv\u00e1sku?<\/p>\n<p>Recept jsem si ob\u0161lehla od <a href=\"https:\/\/www.devceuplotny.cz\/foodblog\/toastovy-chleba-z-kvasu\" target=\"_blank\" rel=\"noopener\">D\u011bv\u010dete u&nbsp;plotny<\/a>. Nebyla bych to j\u00e1, kdybych si to ned\u011blala (a&nbsp;nepod\u011blala) po&nbsp;sv\u00e9m, tak\u017ee tady m\u016fj postup na jednu docela velkou formu, kdo chcete experimentovat podle bl\u00e1zniv\u00e9 kucha\u0159inky. Podot\u00fdk\u00e1m, \u017ee m\u00e1m zvl\u00e1\u0161tn\u011b zkalibrovanou v\u00e1hu, tak\u017ee v\u00e1\u017e\u00ed 2\/3 standardn\u00ed v\u00e1hy (tedy v\u0161eho je v\u00edce, ne\u017e je ps\u00e1no), pom\u011bry by ale m\u011bly sed\u011bt.<\/p>\n<ul>\n<li>300&nbsp;g aktivovan\u00e9ho \u0161paldov\u00e9ho kv\u00e1sku (l\u017ei\u010dka \u017eitn\u00e9ho kv\u00e1sku, 150&nbsp;g \u0161paldov\u00e9 celozrnn\u00e9 mouky a&nbsp;150&nbsp;g vody p\u0159es noc nechan\u00e1 aspo\u0148 10 hodin)<\/li>\n<li>85&nbsp;g rozpu\u0161t\u011bn\u00e9ho vychladl\u00e9ho m\u00e1sla<\/li>\n<li>500&nbsp;g hladk\u00e9 p\u0161eni\u010dn\u00e9 b\u00edl\u00e9 mouky<\/li>\n<li>150&nbsp;g \u0161paldov\u00e9 celozrnn\u00e9 mouky<\/li>\n<li>20&nbsp;g medu<\/li>\n<li>15&nbsp;g soli<\/li>\n<li>1 vejce<\/li>\n<li>30&nbsp;g vla\u0161sk\u00fdch o\u0159ech\u016f<\/li>\n<li>200 ml vody (pro norm\u00e1ln\u00ed v\u00e1hu tedy asi 300 ml)<\/li>\n<\/ul>\n<p><img loading=\"lazy\" decoding=\"async\" data-attachment-id=\"2012\" data-permalink=\"https:\/\/www.reduca.cz\/blog\/kvaskovy-toastovy-chleb\/img_9816\/\" data-orig-file=\"https:\/\/i0.wp.com\/www.reduca.cz\/blog\/wp-content\/uploads\/2018\/11\/IMG_9816.jpg?fit=5184%2C3456&amp;ssl=1\" data-orig-size=\"5184,3456\" data-comments-opened=\"1\" data-image-meta=\"{&quot;aperture&quot;:&quot;3.5&quot;,&quot;credit&quot;:&quot;&quot;,&quot;camera&quot;:&quot;Canon EOS 650D&quot;,&quot;caption&quot;:&quot;&quot;,&quot;created_timestamp&quot;:&quot;1541600222&quot;,&quot;copyright&quot;:&quot;&quot;,&quot;focal_length&quot;:&quot;50&quot;,&quot;iso&quot;:&quot;100&quot;,&quot;shutter_speed&quot;:&quot;0.008&quot;,&quot;title&quot;:&quot;&quot;,&quot;orientation&quot;:&quot;1&quot;}\" data-image-title=\"IMG_9816\" data-image-description=\"\" data-image-caption=\"\" data-medium-file=\"https:\/\/i0.wp.com\/www.reduca.cz\/blog\/wp-content\/uploads\/2018\/11\/IMG_9816.jpg?fit=300%2C200&amp;ssl=1\" data-large-file=\"https:\/\/i0.wp.com\/www.reduca.cz\/blog\/wp-content\/uploads\/2018\/11\/IMG_9816.jpg?fit=648%2C432&amp;ssl=1\" class=\"aligncenter size-large wp-image-2012\" src=\"https:\/\/i0.wp.com\/www.reduca.cz\/blog\/wp-content\/uploads\/2018\/11\/IMG_9816.jpg?resize=648%2C432&#038;ssl=1\" alt=\"\" width=\"648\" height=\"432\" srcset=\"https:\/\/i0.wp.com\/www.reduca.cz\/blog\/wp-content\/uploads\/2018\/11\/IMG_9816.jpg?resize=1024%2C683&amp;ssl=1 1024w, https:\/\/i0.wp.com\/www.reduca.cz\/blog\/wp-content\/uploads\/2018\/11\/IMG_9816.jpg?resize=300%2C200&amp;ssl=1 300w, https:\/\/i0.wp.com\/www.reduca.cz\/blog\/wp-content\/uploads\/2018\/11\/IMG_9816.jpg?resize=768%2C512&amp;ssl=1 768w, https:\/\/i0.wp.com\/www.reduca.cz\/blog\/wp-content\/uploads\/2018\/11\/IMG_9816.jpg?w=1296&amp;ssl=1 1296w, https:\/\/i0.wp.com\/www.reduca.cz\/blog\/wp-content\/uploads\/2018\/11\/IMG_9816.jpg?w=1944&amp;ssl=1 1944w\" sizes=\"(max-width: 648px) 100vw, 648px\" data-recalc-dims=\"1\" \/><\/p>\n<p>Vla\u0161sk\u00e9 o\u0159echy rozmixujeme s&nbsp;vodou, a\u017e n\u00e1m vznikne pseudo o\u0159echov\u00e9 ml\u00e9ko. V\u0161e sm\u00edch\u00e1me dohromady a&nbsp;nech\u00e1me nejl\u00e9pe mix\u00e9r pracovat 5 &#8211; 10 minut, dokud nem\u00e1me pru\u017en\u00e9 t\u011bsto.<\/p>\n<p>Vyma\u017eeme formu m\u00e1slem a&nbsp;moukou, j\u00e1 jsem k&nbsp;tomuto \u00fa\u010delu pou\u017eila \u017eitnou celozrnnou. T\u011bsto jsem vlo\u017eila ve&nbsp;tvarech boch\u00e1nk\u016f, nap\u011bchovan\u00fdch k&nbsp;sob\u011b, formu m\u00e1m dlouhou, tak\u017ee jsem dala \u010dty\u0159i vedle sebe.<\/p>\n<p>P\u0159ikryjeme ut\u011brkou a&nbsp;nech\u00e1me kynout n\u011bco mezi 8 a&nbsp;10 hodinami, j\u00e1 nem\u011bla \u010das, tak\u017ee toas\u0165\u00e1k musel zvl\u00e1dnout 6.<\/p>\n<p>P\u0159edeh\u0159ejeme troubu na 200&nbsp;\u00b0C a&nbsp;pak vlo\u017e\u00edme chleba na 10 minut. Po&nbsp;deseti minut\u00e1ch st\u00e1hneme teplotu na 180&nbsp;\u00b0C a&nbsp;pe\u010deme dal\u0161\u00edch 35 minut.<\/p>\n<p>Chleba mus\u00ed b\u00fdt na povrchu k\u0159upav\u00fd, ale dut\u00fd na poklep.<\/p>\n<p>Vyklop\u00edme z&nbsp;formy a&nbsp;nech\u00e1me chladnout na m\u0159\u00ed\u017ece.<\/p>\n<p><img loading=\"lazy\" decoding=\"async\" data-attachment-id=\"2028\" data-permalink=\"https:\/\/www.reduca.cz\/blog\/kvaskovy-toastovy-chleb\/img_9826\/\" data-orig-file=\"https:\/\/i0.wp.com\/www.reduca.cz\/blog\/wp-content\/uploads\/2018\/11\/IMG_9826.jpg?fit=4000%2C2666&amp;ssl=1\" data-orig-size=\"4000,2666\" data-comments-opened=\"1\" data-image-meta=\"{&quot;aperture&quot;:&quot;0&quot;,&quot;credit&quot;:&quot;&quot;,&quot;camera&quot;:&quot;&quot;,&quot;caption&quot;:&quot;&quot;,&quot;created_timestamp&quot;:&quot;0&quot;,&quot;copyright&quot;:&quot;&quot;,&quot;focal_length&quot;:&quot;0&quot;,&quot;iso&quot;:&quot;0&quot;,&quot;shutter_speed&quot;:&quot;0&quot;,&quot;title&quot;:&quot;&quot;,&quot;orientation&quot;:&quot;0&quot;}\" data-image-title=\"IMG_9826\" data-image-description=\"\" data-image-caption=\"\" data-medium-file=\"https:\/\/i0.wp.com\/www.reduca.cz\/blog\/wp-content\/uploads\/2018\/11\/IMG_9826.jpg?fit=300%2C200&amp;ssl=1\" data-large-file=\"https:\/\/i0.wp.com\/www.reduca.cz\/blog\/wp-content\/uploads\/2018\/11\/IMG_9826.jpg?fit=648%2C432&amp;ssl=1\" class=\"aligncenter size-large wp-image-2028\" src=\"https:\/\/i0.wp.com\/www.reduca.cz\/blog\/wp-content\/uploads\/2018\/11\/IMG_9826.jpg?resize=648%2C432&#038;ssl=1\" alt=\"\" width=\"648\" height=\"432\" srcset=\"https:\/\/i0.wp.com\/www.reduca.cz\/blog\/wp-content\/uploads\/2018\/11\/IMG_9826.jpg?resize=1024%2C682&amp;ssl=1 1024w, https:\/\/i0.wp.com\/www.reduca.cz\/blog\/wp-content\/uploads\/2018\/11\/IMG_9826.jpg?resize=300%2C200&amp;ssl=1 300w, https:\/\/i0.wp.com\/www.reduca.cz\/blog\/wp-content\/uploads\/2018\/11\/IMG_9826.jpg?resize=768%2C512&amp;ssl=1 768w, https:\/\/i0.wp.com\/www.reduca.cz\/blog\/wp-content\/uploads\/2018\/11\/IMG_9826.jpg?w=1296&amp;ssl=1 1296w, https:\/\/i0.wp.com\/www.reduca.cz\/blog\/wp-content\/uploads\/2018\/11\/IMG_9826.jpg?w=1944&amp;ssl=1 1944w\" sizes=\"(max-width: 648px) 100vw, 648px\" data-recalc-dims=\"1\" \/><\/p>\n<p>Kr\u00e1j\u00edme klasicky na tlou\u0161\u0165ku toastov\u00e9ho chleba. Chu\u0165 je moc dobr\u00e1, a\u010dkoliv je to n\u011bco \u00fapln\u011b jin\u00e9ho ne\u017e klasick\u00fd toas\u0165\u00e1k! Tak dobrou chu\u0165 \ud83d\ude42<\/p>\n","protected":false},"excerpt":{"rendered":"<p>U n\u00e1s doma jsme v\u017edycky milovali v\u0161ichni toasty. Se zv\u00fd\u0161en\u00fdm poctiv\u00fdm \u010dten\u00edm etiket spolu s&nbsp;redukov\u00e1n\u00edm plast\u016f v&nbsp;dom\u00e1cnosti klesl kupovan\u00fd toastov\u00fd chleba na hodn\u011b n\u00edzkou p\u0159\u00ed\u010dku pot\u0159eb a&nbsp;tak vznikla pot\u0159eba zajistit toas\u0165\u00e1k jak jinak, ne\u017e bez obalu. No a&nbsp;pro\u010d na n\u011bj rovnou nevyu\u017e\u00edt dom\u00e1c\u00edho kv\u00e1sku?<\/p>\n","protected":false},"author":1,"featured_media":2014,"comment_status":"open","ping_status":"closed","sticky":false,"template":"","format":"standard","meta":{"_monsterinsights_skip_tracking":false,"_monsterinsights_sitenote_active":false,"_monsterinsights_sitenote_note":"","_monsterinsights_sitenote_category":0,"jetpack_post_was_ever_published":false,"footnotes":"","_links_to":"","_links_to_target":""},"categories":[29],"tags":[41,42,130,58,114,46,34,135,131,69,2],"jetpack_featured_media_url":"https:\/\/i0.wp.com\/www.reduca.cz\/blog\/wp-content\/uploads\/2018\/11\/IMG_9810.jpg?fit=5184%2C3456&ssl=1","jetpack_sharing_enabled":true,"jetpack_shortlink":"https:\/\/wp.me\/p9d4BP-wo","jetpack_likes_enabled":false,"jetpack-related-posts":[{"id":341,"url":"https:\/\/www.reduca.cz\/blog\/den-dvacaty-sesty-domaci-lucina\/","url_meta":{"origin":2008,"position":0},"title":"Den dvac\u00e1t\u00fd \u0161est\u00fd &#8211; dom\u00e1c\u00ed lu\u010dina","date":"25. 1. 2017","format":false,"excerpt":"Dom\u00e1c\u00ed \"lu\u010dinu\" jsem za\u010dala vyr\u00e1b\u011bt, kdy\u017e jsem nev\u011bd\u011bla, co d\u00e1t synovi na chleba. Proto\u017ee jsem na\u0161la v\u00fdborn\u00fd zdroj jogurtu, kter\u00fd m\u00e1 vratn\u00fd obal, a sehnat \u010derstv\u00fd s\u00fdr lu\u010dinov\u00e9ho typu bez obalu se mi zat\u00edm nepoda\u0159ilo, po n\u011bkolika m\u011bs\u00edc\u00edch znovu zahajuji v\u00fdrobu\u00a0 PS: A syrov\u00e1tku d\u00e1v\u00e1m do chleba\u00a0 P\u016fvodn\u00ed p\u0159\u00edsp\u011bvek zde:","rel":"","context":"In &quot;Den\u00ed\u010dek na\u0161\u00ed dom\u00e1cnosti&quot;","img":{"alt_text":"","src":"https:\/\/i0.wp.com\/www.reduca.cz\/blog\/wp-content\/uploads\/2017\/09\/lucina.jpg?fit=800%2C1200&ssl=1&resize=350%2C200","width":350,"height":200},"classes":[]},{"id":1054,"url":"https:\/\/www.reduca.cz\/blog\/102-radeji-domaci-nez-v-obalu\/","url_meta":{"origin":2008,"position":1},"title":"#102 &#8211; rad\u011bji dom\u00e1c\u00ed ne\u017e v&nbsp;obalu","date":"11. 4. 2017","format":false,"excerpt":"M\u011bla jsem chu\u0165 na po\u0159\u00e1dn\u00e1 burritos s fazolemi, k \u010demu\u017e nepochybn\u011b pat\u0159\u00ed i tortilla. A\u010dkoliv mi kupovan\u00e9 tortilly docela chutnaj\u00ed, nakoupit je bezobalov\u011b je podle m\u011b nemo\u017en\u00e9, nav\u00edc slo\u017een\u00ed nen\u00ed v\u017edycky \u017e\u00e1dn\u00e1 hitpar\u00e1da. \u010casto a r\u00e1da se inspiruji recepty od\u00a0Kitchenette, jsou srozumiteln\u00e9, chutn\u00e9 a na fotk\u00e1ch vypadaj\u00ed v\u017edy k se\u017er\u00e1n\u00ed.\u2026","rel":"","context":"In &quot;Den\u00ed\u010dek na\u0161\u00ed dom\u00e1cnosti&quot;","img":{"alt_text":"","src":"https:\/\/i0.wp.com\/www.reduca.cz\/blog\/wp-content\/uploads\/2017\/11\/tortily.jpg?fit=1200%2C800&ssl=1&resize=350%2C200","width":350,"height":200},"classes":[]},{"id":817,"url":"https:\/\/www.reduca.cz\/blog\/den-osmdesaty-druhy-vareni-bez-obalu\/","url_meta":{"origin":2008,"position":2},"title":"Den osmdes\u00e1t\u00fd druh\u00fd &#8211; va\u0159en\u00ed bez obal\u016f","date":"22. 3. 2017","format":false,"excerpt":"Nikdy jsem nebyla moc dobr\u00e1 kucha\u0159ka. Va\u0159en\u00ed m\u011b moc nebav\u00ed, v\u017edycky nakouknu do ledni\u010dky a ud\u011bl\u00e1m sm\u011bs od oka, kter\u00e1 zabere p\u00e1r minut. Sem tam ale hled\u00e1m inspiraci, zad\u00e1m do Googlu p\u00e1r ingredienc\u00ed, kter\u00e9 jsou doma k dispozici a kucht\u00edm dle receptu. Mnoho lid\u00ed m\u00e1 pocit, \u017ee nejde va\u0159it jen\u2026","rel":"","context":"In &quot;Den\u00ed\u010dek na\u0161\u00ed dom\u00e1cnosti&quot;","img":{"alt_text":"","src":"https:\/\/i0.wp.com\/www.reduca.cz\/blog\/wp-content\/uploads\/2017\/10\/kvetak-e1508418918674.jpg?fit=686%2C434&ssl=1&resize=350%2C200","width":350,"height":200},"classes":[]},{"id":705,"url":"https:\/\/www.reduca.cz\/blog\/vareni-s-minimem-odpadu\/","url_meta":{"origin":2008,"position":3},"title":"#124 &#8211; va\u0159en\u00ed s&nbsp;minimem odpadu","date":"2. 5. 2017","format":false,"excerpt":"Ani po t\u0159i \u010dtvrt\u011b roce nejsem schopn\u00e1 za\u010d\u00edt si ps\u00e1t j\u00eddeln\u00ed\u010dek. N\u011bjak na to nem\u00e1me doma bu\u0148ky. Jak tedy va\u0159\u00edm? Proto\u017ee si nos\u00edme pod\u00edly z KPZ, \u010dasto nem\u016f\u017eu dop\u0159edu odhadnout, co budeme m\u00edt k dispozici. Zeleninu dokupuji bu\u010f v bl\u00edzk\u00e9m zahradnictv\u00ed, kde v\u00e1m ji natrhaj\u00ed p\u0159\u00edmo ze zahrady, anebo v\u2026","rel":"","context":"In &quot;Den\u00ed\u010dek na\u0161\u00ed dom\u00e1cnosti&quot;","img":{"alt_text":"","src":"https:\/\/i0.wp.com\/www.reduca.cz\/blog\/wp-content\/uploads\/2017\/10\/IMG_8831.jpg?fit=1200%2C800&ssl=1&resize=350%2C200","width":350,"height":200},"classes":[]},{"id":1118,"url":"https:\/\/www.reduca.cz\/blog\/118-diy-tablety-do-mycky-2\/","url_meta":{"origin":2008,"position":4},"title":"#118 &#8211; DIY tablety do my\u010dky 2","date":"26. 4. 2017","format":false,"excerpt":"Mo\u017en\u00e1 jste si v\u0161imli, \u017ee DM maj\u00ed v\u00fdpadek v dod\u00e1vce tablet do my\u010dky DM nature (v obalu z recyklovan\u00e9ho pap\u00edru a ve f\u00f3li\u00edch rozpustiteln\u00fdch ve vod\u011b). Dod\u00e1vka m\u00e1 b\u00fdt pr\u00fd obnovena, ale m\u011bn\u00ed jejich obal a nev\u00ed, jak dlouho to bude trvat. Jeliko\u017e n\u00e1m v dom\u00e1cnosti zbyla posledn\u00ed tableta, dala\u2026","rel":"","context":"In &quot;Den\u00ed\u010dek na\u0161\u00ed dom\u00e1cnosti&quot;","img":{"alt_text":"","src":"https:\/\/i0.wp.com\/www.reduca.cz\/blog\/wp-content\/uploads\/2017\/11\/tablety2.jpg?fit=1200%2C800&ssl=1&resize=350%2C200","width":350,"height":200},"classes":[]},{"id":1736,"url":"https:\/\/www.reduca.cz\/blog\/pomazanek-neni-nikdy-dost-ajvar-vegan\/","url_meta":{"origin":2008,"position":5},"title":"Ajvar (vegan)","date":"29. 7. 2017","format":false,"excerpt":"Vynikaj\u00edc\u00ed \u010dalam\u00e1da ze srbsk\u00e9 kuchyn\u011b.","rel":"","context":"In &quot;Kuchy\u0148&quot;","img":{"alt_text":"","src":"https:\/\/i0.wp.com\/www.reduca.cz\/blog\/wp-content\/uploads\/2018\/04\/ajvar.jpg?resize=350%2C200&ssl=1","width":350,"height":200},"classes":[]}],"_links":{"self":[{"href":"https:\/\/www.reduca.cz\/blog\/wp-json\/wp\/v2\/posts\/2008"}],"collection":[{"href":"https:\/\/www.reduca.cz\/blog\/wp-json\/wp\/v2\/posts"}],"about":[{"href":"https:\/\/www.reduca.cz\/blog\/wp-json\/wp\/v2\/types\/post"}],"author":[{"embeddable":true,"href":"https:\/\/www.reduca.cz\/blog\/wp-json\/wp\/v2\/users\/1"}],"replies":[{"embeddable":true,"href":"https:\/\/www.reduca.cz\/blog\/wp-json\/wp\/v2\/comments?post=2008"}],"version-history":[{"count":7,"href":"https:\/\/www.reduca.cz\/blog\/wp-json\/wp\/v2\/posts\/2008\/revisions"}],"predecessor-version":[{"id":2034,"href":"https:\/\/www.reduca.cz\/blog\/wp-json\/wp\/v2\/posts\/2008\/revisions\/2034"}],"wp:featuredmedia":[{"embeddable":true,"href":"https:\/\/www.reduca.cz\/blog\/wp-json\/wp\/v2\/media\/2014"}],"wp:attachment":[{"href":"https:\/\/www.reduca.cz\/blog\/wp-json\/wp\/v2\/media?parent=2008"}],"wp:term":[{"taxonomy":"category","embeddable":true,"href":"https:\/\/www.reduca.cz\/blog\/wp-json\/wp\/v2\/categories?post=2008"},{"taxonomy":"post_tag","embeddable":true,"href":"https:\/\/www.reduca.cz\/blog\/wp-json\/wp\/v2\/tags?post=2008"}],"curies":[{"name":"wp","href":"https:\/\/api.w.org\/{rel}","templated":true}]}}