{"id":1837,"date":"2018-10-12T21:43:20","date_gmt":"2018-10-12T19:43:20","guid":{"rendered":"https:\/\/www.reduca.cz\/blog\/?p=1837"},"modified":"2018-10-12T22:02:42","modified_gmt":"2018-10-12T20:02:42","slug":"ze-stareho-nove","status":"publish","type":"post","link":"https:\/\/www.reduca.cz\/blog\/ze-stareho-nove\/","title":{"rendered":"Ze star\u00e9ho nov\u00e9"},"content":{"rendered":"<p>Zub \u010dasu pokou\u0161e i&nbsp;ty nejhez\u010d\u00ed kousky va\u0161eho \u0161atn\u00edku. S&nbsp;rychl\u00fdm m\u00f3dn\u00edm pr\u016fmyslem je trvanlivost jednotliv\u00fdch kousk\u016f \u010d\u00edm d\u00e1l t\u00edm krat\u0161\u00ed. A&nbsp;tak p\u0159ich\u00e1z\u00ed jednoduch\u00e1 ot\u00e1zka? Co s&nbsp;t\u011bmi vytahan\u00fdmi tri\u010dky, opelichan\u00fdmi mikinami a&nbsp;d\u011brav\u00fdmi kalhotami?<\/p>\n<p>Dneska p\u0159in\u00e1\u0161\u00edm p\u00e1r <strong>p\u0159\u00edb\u011bh\u016f ze&nbsp;(sv\u00e9ho) \u017eivota<\/strong>. Jak jsem si poradila s&nbsp;jednotliv\u00fdmi v\u00fdzvami star\u00e9ho \u0161atstva. P\u0159ekvapiv\u011b je v\u011bt\u0161ina kousk\u016f z&nbsp;roku 2011, tak aspo\u0148 vid\u00edm, \u017ee <strong>\u017eivotnost<\/strong> m\u00e9ho oble\u010den\u00ed je rovn\u00e1 zhruba <strong>sedmi let\u016fm<\/strong>.<\/p>\n<h2>P\u0159\u00edb\u011bh o\u0161unt\u011bl\u00e9 mikiny<\/h2>\n<p>P\u0159ed \u010dasem jsem dlouho ve&nbsp;v\u00fdloze koukala na mikinu, kter\u00e1 se mi l\u00edbila, a\u017e jsem se odhodlala si vytou\u017een\u00fd kousek koupit. Nev\u00edm, jakou technologi\u00ed se posledn\u00ed roky l\u00e1tky vyr\u00e1b\u00ed, ale m\u00e1m pocit, \u017ee po&nbsp;p\u00e1r pran\u00edch m\u00e1te po&nbsp;barevnosti a&nbsp;oble\u010den\u00ed m\u016f\u017eete zahodit. Mikina se mi <strong>rychle seprala<\/strong> a&nbsp;po&nbsp;\u010dase jsem ji necht\u011bla nosit ani kv\u016fli jej\u00ed <strong>kr\u00e1tk\u00e9 d\u00e9lce<\/strong>, kter\u00e1 m\u011b s&nbsp;p\u0159ib\u00fdvaj\u00edc\u00edm v\u011bkem p\u0159estala bavit.<\/p>\n<p><img loading=\"lazy\" decoding=\"async\" data-attachment-id=\"1904\" data-permalink=\"https:\/\/www.reduca.cz\/blog\/ze-stareho-nove\/img_8211\/\" data-orig-file=\"https:\/\/i0.wp.com\/www.reduca.cz\/blog\/wp-content\/uploads\/2018\/09\/IMG_8211.jpg?fit=5184%2C3456&amp;ssl=1\" data-orig-size=\"5184,3456\" data-comments-opened=\"1\" data-image-meta=\"{&quot;aperture&quot;:&quot;3.2&quot;,&quot;credit&quot;:&quot;&quot;,&quot;camera&quot;:&quot;Canon EOS 650D&quot;,&quot;caption&quot;:&quot;&quot;,&quot;created_timestamp&quot;:&quot;1373659413&quot;,&quot;copyright&quot;:&quot;&quot;,&quot;focal_length&quot;:&quot;50&quot;,&quot;iso&quot;:&quot;640&quot;,&quot;shutter_speed&quot;:&quot;0.016666666666667&quot;,&quot;title&quot;:&quot;&quot;,&quot;orientation&quot;:&quot;1&quot;}\" data-image-title=\"IMG_8211\" data-image-description=\"\" data-image-caption=\"\" data-medium-file=\"https:\/\/i0.wp.com\/www.reduca.cz\/blog\/wp-content\/uploads\/2018\/09\/IMG_8211.jpg?fit=300%2C200&amp;ssl=1\" data-large-file=\"https:\/\/i0.wp.com\/www.reduca.cz\/blog\/wp-content\/uploads\/2018\/09\/IMG_8211.jpg?fit=648%2C432&amp;ssl=1\" class=\"aligncenter size-large wp-image-1904\" src=\"https:\/\/i0.wp.com\/www.reduca.cz\/blog\/wp-content\/uploads\/2018\/09\/IMG_8211.jpg?resize=648%2C432&#038;ssl=1\" alt=\"\" width=\"648\" height=\"432\" srcset=\"https:\/\/i0.wp.com\/www.reduca.cz\/blog\/wp-content\/uploads\/2018\/09\/IMG_8211.jpg?resize=1024%2C683&amp;ssl=1 1024w, https:\/\/i0.wp.com\/www.reduca.cz\/blog\/wp-content\/uploads\/2018\/09\/IMG_8211.jpg?resize=300%2C200&amp;ssl=1 300w, https:\/\/i0.wp.com\/www.reduca.cz\/blog\/wp-content\/uploads\/2018\/09\/IMG_8211.jpg?resize=768%2C512&amp;ssl=1 768w, https:\/\/i0.wp.com\/www.reduca.cz\/blog\/wp-content\/uploads\/2018\/09\/IMG_8211.jpg?w=1296&amp;ssl=1 1296w, https:\/\/i0.wp.com\/www.reduca.cz\/blog\/wp-content\/uploads\/2018\/09\/IMG_8211.jpg?w=1944&amp;ssl=1 1944w\" sizes=\"(max-width: 648px) 100vw, 648px\" data-recalc-dims=\"1\" \/><br \/>\n<span class=\"caption text-muted\">J\u00e1 p\u0159ed lety v&nbsp;mikin\u011b<\/span><\/p>\n<p>Kdy\u017e m\u00e1te ve&nbsp;sk\u0159\u00edni starou mikinu, kter\u00e1 je <strong>v dobr\u00e9m stavu<\/strong>, m\u016f\u017eete ji p\u0159edat d\u00e1l. A\u0165 u\u017e<\/p>\n<ul>\n<li>p\u0159\u00edm\u00fdm <strong>darov\u00e1n\u00edm<\/strong> rodin\u011b \u010di&nbsp;p\u0159\u00e1tel\u016fm,<\/li>\n<li>formou tzv.&nbsp;<strong>SWAPu oble\u010den\u00ed<\/strong>, akce, kde p\u0159inese ka\u017ed\u00fd, co se mu nehod\u00ed, a&nbsp;odnese si, co se mu l\u00edb\u00ed (a&nbsp;zbytek zavezete t\u0159eba na charitu),<\/li>\n<li><strong>prodejem<\/strong> na n\u011bkter\u00e9m z&nbsp;bazarov\u00fdch server\u016f (letgo, vinted.cz, votocvohoz.cz)<\/li>\n<li>dovezen\u00edm na charitu, t\u0159eba do azylov\u00fdch dom\u016f (viz <a href=\"https:\/\/mapa.reduca.cz\/@7,49.9800,15.4950,9.10\">bezodpadov\u00e1 mapa<\/a>)<\/li>\n<\/ul>\n<p>\u010cervenou (nebo jinak barevnou) popelnici na textil p\u0159\u00edli\u0161 nedoporu\u010duji, pro m\u011b osobn\u011b je to a\u017e posledn\u00ed mo\u017enost, nejde-li to jinak. Z&nbsp;popelnic se oble\u010den\u00ed \u010dasto nedost\u00e1v\u00e1 na pot\u0159ebn\u00e1 m\u00edsta, <a href=\"https:\/\/www.denik.cz\/z_domova\/obleceni-pro-charitu-dejte-si-pozor-komu-kontejner-patri-20141002.html\">n\u011bkter\u00e9 firmy na obno\u0161en\u00e9m \u0161atstvu vyd\u011bl\u00e1vaj\u00ed<\/a> a&nbsp;prod\u00e1vaj\u00ed ho do zahrani\u010d\u00ed, jin\u00e9 ho voz\u00ed p\u0159\u00edmo na v\u00fdrobu hadr\u016f a&nbsp;oble\u010den\u00ed, kter\u00e9 by se dalo nosit, tak zbyte\u010dn\u011b kon\u010d\u00ed na recykla\u010dn\u00ed lince.<\/p>\n<p>Kdy\u017e se v\u00e1m ale doma v\u00e1l\u00ed mikina, kter\u00e1 u\u017e trochu pelich\u00e1, pro op\u011btovn\u00e9 u\u017eit\u00ed ji sp\u00ed\u0161e nenab\u00eddnete. Pak p\u0159ich\u00e1z\u00ed na \u0159adu tzv.&nbsp;<strong>upcyklace<\/strong>, aneb transformace neu\u017eite\u010dn\u00e9ho p\u0159edm\u011btu v&nbsp;jin\u00fd, u\u017eite\u010dn\u00fd. U&nbsp;star\u00e9ho textilu se samoz\u0159ejm\u011b nejv\u00edce nab\u00edz\u00ed <strong>hadry<\/strong>, ne v\u0161echen materi\u00e1l je ale k&nbsp;hadr\u016fm vhodn\u00fd.<\/p>\n<p>J\u00e1 jsem se rozhodla vyu\u017e\u00edt ruk\u00e1v\u016f z&nbsp;mikiny a&nbsp;vyrobit tepl\u00e1ky na l\u00edta\u010dku pro syna. Tepl\u00e1k\u016f, u&nbsp;kter\u00fdch mi nez\u00e1le\u017e\u00ed na tom, jak dopadnou, jestli se vym\u00e1chaj\u00ed v&nbsp;bahn\u011b, zama\u017eou od oleje nebo roztrhaj\u00ed do roztrh\u00e1n\u00ed, m\u00e1me v\u017edy nedostatek (po&nbsp;\u010dase takov\u00e9 tepl\u00e1ky toti\u017e skute\u010dn\u011b vyhodit <strong>mus\u00edte<\/strong>).<\/p>\n<p><img loading=\"lazy\" decoding=\"async\" data-attachment-id=\"1903\" data-permalink=\"https:\/\/www.reduca.cz\/blog\/ze-stareho-nove\/teplaky\/\" data-orig-file=\"https:\/\/i0.wp.com\/www.reduca.cz\/blog\/wp-content\/uploads\/2018\/09\/teplaky.jpg?fit=3000%2C2000&amp;ssl=1\" data-orig-size=\"3000,2000\" data-comments-opened=\"1\" data-image-meta=\"{&quot;aperture&quot;:&quot;0&quot;,&quot;credit&quot;:&quot;&quot;,&quot;camera&quot;:&quot;&quot;,&quot;caption&quot;:&quot;&quot;,&quot;created_timestamp&quot;:&quot;0&quot;,&quot;copyright&quot;:&quot;&quot;,&quot;focal_length&quot;:&quot;0&quot;,&quot;iso&quot;:&quot;0&quot;,&quot;shutter_speed&quot;:&quot;0&quot;,&quot;title&quot;:&quot;&quot;,&quot;orientation&quot;:&quot;0&quot;}\" data-image-title=\"teplaky\" data-image-description=\"\" data-image-caption=\"\" data-medium-file=\"https:\/\/i0.wp.com\/www.reduca.cz\/blog\/wp-content\/uploads\/2018\/09\/teplaky.jpg?fit=300%2C200&amp;ssl=1\" data-large-file=\"https:\/\/i0.wp.com\/www.reduca.cz\/blog\/wp-content\/uploads\/2018\/09\/teplaky.jpg?fit=648%2C432&amp;ssl=1\" class=\"aligncenter size-large wp-image-1903\" src=\"https:\/\/i0.wp.com\/www.reduca.cz\/blog\/wp-content\/uploads\/2018\/09\/teplaky.jpg?resize=648%2C432&#038;ssl=1\" alt=\"\" width=\"648\" height=\"432\" srcset=\"https:\/\/i0.wp.com\/www.reduca.cz\/blog\/wp-content\/uploads\/2018\/09\/teplaky.jpg?resize=1024%2C683&amp;ssl=1 1024w, https:\/\/i0.wp.com\/www.reduca.cz\/blog\/wp-content\/uploads\/2018\/09\/teplaky.jpg?resize=300%2C200&amp;ssl=1 300w, https:\/\/i0.wp.com\/www.reduca.cz\/blog\/wp-content\/uploads\/2018\/09\/teplaky.jpg?resize=768%2C512&amp;ssl=1 768w, https:\/\/i0.wp.com\/www.reduca.cz\/blog\/wp-content\/uploads\/2018\/09\/teplaky.jpg?w=1296&amp;ssl=1 1296w, https:\/\/i0.wp.com\/www.reduca.cz\/blog\/wp-content\/uploads\/2018\/09\/teplaky.jpg?w=1944&amp;ssl=1 1944w\" sizes=\"(max-width: 648px) 100vw, 648px\" data-recalc-dims=\"1\" \/><\/p>\n<p>Jak\u00fd byl postup?<\/p>\n<p>Odst\u0159ihla jsem ruk\u00e1vy z&nbsp;mikiny. P\u0159ilo\u017eila jsem k&nbsp;jedn\u00e9 stran\u011b ruk\u00e1vu st\u0159ih na p\u0159edn\u00ed \u010d\u00e1st tepl\u00e1k\u016f a&nbsp;k&nbsp;druh\u00e9 stran\u011b ruk\u00e1vu zadn\u00ed \u010d\u00e1st tepl\u00e1k\u016f (je t\u0159eba se soust\u0159edit na to, aby sed\u011bl rozkrok a&nbsp;abyste druh\u00fd ruk\u00e1v ud\u011blali zrcadlov\u011b). Se\u0161ila jsem na overlocku jak klasick\u00e9 tepl\u00e1ky, vsadila nahoru gumi\u010dku a&nbsp;zapo\u0161ila. Pak jsem si cht\u011bla je\u0161t\u011b fin\u00e1ln\u011b za\u010distit \u0161vy a&nbsp;samoz\u0159ejm\u011b si kus overlockem rozst\u0159ihla, tak\u017ee jsem nakonec nahoru p\u0159idala je\u0161t\u011b n\u00e1plet &#8211; v\u0161e m\u00e1 \u0159e\u0161en\u00ed \ud83d\ude42<\/p>\n<p>Ze zbytku mikiny chci ud\u011blat podobn\u00e9 tepl\u00e1ky men\u0161\u00ed velikosti pro mlad\u0161\u00edho syna. Ten se zat\u00edm plaz\u00ed a&nbsp;vyt\u00edr\u00e1 v\u0161e mo\u017en\u00e9, tak a\u0165 m\u00e1 taky co rasovat.<\/p>\n<p>Pokud m\u00e1te d\u011bti (a\u0165 u\u017e doma nebo ve&nbsp;va\u0161em okol\u00ed), m\u016f\u017eete ze&nbsp;star\u00fdch mikin vyr\u00e1b\u011bt <strong>tepl\u00e1\u010dky, suk\u00fdnky, mini mikinky, \u010depi\u010dky a&nbsp;n\u00e1kr\u010dn\u00edky, rukavi\u010dky, n\u00e1vleky na nohy\u00a0<\/strong>(nap\u0159.&nbsp;do nos\u00edtka). Z&nbsp;hez\u010d\u00edch kousk\u016f mikin m\u016f\u017eete tvo\u0159it n\u00e1kr\u010dn\u00edky a&nbsp;\u010depice i&nbsp;pro sebe.<\/p>\n<h2>P\u0159\u00edb\u011bh vytahan\u00e9ho tri\u010dka<\/h2>\n<p>M\u00e1m r\u00e1da jednobarevn\u00e1 t\u00edlka, kter\u00e1 v&nbsp;l\u00e9t\u011b to\u010d\u00edm k&nbsp;barevn\u00fdm a&nbsp;strakat\u00fdm sukn\u00edm. M\u00e9 \u017elut\u00e9 t\u00edlko m\u00e1m u\u017e p\u0159es 7 let a&nbsp;jeho rozm\u011bry za tu dobu docela nabyly <strong>do stran<\/strong>. U\u017e z&nbsp;n\u011bj nen\u00ed upnut\u00e9 t\u00edlko, kter\u00e9 p\u011bkn\u011b r\u00fdsuje postavu. Po&nbsp;dvou d\u011btech mo\u017en\u00e1 zapla\u0165p\u00e1nb\u016fh. Jen\u017ee ten tvar, kter\u00fd po&nbsp;jednodenn\u00edm no\u0161en\u00ed zaujme, je u\u017e dost nevzhledn\u00fd. K&nbsp;vad\u00e1m na kr\u00e1se je nutno p\u0159ipo\u010d\u00edst tak\u00e9 p\u00e1raj\u00edc\u00ed se spodn\u00ed lem, d\u00edrka od ko\u010dky p\u0159esn\u011b uprost\u0159ed v\u00fdst\u0159ihu, tak\u017ee kr\u00e1sn\u011b na o\u010d\u00edch zv\u011bdav\u00fdm jedinc\u016fm, no a&nbsp;na tom sam\u00e9m m\u00edst\u011b jsem si ud\u011blala i&nbsp;z\u00e1hadn\u00fd mastn\u00fd flek.<\/p>\n<p><img loading=\"lazy\" decoding=\"async\" data-attachment-id=\"1905\" data-permalink=\"https:\/\/www.reduca.cz\/blog\/ze-stareho-nove\/img_5034\/\" data-orig-file=\"https:\/\/i0.wp.com\/www.reduca.cz\/blog\/wp-content\/uploads\/2018\/09\/IMG_5034.jpg?fit=2816%2C1880&amp;ssl=1\" data-orig-size=\"2816,1880\" data-comments-opened=\"1\" data-image-meta=\"{&quot;aperture&quot;:&quot;10&quot;,&quot;credit&quot;:&quot;&quot;,&quot;camera&quot;:&quot;Canon EOS 1000D&quot;,&quot;caption&quot;:&quot;&quot;,&quot;created_timestamp&quot;:&quot;1308761470&quot;,&quot;copyright&quot;:&quot;&quot;,&quot;focal_length&quot;:&quot;31&quot;,&quot;iso&quot;:&quot;200&quot;,&quot;shutter_speed&quot;:&quot;0.00625&quot;,&quot;title&quot;:&quot;&quot;,&quot;orientation&quot;:&quot;1&quot;}\" data-image-title=\"IMG_5034\" data-image-description=\"\" data-image-caption=\"\" data-medium-file=\"https:\/\/i0.wp.com\/www.reduca.cz\/blog\/wp-content\/uploads\/2018\/09\/IMG_5034.jpg?fit=300%2C200&amp;ssl=1\" data-large-file=\"https:\/\/i0.wp.com\/www.reduca.cz\/blog\/wp-content\/uploads\/2018\/09\/IMG_5034.jpg?fit=648%2C433&amp;ssl=1\" class=\"aligncenter size-large wp-image-1905\" src=\"https:\/\/i0.wp.com\/www.reduca.cz\/blog\/wp-content\/uploads\/2018\/09\/IMG_5034.jpg?resize=648%2C433&#038;ssl=1\" alt=\"\" width=\"648\" height=\"433\" srcset=\"https:\/\/i0.wp.com\/www.reduca.cz\/blog\/wp-content\/uploads\/2018\/09\/IMG_5034.jpg?resize=1024%2C684&amp;ssl=1 1024w, https:\/\/i0.wp.com\/www.reduca.cz\/blog\/wp-content\/uploads\/2018\/09\/IMG_5034.jpg?resize=300%2C200&amp;ssl=1 300w, https:\/\/i0.wp.com\/www.reduca.cz\/blog\/wp-content\/uploads\/2018\/09\/IMG_5034.jpg?resize=768%2C513&amp;ssl=1 768w, https:\/\/i0.wp.com\/www.reduca.cz\/blog\/wp-content\/uploads\/2018\/09\/IMG_5034.jpg?w=1296&amp;ssl=1 1296w, https:\/\/i0.wp.com\/www.reduca.cz\/blog\/wp-content\/uploads\/2018\/09\/IMG_5034.jpg?w=1944&amp;ssl=1 1944w\" sizes=\"(max-width: 648px) 100vw, 648px\" data-recalc-dims=\"1\" \/><br \/>\n<span class=\"caption text-muted\">P\u0159ed sedmi lety bylo je\u0161t\u011b v\u0161echno jinak, i&nbsp;to tri\u010dko<\/span><\/p>\n<p>Rozhodla jsem se vyu\u017e\u00edt toho, \u017ee m\u00e1m doma overlock, a&nbsp;\u017ee zkus\u00edm triko lehce <strong>restaurovat<\/strong>. Jeliko\u017e se jednalo o&nbsp;prvn\u00ed po\u010din tohoto ra\u017een\u00ed, \u0161la jsem do n\u011bj vcelku nejist\u00e1.<\/p>\n<p>Nejprve jsem si nastehovala t\u00edlko na \u0161\u00ed\u0159ku a&nbsp;vyzkou\u0161ela si, zda nov\u00fd \u00fatl\u00fd rozm\u011br bude pasovat i&nbsp;na mou nov\u011b z(de)formovanou postavu. Jako p\u0159edlohu jsem pou\u017eila druh\u00e9 tri\u010dko stejn\u00e9ho st\u0159ihu, jin\u00e9 barvy, kter\u00e9 jsem kupovala spole\u010dn\u011b s&nbsp;t\u00edm \u017elut\u00fdm (kdy\u017e v\u00e1m n\u011bco sed\u00ed, je t\u0159eba toho vyu\u017e\u00edt, \u017ee jo), a&nbsp;kter\u00e9 bylo podstatn\u011b m\u00e9n\u011b \u010dasto no\u0161en\u00e9 (holt \u010derveno\/oran\u017eov\u00fdch v\u011bc\u00ed m\u00e1m v&nbsp;\u0161atn\u00edku m\u00e9n\u011b a&nbsp;tak se m\u00e9n\u011b \u010dasto perou). Po&nbsp;se\u0161it\u00ed overlockem a&nbsp;p\u00e1r\u00e1n\u00ed nedob\u0159e p\u0159ilo\u017een\u00fdch l\u00edc\u016f jsem za\u010distila i&nbsp;spodek a&nbsp;spravila tak rovnou rozp\u00e1ran\u00fd doln\u00ed lem.<\/p>\n<p><img loading=\"lazy\" decoding=\"async\" data-attachment-id=\"1906\" data-permalink=\"https:\/\/www.reduca.cz\/blog\/ze-stareho-nove\/img_8649\/\" data-orig-file=\"https:\/\/i0.wp.com\/www.reduca.cz\/blog\/wp-content\/uploads\/2018\/09\/IMG_8649-e1537731739357.jpg?fit=3456%2C5184&amp;ssl=1\" data-orig-size=\"3456,5184\" data-comments-opened=\"1\" data-image-meta=\"{&quot;aperture&quot;:&quot;2.8&quot;,&quot;credit&quot;:&quot;&quot;,&quot;camera&quot;:&quot;Canon EOS 650D&quot;,&quot;caption&quot;:&quot;&quot;,&quot;created_timestamp&quot;:&quot;1535118008&quot;,&quot;copyright&quot;:&quot;&quot;,&quot;focal_length&quot;:&quot;26&quot;,&quot;iso&quot;:&quot;125&quot;,&quot;shutter_speed&quot;:&quot;0.025&quot;,&quot;title&quot;:&quot;&quot;,&quot;orientation&quot;:&quot;1&quot;}\" data-image-title=\"IMG_8649\" data-image-description=\"\" data-image-caption=\"\" data-medium-file=\"https:\/\/i0.wp.com\/www.reduca.cz\/blog\/wp-content\/uploads\/2018\/09\/IMG_8649-e1537731739357.jpg?fit=200%2C300&amp;ssl=1\" data-large-file=\"https:\/\/i0.wp.com\/www.reduca.cz\/blog\/wp-content\/uploads\/2018\/09\/IMG_8649-e1537731739357.jpg?fit=648%2C972&amp;ssl=1\" class=\"aligncenter size-large wp-image-1906\" src=\"https:\/\/i0.wp.com\/www.reduca.cz\/blog\/wp-content\/uploads\/2018\/09\/IMG_8649-e1537731739357-683x1024.jpg?resize=648%2C972&#038;ssl=1\" alt=\"\" width=\"648\" height=\"972\" srcset=\"https:\/\/i0.wp.com\/www.reduca.cz\/blog\/wp-content\/uploads\/2018\/09\/IMG_8649-e1537731739357.jpg?resize=683%2C1024&amp;ssl=1 683w, https:\/\/i0.wp.com\/www.reduca.cz\/blog\/wp-content\/uploads\/2018\/09\/IMG_8649-e1537731739357.jpg?resize=200%2C300&amp;ssl=1 200w, https:\/\/i0.wp.com\/www.reduca.cz\/blog\/wp-content\/uploads\/2018\/09\/IMG_8649-e1537731739357.jpg?resize=768%2C1152&amp;ssl=1 768w, https:\/\/i0.wp.com\/www.reduca.cz\/blog\/wp-content\/uploads\/2018\/09\/IMG_8649-e1537731739357.jpg?w=1296&amp;ssl=1 1296w, https:\/\/i0.wp.com\/www.reduca.cz\/blog\/wp-content\/uploads\/2018\/09\/IMG_8649-e1537731739357.jpg?w=1944&amp;ssl=1 1944w\" sizes=\"(max-width: 648px) 100vw, 648px\" data-recalc-dims=\"1\" \/><\/p>\n<p>Jako dal\u0161\u00ed f\u00e1zi jsem se rozhodla <strong>zni\u010dit mastn\u00fd flek<\/strong>. S\u00e1zela jsem na (t\u00e9m\u011b\u0159) jistotu a&nbsp;<a href=\"https:\/\/www.reduca.cz\/blog\/zazrak-jmenem-perkarbonat\/\">nalo\u017eila tri\u010dko do perkarbon\u00e1tov\u00e9 l\u00e1zn\u011b<\/a>. Mastn\u00fd flek skute\u010dn\u011b zmizel, d\u00edky bohu!<\/p>\n<p>Posledn\u00edm bodem bylo zamaskov\u00e1n\u00ed d\u00edrky. Proto\u017ee je to fakt oby\u010dejn\u00e9 tri\u010dko, necht\u011bla jsem vym\u00fd\u0161let nic slo\u017eit\u00e9ho (a&nbsp;vlastn\u011b ani zaj\u00edmav\u00e9ho). D\u00edrku jsem oby\u010dejn\u011b za\u0161ila a&nbsp;pe\u010dliv\u011b roz\u017eehlila. Nepou\u017e\u00edvala jsem \u017e\u00e1dn\u00e9 ne\u0161ic\u00ed techniky, proto\u017ee jsem na to doma nem\u011bla pot\u0159ebn\u00fd materi\u00e1l.<\/p>\n<p><img loading=\"lazy\" decoding=\"async\" data-attachment-id=\"1907\" data-permalink=\"https:\/\/www.reduca.cz\/blog\/ze-stareho-nove\/detail\/\" data-orig-file=\"https:\/\/i0.wp.com\/www.reduca.cz\/blog\/wp-content\/uploads\/2018\/09\/detail.jpg?fit=2666%2C4000&amp;ssl=1\" data-orig-size=\"2666,4000\" data-comments-opened=\"1\" data-image-meta=\"{&quot;aperture&quot;:&quot;0&quot;,&quot;credit&quot;:&quot;&quot;,&quot;camera&quot;:&quot;&quot;,&quot;caption&quot;:&quot;&quot;,&quot;created_timestamp&quot;:&quot;0&quot;,&quot;copyright&quot;:&quot;&quot;,&quot;focal_length&quot;:&quot;0&quot;,&quot;iso&quot;:&quot;0&quot;,&quot;shutter_speed&quot;:&quot;0&quot;,&quot;title&quot;:&quot;&quot;,&quot;orientation&quot;:&quot;0&quot;}\" data-image-title=\"detail\" data-image-description=\"\" data-image-caption=\"\" data-medium-file=\"https:\/\/i0.wp.com\/www.reduca.cz\/blog\/wp-content\/uploads\/2018\/09\/detail.jpg?fit=200%2C300&amp;ssl=1\" data-large-file=\"https:\/\/i0.wp.com\/www.reduca.cz\/blog\/wp-content\/uploads\/2018\/09\/detail.jpg?fit=648%2C973&amp;ssl=1\" class=\"aligncenter size-large wp-image-1907\" src=\"https:\/\/i0.wp.com\/www.reduca.cz\/blog\/wp-content\/uploads\/2018\/09\/detail.jpg?resize=648%2C973&#038;ssl=1\" alt=\"\" width=\"648\" height=\"973\" srcset=\"https:\/\/i0.wp.com\/www.reduca.cz\/blog\/wp-content\/uploads\/2018\/09\/detail.jpg?resize=682%2C1024&amp;ssl=1 682w, https:\/\/i0.wp.com\/www.reduca.cz\/blog\/wp-content\/uploads\/2018\/09\/detail.jpg?resize=200%2C300&amp;ssl=1 200w, https:\/\/i0.wp.com\/www.reduca.cz\/blog\/wp-content\/uploads\/2018\/09\/detail.jpg?resize=768%2C1152&amp;ssl=1 768w, https:\/\/i0.wp.com\/www.reduca.cz\/blog\/wp-content\/uploads\/2018\/09\/detail.jpg?w=1296&amp;ssl=1 1296w, https:\/\/i0.wp.com\/www.reduca.cz\/blog\/wp-content\/uploads\/2018\/09\/detail.jpg?w=1944&amp;ssl=1 1944w\" sizes=\"(max-width: 648px) 100vw, 648px\" data-recalc-dims=\"1\" \/><\/p>\n<p>Pokud se v\u00e1m d\u00edru v&nbsp;oble\u010den\u00ed nechce <strong>za\u0161\u00edvat<\/strong>, m\u016f\u017eete na ni <strong>nalepit, na\u017eehlit nebo na\u0161\u00edt<\/strong> n\u011bjak\u00fd zaj\u00edmav\u00fd vzor, kter\u00fd d\u00edrku zamaskuje. Fantazii se meze nekladou, pou\u017eijte, co m\u00e1te zrovna po&nbsp;ruce anebo kupte v&nbsp;galanterii k&nbsp;tomu ur\u010denou <strong>z\u00e1platu<\/strong>.<\/p>\n<p>Star\u00e1, t\u0159eba roztrhan\u00e1 nebo nevyprateln\u011b \u0161pinav\u00e1 je\u0161t\u011b kvalitn\u00ed tri\u010dka m\u016f\u017eete pou\u017e\u00edt na <strong>v\u00fdrobu spodn\u00edho pr\u00e1dla<\/strong>, a\u0165 u\u017e pro v\u00e1s, pro partnera nebo pro d\u011bti. Zat\u00edm to m\u00e1m pouze v&nbsp;pl\u00e1nu, ale chyst\u00e1m se rozst\u0159\u00edhat man\u017eelova star\u00e1 tri\u010dka z&nbsp;pevn\u00e9 bavlny na tren\u00fdrky pro kluky. P\u00e1nsk\u00e1 tri\u010dka se tak\u00e9 dob\u0159e hod\u00ed pro tri\u010dka d\u00e1msk\u00e1, obzvl\u00e1\u0161\u0165 jste-li p\u00e1r velk\u00fd mu\u017e a&nbsp;drobn\u00e1 \u017eena, ov\u0161em j\u00e1 osobn\u011b \u0161it\u00ed tri\u010dka pova\u017euju za &#8220;vy\u0161\u0161\u00ed d\u00edv\u010d\u00ed&#8221;, na kterou si zat\u00edm netrouf\u00e1m. D\u011btem se krom\u011b tri\u010dek a&nbsp;t\u00edlek daj\u00ed z&nbsp;tri\u010dkoviny u\u0161\u00edt t\u0159eba <strong>leginy<\/strong>.<\/p>\n<p><img loading=\"lazy\" decoding=\"async\" data-attachment-id=\"1910\" data-permalink=\"https:\/\/www.reduca.cz\/blog\/ze-stareho-nove\/tilko\/\" data-orig-file=\"https:\/\/i0.wp.com\/www.reduca.cz\/blog\/wp-content\/uploads\/2018\/09\/tilko.jpg?fit=2000%2C2000&amp;ssl=1\" data-orig-size=\"2000,2000\" data-comments-opened=\"1\" data-image-meta=\"{&quot;aperture&quot;:&quot;0&quot;,&quot;credit&quot;:&quot;&quot;,&quot;camera&quot;:&quot;&quot;,&quot;caption&quot;:&quot;&quot;,&quot;created_timestamp&quot;:&quot;0&quot;,&quot;copyright&quot;:&quot;&quot;,&quot;focal_length&quot;:&quot;0&quot;,&quot;iso&quot;:&quot;0&quot;,&quot;shutter_speed&quot;:&quot;0&quot;,&quot;title&quot;:&quot;&quot;,&quot;orientation&quot;:&quot;0&quot;}\" data-image-title=\"tilko\" data-image-description=\"\" data-image-caption=\"\" data-medium-file=\"https:\/\/i0.wp.com\/www.reduca.cz\/blog\/wp-content\/uploads\/2018\/09\/tilko.jpg?fit=300%2C300&amp;ssl=1\" data-large-file=\"https:\/\/i0.wp.com\/www.reduca.cz\/blog\/wp-content\/uploads\/2018\/09\/tilko.jpg?fit=648%2C648&amp;ssl=1\" class=\"aligncenter size-large wp-image-1910\" src=\"https:\/\/i0.wp.com\/www.reduca.cz\/blog\/wp-content\/uploads\/2018\/09\/tilko.jpg?resize=648%2C648&#038;ssl=1\" alt=\"\" width=\"648\" height=\"648\" srcset=\"https:\/\/i0.wp.com\/www.reduca.cz\/blog\/wp-content\/uploads\/2018\/09\/tilko.jpg?resize=1024%2C1024&amp;ssl=1 1024w, https:\/\/i0.wp.com\/www.reduca.cz\/blog\/wp-content\/uploads\/2018\/09\/tilko.jpg?resize=150%2C150&amp;ssl=1 150w, https:\/\/i0.wp.com\/www.reduca.cz\/blog\/wp-content\/uploads\/2018\/09\/tilko.jpg?resize=300%2C300&amp;ssl=1 300w, https:\/\/i0.wp.com\/www.reduca.cz\/blog\/wp-content\/uploads\/2018\/09\/tilko.jpg?resize=768%2C768&amp;ssl=1 768w, https:\/\/i0.wp.com\/www.reduca.cz\/blog\/wp-content\/uploads\/2018\/09\/tilko.jpg?resize=60%2C60&amp;ssl=1 60w, https:\/\/i0.wp.com\/www.reduca.cz\/blog\/wp-content\/uploads\/2018\/09\/tilko.jpg?resize=45%2C45&amp;ssl=1 45w, https:\/\/i0.wp.com\/www.reduca.cz\/blog\/wp-content\/uploads\/2018\/09\/tilko.jpg?w=2000&amp;ssl=1 2000w, https:\/\/i0.wp.com\/www.reduca.cz\/blog\/wp-content\/uploads\/2018\/09\/tilko.jpg?w=1296&amp;ssl=1 1296w, https:\/\/i0.wp.com\/www.reduca.cz\/blog\/wp-content\/uploads\/2018\/09\/tilko.jpg?w=1944&amp;ssl=1 1944w\" sizes=\"(max-width: 648px) 100vw, 648px\" data-recalc-dims=\"1\" \/><\/p>\n<h2>P\u0159\u00edb\u011bh d\u011brav\u00e9ho py\u017eama<\/h2>\n<p>Tohle py\u017eamo jsem si kupovala, kdy\u017e jsem byla poprv\u00e9 t\u011bhotn\u00e1. Je to takov\u00e9 to spr\u00e1vn\u011b \u0161irok\u00e9, \u017ee zakryje kde co, nejr\u016fzn\u011bj\u0161\u00ed kynouc\u00ed partie nevyj\u00edmaje. I&nbsp;p\u0159es to, \u017ee m\u016fj zadek se po&nbsp;porodu trochu zmen\u0161il, se mi n\u011bjak poda\u0159ilo ud\u011blat si obrovskou d\u00edru p\u0159es cel\u00e9 pozad\u00ed. Je to takov\u00e1 ta d\u00edra, kterou u\u017e ani nechcete za\u0161\u00edvat.<\/p>\n<p>\u0158ekla jsem si, \u017ee bavln\u011bn\u00e9 pl\u00e1tno se skv\u011ble hod\u00ed na pytl\u00ed\u010dky a&nbsp;t\u011bch v&nbsp;dom\u00e1cnosti nikdy nen\u00ed dost. Kdy\u017e jsem ale za\u010dala st\u0159\u00edhat, za\u010dalo mi b\u00fdt py\u017eama najednou l\u00edto, a&nbsp;spraven\u00ed d\u00edry jsem dala je\u0161t\u011b jednu \u0161anci. Z&nbsp;dlouh\u00fdch kalhot (kter\u00e9 mi ale stejn\u011b byly trochu kr\u00e1tk\u00e9) se tak staly kra\u0165asy &#8211; no a&nbsp;ve&nbsp;sp\u00e1nku v\u00e1m kvalitu \u0161v\u016f nikdo nekontroluje \ud83d\ude09<\/p>\n<p><img loading=\"lazy\" decoding=\"async\" data-attachment-id=\"1946\" data-permalink=\"https:\/\/www.reduca.cz\/blog\/ze-stareho-nove\/kalhoty-2\/\" data-orig-file=\"https:\/\/i0.wp.com\/www.reduca.cz\/blog\/wp-content\/uploads\/2018\/10\/kalhoty.jpg?fit=4000%2C2000&amp;ssl=1\" data-orig-size=\"4000,2000\" data-comments-opened=\"1\" data-image-meta=\"{&quot;aperture&quot;:&quot;0&quot;,&quot;credit&quot;:&quot;&quot;,&quot;camera&quot;:&quot;&quot;,&quot;caption&quot;:&quot;&quot;,&quot;created_timestamp&quot;:&quot;0&quot;,&quot;copyright&quot;:&quot;&quot;,&quot;focal_length&quot;:&quot;0&quot;,&quot;iso&quot;:&quot;0&quot;,&quot;shutter_speed&quot;:&quot;0&quot;,&quot;title&quot;:&quot;&quot;,&quot;orientation&quot;:&quot;0&quot;}\" data-image-title=\"kalhoty\" data-image-description=\"\" data-image-caption=\"\" data-medium-file=\"https:\/\/i0.wp.com\/www.reduca.cz\/blog\/wp-content\/uploads\/2018\/10\/kalhoty.jpg?fit=300%2C150&amp;ssl=1\" data-large-file=\"https:\/\/i0.wp.com\/www.reduca.cz\/blog\/wp-content\/uploads\/2018\/10\/kalhoty.jpg?fit=648%2C324&amp;ssl=1\" class=\"aligncenter size-large wp-image-1946\" src=\"https:\/\/i0.wp.com\/www.reduca.cz\/blog\/wp-content\/uploads\/2018\/10\/kalhoty.jpg?resize=648%2C324&#038;ssl=1\" alt=\"\" width=\"648\" height=\"324\" srcset=\"https:\/\/i0.wp.com\/www.reduca.cz\/blog\/wp-content\/uploads\/2018\/10\/kalhoty.jpg?resize=1024%2C512&amp;ssl=1 1024w, https:\/\/i0.wp.com\/www.reduca.cz\/blog\/wp-content\/uploads\/2018\/10\/kalhoty.jpg?resize=300%2C150&amp;ssl=1 300w, https:\/\/i0.wp.com\/www.reduca.cz\/blog\/wp-content\/uploads\/2018\/10\/kalhoty.jpg?resize=768%2C384&amp;ssl=1 768w, https:\/\/i0.wp.com\/www.reduca.cz\/blog\/wp-content\/uploads\/2018\/10\/kalhoty.jpg?w=1296&amp;ssl=1 1296w, https:\/\/i0.wp.com\/www.reduca.cz\/blog\/wp-content\/uploads\/2018\/10\/kalhoty.jpg?w=1944&amp;ssl=1 1944w\" sizes=\"(max-width: 648px) 100vw, 648px\" data-recalc-dims=\"1\" \/><\/p>\n<p>Z pl\u00e1tna m\u016f\u017eete krom\u011b <strong>pytl\u00ed\u010dk\u016f<\/strong> (kter\u00e9 lze pou\u017e\u00edt jak na potraviny, tak na d\u00e1rky, hra\u010dky pro d\u011bti nebo t\u0159eba \u0161roubky) u\u0161\u00edt tak\u00e9 <strong>kapesn\u00edky,\u00a0<\/strong><strong>ubrousky, obal na knihu \u010di&nbsp;se\u0161it<\/strong>. Z&nbsp;v\u011bt\u0161\u00edch kousk\u016f lze vytvo\u0159it d\u00e1msk\u00e1 (nebo hol\u010di\u010d\u00ed) <strong>sukn\u011b<\/strong>. Z&nbsp;v\u00edcero kousk\u016f m\u016f\u017eete poskl\u00e1dat celou\u00a0<strong>deku<\/strong> anebo vz\u00edt vosk a&nbsp;vytvo\u0159it z&nbsp;nast\u0159\u00edhan\u00fdch obd\u00e9ln\u00edk\u016f\u00a0<strong>voskovan\u00fd ubrousek<\/strong>.<\/p>\n<h2>P\u0159\u00edb\u011bh d\u00edry v&nbsp;body\u010dku<\/h2>\n<p>Kdy\u017e m\u00e1te m\u00edsto lidsk\u00e9ho ml\u00e1d\u011bte plaze, schyt\u00e1 to nejeden kousek. Pran\u00ed \u0161edo\u010dern\u00fdch body\u010dek byla v\u00fdzva \u010d.&nbsp;1. Ale kdy\u017e se milostp\u00e1n plazil v&nbsp;pr\u016fb\u011bhu m\u00e9ho p\u0159edn\u00e1\u0161en\u00ed tak, \u017ee bodyno roztrhl, pov\u00fd\u0161ila jsem ho na ni\u010ditele vy\u0161\u0161\u00edho levelu.<\/p>\n<p><strong>Pro d\u011bti jsou v\u00fdhodn\u00e1 b\u00edl\u00e1 tri\u010dka a&nbsp;body. <\/strong>Nikdy bych ne\u010dekala, \u017ee tuhle v\u011btu vyslov\u00edm, jen\u017ee. B\u00edl\u00e9 tri\u010dko (a&nbsp;body) m\u016f\u017eete bez probl\u00e9m\u016f pr\u00e1t na 60 a&nbsp;nemus\u00edte se b\u00e1t, \u017ee v\u00e1m barvy vyblednou. B\u00edl\u00e9 kousky s&nbsp;fleky m\u016f\u017eete bez probl\u00e9m\u016f nalo\u017eit do perkarbon\u00e1tu klidn\u011b na 90. A&nbsp;kdy\u017e ani <a href=\"https:\/\/www.reduca.cz\/blog\/zazrak-jmenem-perkarbonat\/\">z\u00e1zra\u010dn\u00fd perkarbon\u00e1t<\/a> nepom\u016f\u017ee, v\u017edycky ho m\u016f\u017eete hodit do Sava (j\u00e1 v\u00edm, tohle nebude \u00fapln\u011b to top \u0159e\u0161en\u00ed, ale zas se aspo\u0148 nevyhod\u00ed) anebo obarvit na jinou barvu. Nav\u00edc kdy\u017e se v&nbsp;nich ud\u011bl\u00e1 d\u00edrka, na\u0161ijete tam to, co m\u00e1te zrovna po&nbsp;ruce, proto\u017ee na b\u00edlou se hod\u00ed v\u0161echno.<\/p>\n<p>A jak teda na d\u00edrku v&nbsp;bodynu?<\/p>\n<p>U d\u011bt\u00ed se p\u0159\u00edmo vyb\u00edz\u00ed <strong>na\u0161\u00edt<\/strong> na body n\u011bjak\u00fd <strong>zaj\u00edmav\u00fd motiv<\/strong>. P\u0159ed dv\u011bma lety jsem star\u0161\u00edmu synovi p\u0159i\u0161\u00edvala na body jedni\u010dku, jako\u017eto prvo-narozeninov\u00e9 body, tr\u00e9nink u\u017e jsem tedy m\u011bla. Vyst\u0159ihla jsem motiv, kter\u00fd jsem cht\u011bla na\u0161\u00edt &#8211; doporu\u010duji sp\u00ed\u0161e bavln\u011bn\u00e9 pl\u00e1tno, ne\u017e \u00faplet, aby se p\u0159i&nbsp;\u0161it\u00ed tolik neh\u00fdbalo &#8211; j\u00e1 vybrala hv\u011bzdu ze&nbsp;zbytku tepl\u00e1koviny. P\u0159i\u0161ila jsem ji nejprve klasicky rovnostehem. Pak jsem nastavila na stroji cik-cak na tak husto, aby nejen zaentloval konce hv\u011bzdy, ale tak\u00e9 schoval p\u016fvodn\u00ed steh.<\/p>\n<p>Tahle hv\u011bzda nen\u00ed m\u00e9 nejlep\u0161\u00ed d\u00edlo, detail rad\u011bji nevkl\u00e1d\u00e1m. Ale \u00fa\u010del to pln\u00ed a&nbsp;z&nbsp;d\u00e1lky to zas tak hrozn\u00e9 nen\u00ed \ud83d\ude42<\/p>\n<p><img loading=\"lazy\" decoding=\"async\" data-attachment-id=\"1951\" data-permalink=\"https:\/\/www.reduca.cz\/blog\/ze-stareho-nove\/body\/\" data-orig-file=\"https:\/\/i0.wp.com\/www.reduca.cz\/blog\/wp-content\/uploads\/2018\/10\/body.jpg?fit=3500%2C2000&amp;ssl=1\" data-orig-size=\"3500,2000\" data-comments-opened=\"1\" data-image-meta=\"{&quot;aperture&quot;:&quot;0&quot;,&quot;credit&quot;:&quot;&quot;,&quot;camera&quot;:&quot;&quot;,&quot;caption&quot;:&quot;&quot;,&quot;created_timestamp&quot;:&quot;0&quot;,&quot;copyright&quot;:&quot;&quot;,&quot;focal_length&quot;:&quot;0&quot;,&quot;iso&quot;:&quot;0&quot;,&quot;shutter_speed&quot;:&quot;0&quot;,&quot;title&quot;:&quot;&quot;,&quot;orientation&quot;:&quot;0&quot;}\" data-image-title=\"body\" data-image-description=\"\" data-image-caption=\"\" data-medium-file=\"https:\/\/i0.wp.com\/www.reduca.cz\/blog\/wp-content\/uploads\/2018\/10\/body.jpg?fit=300%2C171&amp;ssl=1\" data-large-file=\"https:\/\/i0.wp.com\/www.reduca.cz\/blog\/wp-content\/uploads\/2018\/10\/body.jpg?fit=648%2C370&amp;ssl=1\" class=\"aligncenter size-large wp-image-1951\" src=\"https:\/\/i0.wp.com\/www.reduca.cz\/blog\/wp-content\/uploads\/2018\/10\/body.jpg?resize=648%2C370&#038;ssl=1\" alt=\"\" width=\"648\" height=\"370\" srcset=\"https:\/\/i0.wp.com\/www.reduca.cz\/blog\/wp-content\/uploads\/2018\/10\/body.jpg?resize=1024%2C585&amp;ssl=1 1024w, https:\/\/i0.wp.com\/www.reduca.cz\/blog\/wp-content\/uploads\/2018\/10\/body.jpg?resize=300%2C171&amp;ssl=1 300w, https:\/\/i0.wp.com\/www.reduca.cz\/blog\/wp-content\/uploads\/2018\/10\/body.jpg?resize=768%2C439&amp;ssl=1 768w, https:\/\/i0.wp.com\/www.reduca.cz\/blog\/wp-content\/uploads\/2018\/10\/body.jpg?w=1296&amp;ssl=1 1296w, https:\/\/i0.wp.com\/www.reduca.cz\/blog\/wp-content\/uploads\/2018\/10\/body.jpg?w=1944&amp;ssl=1 1944w\" sizes=\"(max-width: 648px) 100vw, 648px\" data-recalc-dims=\"1\" \/><\/p>\n<p><em>Kter\u00fdm star\u00fdm kousk\u016fm oble\u010den\u00ed vdech\u00e1v\u00e1te nov\u00fd \u017eivot vy?<\/em><\/p>\n","protected":false},"excerpt":{"rendered":"<p>Zub \u010dasu pokou\u0161e i&nbsp;ty nejhez\u010d\u00ed kousky va\u0161eho \u0161atn\u00edku. S&nbsp;rychl\u00fdm m\u00f3dn\u00edm pr\u016fmyslem je trvanlivost jednotliv\u00fdch kousk\u016f \u010d\u00edm d\u00e1l t\u00edm krat\u0161\u00ed. A&nbsp;tak p\u0159ich\u00e1z\u00ed jednoduch\u00e1 ot\u00e1zka? Co s&nbsp;t\u011bmi vytahan\u00fdmi tri\u010dky, opelichan\u00fdmi mikinami a&nbsp;d\u011brav\u00fdmi kalhotami?<\/p>\n","protected":false},"author":1,"featured_media":1951,"comment_status":"open","ping_status":"closed","sticky":false,"template":"","format":"standard","meta":{"_monsterinsights_skip_tracking":false,"_monsterinsights_sitenote_active":false,"_monsterinsights_sitenote_note":"","_monsterinsights_sitenote_category":0,"jetpack_post_was_ever_published":false,"footnotes":"","_links_to":"","_links_to_target":""},"categories":[126,11],"tags":[42,40,34,67,2],"jetpack_featured_media_url":"https:\/\/i0.wp.com\/www.reduca.cz\/blog\/wp-content\/uploads\/2018\/10\/body.jpg?fit=3500%2C2000&ssl=1","jetpack_sharing_enabled":true,"jetpack_shortlink":"https:\/\/wp.me\/p9d4BP-tD","jetpack_likes_enabled":false,"jetpack-related-posts":[{"id":2188,"url":"https:\/\/www.reduca.cz\/blog\/proc-zatim-nemuzu-psat-o-mode-a-liceni\/","url_meta":{"origin":1837,"position":0},"title":"Pro\u010d (zat\u00edm) nem\u016f\u017eu ps\u00e1t o&nbsp;m\u00f3d\u011b a&nbsp;l\u00ed\u010den\u00ed","date":"14. 3. 2019","format":false,"excerpt":"Udr\u017eiteln\u00e1 m\u00f3da do okruh\u016f t\u00e9mat okolo zero waste rozhodn\u011b pat\u0159\u00ed. Jen\u017ee ke mn\u011b moc nepat\u0159\u00ed m\u00f3da... Varov\u00e1n\u00ed, v \u010dl\u00e1nku najdete p\u00e1r m\u00fdch \u0161\u00edlen\u00fdch model\u016f z minulosti :)\u00a0","rel":"","context":"In &quot;Nakupov\u00e1n\u00ed&quot;","img":{"alt_text":"","src":"https:\/\/i0.wp.com\/www.reduca.cz\/blog\/wp-content\/uploads\/2019\/03\/IMG_0557-e1552583993252.jpg?fit=1200%2C916&ssl=1&resize=350%2C200","width":350,"height":200},"classes":[]},{"id":1096,"url":"https:\/\/www.reduca.cz\/blog\/112-pozor-na-vyrobce\/","url_meta":{"origin":1837,"position":1},"title":"#112 &#8211; pozor na v\u00fdrobce","date":"20. 4. 2017","format":false,"excerpt":"M\u011bla jsem ohromn\u00e9 \u0161t\u011bst\u00ed, \u017ee u\u017e se synem jsem pod\u011bdila kompletn\u00ed v\u00fdbavu na miminko a nemusela jsem tak \u0159e\u0161it \u017e\u00e1dn\u00e9 n\u00e1kupy, a\u0165 u\u017e v obchodech \u010di bazarech nebo na internetu. Kdy\u017e jsem te\u010f prala a \u017eehlila tuto v\u00fdbavu napodruh\u00e9, tro\u0161ku m\u011b zarazila zna\u010dka Ecolabel. U ozna\u010den\u00ed v\u00fdrobku eco bych \u010dekala,\u2026","rel":"","context":"In &quot;Den\u00ed\u010dek na\u0161\u00ed dom\u00e1cnosti&quot;","img":{"alt_text":"","src":"https:\/\/i0.wp.com\/www.reduca.cz\/blog\/wp-content\/uploads\/2017\/11\/ecolabel.jpg?fit=1200%2C800&ssl=1&resize=350%2C200","width":350,"height":200},"classes":[]},{"id":130,"url":"https:\/\/www.reduca.cz\/blog\/redukujeme-domacnost-4-dil-obleceni\/","url_meta":{"origin":1837,"position":2},"title":"Redukujeme dom\u00e1cnost &#8211; 4.&nbsp;d\u00edl: oble\u010den\u00ed","date":"6. 4. 2017","format":false,"excerpt":"Jedno z nejv\u011bt\u0161\u00edch pl\u00fdtv\u00e1n\u00ed se odehr\u00e1v\u00e1 v na\u0161ich \u0161atn\u00edch sk\u0159\u00edn\u00edch. Pozorn\u011b se pod\u00edvejte. Kolik kousk\u016f nos\u00edte jen jednou ro\u010dn\u011b? Kolik oble\u010den\u00ed schov\u00e1v\u00e1te pouze z nostalgie jako vzpom\u00ednku na n\u011bjakou ud\u00e1lost? A kter\u00e9 kousky v\u00e1m zbyte\u010dn\u011b le\u017e\u00ed na dn\u011b \u0161atn\u00edku, jen pro p\u0159\u00edpad, \u017ee si vezmete kousek jin\u00fd?","rel":"","context":"In &quot;Oble\u010den\u00ed&quot;","img":{"alt_text":"","src":"https:\/\/i0.wp.com\/www.reduca.cz\/blog\/wp-content\/uploads\/2017\/04\/clothes.jpg?fit=1200%2C894&ssl=1&resize=350%2C200","width":350,"height":200},"classes":[]},{"id":1026,"url":"https:\/\/www.reduca.cz\/blog\/den-devadesaty-ctvrty-obleceni-z-druhe-ruky\/","url_meta":{"origin":1837,"position":3},"title":"Den devades\u00e1t\u00fd \u010dtvrt\u00fd &#8211; oble\u010den\u00ed z&nbsp;druh\u00e9 ruky","date":"3. 4. 2017","format":false,"excerpt":"S rostouc\u00edm pupkem roste pot\u0159eba doplnit \u0161atn\u00edk, jeliko\u017e jsem m\u011bla v minul\u00e9m t\u011bhotenstv\u00ed kalhoty pouze p\u016fj\u010den\u00e9. Nam\u00edsto zd\u00e1nliv\u011b jednoduch\u00e9ho n\u00e1kupu kalhot klasick\u00fdch zna\u010dek z velk\u00fdch obchodn\u00edch dom\u016f z v\u00fdroby b\u016fh v\u00ed odkud a k\u00fdm jsem si vybrala \u010deskou zna\u010dku\u00a0ATOM RAT, kterou u\u017e del\u0161\u00ed dobu se z\u00e1luskem v oku sleduji. Podpora\u2026","rel":"","context":"In &quot;Den\u00ed\u010dek na\u0161\u00ed dom\u00e1cnosti&quot;","img":{"alt_text":"","src":"https:\/\/i0.wp.com\/www.reduca.cz\/blog\/wp-content\/uploads\/2017\/11\/kalhoty.jpg?fit=1200%2C800&ssl=1&resize=350%2C200","width":350,"height":200},"classes":[]},{"id":232,"url":"https:\/\/www.reduca.cz\/blog\/den-osmy-minimalizace-satniku\/","url_meta":{"origin":1837,"position":4},"title":"Den osm\u00fd &#8211; minimalizace \u0161atn\u00edku","date":"7. 1. 2017","format":false,"excerpt":"Dnes jsem p\u0159et\u0159\u00eddila na\u0161e oble\u010den\u00ed. To bez skvrn a d\u00edrek jsem nah\u00e1zela do ta\u0161ek, kter\u00e9 zaneseme pot\u0159ebn\u00fdm, ty star\u00e9 hnusn\u00e9 s d\u00edrkama pou\u017eijeme na hadry. Ubylo m\u00edsto ve sk\u0159\u00edni a pocit, \u017ee m\u00e1me m\u00e1lo oble\u010den\u00ed, je hned pry\u010d. To redukov\u00e1n\u00ed dom\u00e1cnosti mi p\u0159in\u00e1\u0161\u00ed do du\u0161e zaj\u00edmav\u00fd klid, a\u0165 \u017eije minimalismus\u00a0:)\u00a0D\u00e1l\u2026","rel":"","context":"In &quot;Den\u00ed\u010dek na\u0161\u00ed dom\u00e1cnosti&quot;","img":{"alt_text":"","src":"https:\/\/i0.wp.com\/www.reduca.cz\/blog\/wp-content\/uploads\/2017\/01\/obleceni.jpg?fit=1200%2C800&ssl=1&resize=350%2C200","width":350,"height":200},"classes":[]},{"id":139,"url":"https:\/\/www.reduca.cz\/blog\/zero-waste-v-tehotenstvi\/","url_meta":{"origin":1837,"position":5},"title":"Zero Waste v&nbsp;t\u011bhotenstv\u00ed","date":"16. 6. 2017","format":false,"excerpt":"Je to u\u017e pom\u011brn\u011b dlouh\u00e1 doba, co jsem naposled vytvo\u0159ila origin\u00e1ln\u00ed \u010dl\u00e1nek nebo p\u0159\u00edsp\u011bvek. M\u016fj z\u00e1jem o dom\u00e1cnost bez odpadu se nezmen\u0161il, jen ubyla energie a p\u0159ibyla \u00fanava, nechutenstv\u00ed, bolesti hlavy a b\u0159icha, aneb zkr\u00e1cen\u011b - t\u011bhotenstv\u00ed.","rel":"","context":"In &quot;D\u011bti&quot;","img":{"alt_text":"","src":"https:\/\/i0.wp.com\/www.reduca.cz\/blog\/wp-content\/uploads\/2017\/09\/belly.jpg?fit=1200%2C800&ssl=1&resize=350%2C200","width":350,"height":200},"classes":[]}],"_links":{"self":[{"href":"https:\/\/www.reduca.cz\/blog\/wp-json\/wp\/v2\/posts\/1837"}],"collection":[{"href":"https:\/\/www.reduca.cz\/blog\/wp-json\/wp\/v2\/posts"}],"about":[{"href":"https:\/\/www.reduca.cz\/blog\/wp-json\/wp\/v2\/types\/post"}],"author":[{"embeddable":true,"href":"https:\/\/www.reduca.cz\/blog\/wp-json\/wp\/v2\/users\/1"}],"replies":[{"embeddable":true,"href":"https:\/\/www.reduca.cz\/blog\/wp-json\/wp\/v2\/comments?post=1837"}],"version-history":[{"count":17,"href":"https:\/\/www.reduca.cz\/blog\/wp-json\/wp\/v2\/posts\/1837\/revisions"}],"predecessor-version":[{"id":1956,"href":"https:\/\/www.reduca.cz\/blog\/wp-json\/wp\/v2\/posts\/1837\/revisions\/1956"}],"wp:featuredmedia":[{"embeddable":true,"href":"https:\/\/www.reduca.cz\/blog\/wp-json\/wp\/v2\/media\/1951"}],"wp:attachment":[{"href":"https:\/\/www.reduca.cz\/blog\/wp-json\/wp\/v2\/media?parent=1837"}],"wp:term":[{"taxonomy":"category","embeddable":true,"href":"https:\/\/www.reduca.cz\/blog\/wp-json\/wp\/v2\/categories?post=1837"},{"taxonomy":"post_tag","embeddable":true,"href":"https:\/\/www.reduca.cz\/blog\/wp-json\/wp\/v2\/tags?post=1837"}],"curies":[{"name":"wp","href":"https:\/\/api.w.org\/{rel}","templated":true}]}}