{"id":1374,"date":"2018-03-09T15:53:14","date_gmt":"2018-03-09T14:53:14","guid":{"rendered":"https:\/\/www.reduca.cz\/blog\/?p=1374"},"modified":"2018-10-10T15:49:48","modified_gmt":"2018-10-10T13:49:48","slug":"neni-obchod-jako-obchod","status":"publish","type":"post","link":"https:\/\/www.reduca.cz\/blog\/neni-obchod-jako-obchod\/","title":{"rendered":"Nen\u00ed obchod jako obchod"},"content":{"rendered":"<p>Kdy\u017e se n\u011bkde zm\u00edn\u00edm, \u017ee nakupuji p\u0159ev\u00e1\u017en\u011b bez obal\u016f, \u010dasto padaj\u00ed dotazy, kde na to<strong> beru \u010das<\/strong>. Lid\u00e9 maj\u00ed pocit, \u017ee bezodpadov\u00fd \u017eivot vy\u017eaduje spoustu voln\u00e9ho \u010dasu, a&nbsp;je tak vhodn\u00fd maxim\u00e1ln\u011b pro studenty nebo maminky na mate\u0159sk\u00e9 dovolen\u00e9. Bezobalov\u00e9 nakupov\u00e1n\u00ed ov\u0161em nezabere v\u00edce \u010dasu ne\u017e n\u00e1v\u0161t\u011bva velk\u00e9ho supermarketu.<\/p>\n<p>Spo\u010d\u00edtejte si sami, <strong>kolik minut (nebo hodin) tr\u00e1v\u00edte t\u00fddn\u011b v&nbsp;obchod\u011b<\/strong>. M\u00e1 zku\u0161enost je takov\u00e1, \u017ee <strong>\u010d\u00edm v\u011bt\u0161\u00ed obchod, t\u00edm v\u00edce \u010dasu<\/strong>. \u010clov\u011bk proj\u00ed\u017ed\u00ed s&nbsp;voz\u00edkem reg\u00e1l po&nbsp;reg\u00e1lu, tu vid\u00ed n\u011bco v&nbsp;akci, tu si zase v\u0161imne n\u011b\u010deho, na co m\u00e1 zrovna chu\u0165, anebo si vzpomene, \u017ee tohle doma zaru\u010den\u011b pot\u0159ebuje. <strong>N\u00e1kupn\u00ed seznam<\/strong> mo\u017en\u00e1 n\u011bjak\u00fd ten \u010das u\u0161et\u0159\u00ed, ale je skoro nemo\u017en\u00e9, abyste si nev\u0161imli n\u011b\u010deho dal\u0161\u00edho, co na seznamu nen\u00ed.<\/p>\n<p><img loading=\"lazy\" decoding=\"async\" data-attachment-id=\"1500\" data-permalink=\"https:\/\/www.reduca.cz\/blog\/neni-obchod-jako-obchod\/800x600_main_photo_akce\/\" data-orig-file=\"https:\/\/i0.wp.com\/www.reduca.cz\/blog\/wp-content\/uploads\/2018\/03\/800x600_main_photo_akce.jpg?fit=576%2C398&amp;ssl=1\" data-orig-size=\"576,398\" data-comments-opened=\"1\" data-image-meta=\"{&quot;aperture&quot;:&quot;0&quot;,&quot;credit&quot;:&quot;&quot;,&quot;camera&quot;:&quot;&quot;,&quot;caption&quot;:&quot;&quot;,&quot;created_timestamp&quot;:&quot;0&quot;,&quot;copyright&quot;:&quot;&quot;,&quot;focal_length&quot;:&quot;0&quot;,&quot;iso&quot;:&quot;0&quot;,&quot;shutter_speed&quot;:&quot;0&quot;,&quot;title&quot;:&quot;&quot;,&quot;orientation&quot;:&quot;0&quot;}\" data-image-title=\"800x600_main_photo_akce\" data-image-description=\"\" data-image-caption=\"\" data-medium-file=\"https:\/\/i0.wp.com\/www.reduca.cz\/blog\/wp-content\/uploads\/2018\/03\/800x600_main_photo_akce.jpg?fit=300%2C207&amp;ssl=1\" data-large-file=\"https:\/\/i0.wp.com\/www.reduca.cz\/blog\/wp-content\/uploads\/2018\/03\/800x600_main_photo_akce.jpg?fit=576%2C398&amp;ssl=1\" class=\"aligncenter size-full wp-image-1500\" src=\"https:\/\/i0.wp.com\/www.reduca.cz\/blog\/wp-content\/uploads\/2018\/03\/800x600_main_photo_akce.jpg?resize=576%2C398&#038;ssl=1\" alt=\"\" width=\"576\" height=\"398\" srcset=\"https:\/\/i0.wp.com\/www.reduca.cz\/blog\/wp-content\/uploads\/2018\/03\/800x600_main_photo_akce.jpg?w=576&amp;ssl=1 576w, https:\/\/i0.wp.com\/www.reduca.cz\/blog\/wp-content\/uploads\/2018\/03\/800x600_main_photo_akce.jpg?resize=300%2C207&amp;ssl=1 300w\" sizes=\"(max-width: 576px) 100vw, 576px\" data-recalc-dims=\"1\" \/><\/p>\n<p>\u0158vouc\u00ed n\u00e1pisy &#8220;<strong>AKCE<\/strong>&#8221; p\u0159\u00edmo volaj\u00ed po&nbsp;koupi, proto\u017ee kdy\u017e nenakoup\u00edte v&nbsp;akci, nenakoup\u00edte v\u00fdhodn\u011b. A&nbsp;vy p\u0159ece pot\u0159ebujete <strong>u\u0161et\u0159it<\/strong>, no ne?<\/p>\n<p>B\u011b\u017en\u00e1 dom\u00e1cnost d\u011bl\u00e1 jeden <strong>velk\u00fd n\u00e1kup za t\u00fdden<\/strong> a&nbsp;n\u011bkolik men\u0161\u00edch n\u00e1kup\u016f \u010derstv\u00fdch potravin, nap\u0159.&nbsp;pe\u010diva, v&nbsp;pr\u016fb\u011bhu t\u00fddne. Pokud tyto men\u0161\u00ed n\u00e1kupy absolvujete v&nbsp;supermarketech, \u010dasto se nevyhnete v\u00fd\u0161e zm\u00edn\u011bn\u00e9 koup\u011b potravin, kter\u00e9 vlastn\u011b nechcete, a&nbsp;po&nbsp;pracovn\u00ed dob\u011b nav\u00edc na konci n\u00e1kupu \u010dek\u00e1 p\u011bkn\u00e1 fronta s&nbsp;pln\u00fdmi ko\u0161\u00edky. Z&nbsp;m\u00e9 zku\u0161enosti je rodinn\u00fd n\u00e1kup na t\u00fdden ve&nbsp;velk\u00e9m supermarketu z\u00e1le\u017eitost <strong>hodiny a\u017e dvou<\/strong>.<\/p>\n<h2>Jak to d\u011bl\u00e1m j\u00e1?<\/h2>\n<p>Ned\u011bl\u00e1m velk\u00e9 t\u00fddenn\u00ed n\u00e1kupy. D\u011bl\u00e1m velk\u00e9 t\u0159\u00edm\u011bs\u00ed\u010dn\u00ed n\u00e1kupy. V\u017edy zajedu do jednoho z&nbsp;m\u00fdch bl\u00edzk\u00fdch bezobalov\u00fdch obchod\u016f a&nbsp;nakoup\u00edm such\u00e9 potraviny, kter\u00e9 n\u00e1m chyb\u00ed &#8211; <strong>lu\u0161t\u011bniny<\/strong>, <strong>obiloviny<\/strong>, <strong>t\u011bstoviny<\/strong>, p\u0159\u00edpadn\u011b n\u011bjak\u00e9 <strong>o\u0159echy<\/strong> \u010di&nbsp;<strong>rozinky<\/strong>. Nejen, \u017ee si zvol\u00edm takov\u00e9 mno\u017estv\u00ed, kter\u00e9 za t\u0159i m\u011bs\u00edce v&nbsp;pohod\u011b sn\u00edme, a&nbsp;nem\u00e1m tak ve&nbsp;sp\u00ed\u017ei p\u0159ebytky n\u011b\u010deho, co tak \u010dasto nej\u00edme, a&nbsp;<strong>nepl\u00fdtv\u00e1m potravinami<\/strong>, ale z\u00e1rove\u0148 <strong>\u0161et\u0159\u00edm \u010das<\/strong> na n\u00e1kupech a&nbsp;p\u0159\u00edjemn\u011b si pokec\u00e1m s&nbsp;pan\u00ed, kter\u00e1 u\u017e m\u011b <strong>dob\u0159e zn\u00e1<\/strong>.<\/p>\n<p>V t\u00fddnu chod\u00edme dvakr\u00e1t a\u017e t\u0159ikr\u00e1t t\u00fddn\u011b do <strong>mal\u00fdch obchod\u016f<\/strong> bl\u00edzko n\u00e1s. V&nbsp;m\u00edstn\u00edm zelin\u00e1\u0159stv\u00ed nakupujeme do vlastn\u00edch pytl\u00ed\u010dk\u016f<strong>\u00a0ovoce a&nbsp;zeleninu<\/strong> &#8211; v&nbsp;sez\u00f3nn\u011b tady maj\u00ed vylo\u017een\u011b lok\u00e1ln\u00ed, vyp\u011bstovan\u00e9 v&nbsp;m\u011bstsk\u00e9 \u010d\u00e1sti, ve&nbsp;kter\u00e9 bydl\u00edme. P\u00e1rkr\u00e1t jsem v&nbsp;l\u00e9t\u011b zajela (autobusem) do bl\u00edzk\u00e9ho zahradnictv\u00ed, kter\u00e9 v\u00e1m mil\u00e1 pan\u00ed zeleninu donese \u010derstv\u011b vytr\u017een\u00e9 p\u0159\u00edmo ze&nbsp;zahr\u00e1dky (a&nbsp;je\u0161t\u011b si natrh\u00e1te p\u00e1r sladk\u00fdch ostru\u017ein do pusy).<\/p>\n<p><img loading=\"lazy\" decoding=\"async\" data-attachment-id=\"1501\" data-permalink=\"https:\/\/www.reduca.cz\/blog\/neni-obchod-jako-obchod\/pytliky-2\/\" data-orig-file=\"https:\/\/i0.wp.com\/www.reduca.cz\/blog\/wp-content\/uploads\/2018\/03\/pytliky.jpg?fit=2048%2C1365&amp;ssl=1\" data-orig-size=\"2048,1365\" data-comments-opened=\"1\" data-image-meta=\"{&quot;aperture&quot;:&quot;0&quot;,&quot;credit&quot;:&quot;&quot;,&quot;camera&quot;:&quot;&quot;,&quot;caption&quot;:&quot;&quot;,&quot;created_timestamp&quot;:&quot;0&quot;,&quot;copyright&quot;:&quot;&quot;,&quot;focal_length&quot;:&quot;0&quot;,&quot;iso&quot;:&quot;0&quot;,&quot;shutter_speed&quot;:&quot;0&quot;,&quot;title&quot;:&quot;&quot;,&quot;orientation&quot;:&quot;0&quot;}\" data-image-title=\"pytliky\" data-image-description=\"\" data-image-caption=\"\" data-medium-file=\"https:\/\/i0.wp.com\/www.reduca.cz\/blog\/wp-content\/uploads\/2018\/03\/pytliky.jpg?fit=300%2C200&amp;ssl=1\" data-large-file=\"https:\/\/i0.wp.com\/www.reduca.cz\/blog\/wp-content\/uploads\/2018\/03\/pytliky.jpg?fit=648%2C432&amp;ssl=1\" class=\"aligncenter size-large wp-image-1501\" src=\"https:\/\/i0.wp.com\/www.reduca.cz\/blog\/wp-content\/uploads\/2018\/03\/pytliky.jpg?resize=648%2C432&#038;ssl=1\" alt=\"\" width=\"648\" height=\"432\" srcset=\"https:\/\/i0.wp.com\/www.reduca.cz\/blog\/wp-content\/uploads\/2018\/03\/pytliky.jpg?resize=1024%2C683&amp;ssl=1 1024w, https:\/\/i0.wp.com\/www.reduca.cz\/blog\/wp-content\/uploads\/2018\/03\/pytliky.jpg?resize=300%2C200&amp;ssl=1 300w, https:\/\/i0.wp.com\/www.reduca.cz\/blog\/wp-content\/uploads\/2018\/03\/pytliky.jpg?resize=768%2C512&amp;ssl=1 768w, https:\/\/i0.wp.com\/www.reduca.cz\/blog\/wp-content\/uploads\/2018\/03\/pytliky.jpg?w=2048&amp;ssl=1 2048w, https:\/\/i0.wp.com\/www.reduca.cz\/blog\/wp-content\/uploads\/2018\/03\/pytliky.jpg?w=1296&amp;ssl=1 1296w, https:\/\/i0.wp.com\/www.reduca.cz\/blog\/wp-content\/uploads\/2018\/03\/pytliky.jpg?w=1944&amp;ssl=1 1944w\" sizes=\"(max-width: 648px) 100vw, 648px\" data-recalc-dims=\"1\" \/><\/p>\n<p>Ml\u00e9\u010dn\u00e9 v\u00fdrobky kupujeme p\u0159ev\u00e1\u017en\u011b jen <strong>m\u00e1slo<\/strong>,\u00a0<strong>ml\u00e9ko a&nbsp;jogurt<\/strong>, pro kter\u00e9 chod\u00edm do zdrav\u00e9 v\u00fd\u017eivy, kde je m\u00e1slo <strong>na v\u00e1hu<\/strong> a&nbsp;zbytek\u00a0<strong>ve vratn\u00fdch obalech<\/strong>. Pl\u00e1nuji ale do budoucna vyzkou\u0161et tak\u00e9 farmu, kter\u00e1 zav\u00e1\u017e\u00ed do Brna (maj\u00ed pr\u00fd toti\u017e v\u00fdborn\u00e9 korba\u010d\u00edky :)). <strong>Maso<\/strong> br\u00e1v\u00e1m beru z&nbsp;farem, kter\u00e9 do Brna zav\u00e1\u017e\u00ed &#8211; hov\u011bz\u00ed napytl\u00ed\u010dkovan\u00e9 z&nbsp;por\u00e1\u017eky a&nbsp;ku\u0159e do sv\u00e9ho hrnce.<\/p>\n<p><strong>Chl\u00e9b<\/strong> si doma pe\u010du, n\u011bkdy ale nakoup\u00edm jin\u00e9 pe\u010divo <strong>do vlastn\u00edho pytl\u00ed\u010dku<\/strong>. Stejn\u00e1 zdrav\u00e1 v\u00fd\u017eiva, kde kupuji ml\u00e9\u010dn\u00e9 v\u00fdrobky a&nbsp;sem tam pe\u010divo, pomalu zav\u00e1d\u00ed bezobalov\u00fd prodej, tak\u017ee tam nakupuji i&nbsp;<strong>ovesn\u00e9 vlo\u010dky,<\/strong>\u00a0namlet\u00e9 <strong>kafe<\/strong>\u00a0nebo dobroty, na kter\u00e9 m\u00e1me aktu\u00e1ln\u011b chu\u0165.<\/p>\n<p><strong>S\u00fdr<\/strong> a&nbsp;<strong>\u0161unku<\/strong> pro sv\u00e9 kluky nakupuji v&nbsp;mal\u00fdch potravin\u00e1ch, kde maj\u00ed p\u0159ev\u00e1\u017en\u011b lok\u00e1ln\u00ed \u010desk\u00e9 v\u00fdrobky. <strong>Vaj\u00ed\u010dka<\/strong> odeb\u00edr\u00e1m od souseda bydl\u00edc\u00edho lehce p\u0159es kilometr ode m\u011b, chovaj\u00edc\u00edho slepi\u010dky.<\/p>\n<p>Chyb\u00ed v\u00e1m tam n\u011bco? <strong>Cukrovinky<\/strong> t\u00e9m\u011b\u0159 nekupujeme. Ty sem tam p\u0159inese man\u017eel, kdy\u017e ho hon\u00ed mlsn\u00e1, z&nbsp;oby\u010dejn\u00e9ho supermarketu, nebo se tam stav\u00edm pro <strong>ho\u0159kou \u010dokol\u00e1du<\/strong>. Zbytek dobrot si doma <strong>pe\u010deme sami<\/strong>. Krom\u011b toho, \u017ee \u0161et\u0159\u00edme pen\u00edze a&nbsp;\u010das str\u00e1ven\u00fd v&nbsp;obchod\u011b, zn\u00e1me i&nbsp;p\u0159esn\u00e9 slo\u017een\u00ed toho, co j\u00edme, a&nbsp;nav\u00edc si u\u017e\u00edv\u00e1me <strong>spole\u010dn\u011b str\u00e1ven\u00fd \u010das<\/strong> tvo\u0159en\u00edm. Jednou za \u010das nakoup\u00edme n\u011bjakou tu smetanu na va\u0159en\u00ed nebo si dop\u0159ejeme hermel\u00edn a&nbsp;jin\u00e9 pochoutky v&nbsp;obalech.<\/p>\n<p><img loading=\"lazy\" decoding=\"async\" data-attachment-id=\"1502\" data-permalink=\"https:\/\/www.reduca.cz\/blog\/neni-obchod-jako-obchod\/25011093_498961283820388_4652044988589277184_n\/\" data-orig-file=\"https:\/\/i0.wp.com\/www.reduca.cz\/blog\/wp-content\/uploads\/2018\/03\/25011093_498961283820388_4652044988589277184_n.jpg?fit=750%2C750&amp;ssl=1\" data-orig-size=\"750,750\" data-comments-opened=\"1\" data-image-meta=\"{&quot;aperture&quot;:&quot;0&quot;,&quot;credit&quot;:&quot;&quot;,&quot;camera&quot;:&quot;&quot;,&quot;caption&quot;:&quot;&quot;,&quot;created_timestamp&quot;:&quot;0&quot;,&quot;copyright&quot;:&quot;&quot;,&quot;focal_length&quot;:&quot;0&quot;,&quot;iso&quot;:&quot;0&quot;,&quot;shutter_speed&quot;:&quot;0&quot;,&quot;title&quot;:&quot;&quot;,&quot;orientation&quot;:&quot;0&quot;}\" data-image-title=\"25011093_498961283820388_4652044988589277184_n\" data-image-description=\"\" data-image-caption=\"\" data-medium-file=\"https:\/\/i0.wp.com\/www.reduca.cz\/blog\/wp-content\/uploads\/2018\/03\/25011093_498961283820388_4652044988589277184_n.jpg?fit=300%2C300&amp;ssl=1\" data-large-file=\"https:\/\/i0.wp.com\/www.reduca.cz\/blog\/wp-content\/uploads\/2018\/03\/25011093_498961283820388_4652044988589277184_n.jpg?fit=648%2C648&amp;ssl=1\" class=\"aligncenter size-full wp-image-1502\" src=\"https:\/\/i0.wp.com\/www.reduca.cz\/blog\/wp-content\/uploads\/2018\/03\/25011093_498961283820388_4652044988589277184_n.jpg?resize=648%2C648&#038;ssl=1\" alt=\"\" width=\"648\" height=\"648\" srcset=\"https:\/\/i0.wp.com\/www.reduca.cz\/blog\/wp-content\/uploads\/2018\/03\/25011093_498961283820388_4652044988589277184_n.jpg?w=750&amp;ssl=1 750w, https:\/\/i0.wp.com\/www.reduca.cz\/blog\/wp-content\/uploads\/2018\/03\/25011093_498961283820388_4652044988589277184_n.jpg?resize=150%2C150&amp;ssl=1 150w, https:\/\/i0.wp.com\/www.reduca.cz\/blog\/wp-content\/uploads\/2018\/03\/25011093_498961283820388_4652044988589277184_n.jpg?resize=300%2C300&amp;ssl=1 300w, https:\/\/i0.wp.com\/www.reduca.cz\/blog\/wp-content\/uploads\/2018\/03\/25011093_498961283820388_4652044988589277184_n.jpg?resize=60%2C60&amp;ssl=1 60w, https:\/\/i0.wp.com\/www.reduca.cz\/blog\/wp-content\/uploads\/2018\/03\/25011093_498961283820388_4652044988589277184_n.jpg?resize=45%2C45&amp;ssl=1 45w\" sizes=\"(max-width: 648px) 100vw, 648px\" data-recalc-dims=\"1\" \/><\/p>\n<p>Jednou za \u010das kupuji tak\u00e9 oby\u010dejn\u00fd <strong>\u0159epkov\u00fd<\/strong> nebo <strong>slune\u010dnicov\u00fd olej<\/strong> v&nbsp;supermarketu. Zat\u00edm jsem nedozr\u00e1la do f\u00e1ze, kdy bych byla ochotn\u00e1 d\u00e1t tolik pen\u011bz, kolik stoj\u00ed v&nbsp;bezobalov\u00fdch obchodech &#8211; ten panensk\u00fd slune\u010dnicov\u00fd nech\u00e1v\u00e1m jen na studenou kuchyni.<\/p>\n<h2>Men\u0161\u00ed obch\u016fdky versus samoobsluhy<\/h2>\n<p>Za less waste variantu pova\u017euji nakupov\u00e1n\u00ed v&nbsp;mal\u00fdch obch\u016fdc\u00edch, kter\u00e9 \u010dasto vyu\u017e\u00edvaj\u00ed <strong>lok\u00e1ln\u00edch dodavatel\u016f<\/strong> pro prodej zbo\u017e\u00ed. Zbo\u017e\u00ed tak putuje <strong>krat\u0161\u00ed cestu<\/strong> a&nbsp;nav\u00edc podporujeme lok\u00e1ln\u00ed v\u00fdrobu (a&nbsp;t\u00edm i&nbsp;<strong>sob\u011bsta\u010dnost<\/strong> m\u011bsta nebo kraje).<\/p>\n<p>V men\u0161\u00edch obchodech se nakupuje <strong>men\u0161\u00ed objem zbo\u017e\u00ed<\/strong> a&nbsp;doch\u00e1z\u00ed t\u00edm k&nbsp;<strong>men\u0161\u00edmu pl\u00fdtv\u00e1n\u00ed<\/strong> p\u0159i&nbsp;\u0161patn\u00e9m odbytu. A\u010dkoliv u\u017e vstoupil v&nbsp;platnost <a href=\"http:\/\/www.ceskatelevize.cz\/ct24\/regiony\/2350567-neprodejne-jidlo-ze-supermarketu-putuje-od-ledna-povinne-charitam\" target=\"_blank\" rel=\"noopener\">z\u00e1kon, kter\u00fd na\u0159izuje supermarket\u016fm neprodejn\u00e9 j\u00eddlo darovat charit\u00e1m<\/a>, v&nbsp;praxi jde ale jen\u00a0o potraviny, kter\u00e9 maj\u00ed pouze po\u0161kozen\u00fd obal a&nbsp;chybn\u011b nebo nedostate\u010dn\u011b ozna\u010den\u00e9 v\u00fdrobky. Vyhazuje se tedy st\u00e1le.<\/p>\n<p>Mal\u00e9 obchody oproti supermarket\u016fm nav\u00edc nab\u00edz\u00ed vy\u0161\u0161\u00ed <strong>soudr\u017enost se sousedy<\/strong>. Obchody mohou slou\u017eit mimo jin\u00e9 i&nbsp;k&nbsp;<strong>setk\u00e1v\u00e1n\u00ed lid\u00ed <\/strong>a navozuj\u00ed <strong>konverzaci mezi prodava\u010dem a&nbsp;z\u00e1kazn\u00edkem<\/strong>, tak\u017ee n\u00e1kup nen\u00ed jen prost\u00fdm od\u0161krt\u00e1v\u00e1n\u00edm polo\u017eek ze&nbsp;seznamu, ale i&nbsp;<strong>soci\u00e1ln\u00ed ud\u00e1lost<\/strong>.<\/p>\n<p>O n\u00e1kupu v&nbsp;mal\u00fdch obchodech si p\u0159e\u010dt\u011bte p\u011bknou <a href=\"http:\/\/slusnafirma.cz\/blog\/podpora-mistnich-obchodniku-jako-klicovy-krok-k-prechodu-k-prosperujici-spolecnosti\/\" target=\"_blank\" rel=\"noopener\">\u00favahu od Tom\u00e1\u0161e Hajzlera<\/a>.<\/p>\n<h2>Dom\u00e1cnost nen\u00ed jen o&nbsp;j\u00eddle<\/h2>\n<p>N\u00e1kupy do dom\u00e1cnosti samoz\u0159ejm\u011b nejsou jen o&nbsp;j\u00eddle. Supermarket st\u00e1le nav\u0161t\u011bvuji kv\u016fli <strong>toaletn\u00edmu pap\u00edru <\/strong>&#8211; na\u0161la jsem jeden typ, kter\u00fd n\u00e1m vyhovuje, a&nbsp;tak v\u017edycky vezmu t\u0159i ruli\u010dky recyklovan\u00e9ho pap\u00edru v&nbsp;pap\u00edru, kter\u00e9 n\u00e1m vydr\u017e\u00ed cca <strong>t\u0159i t\u00fddny<\/strong>.<\/p>\n<p><strong>Kosmetiku<\/strong> nepou\u017e\u00edv\u00e1m prakticky <strong>\u017e\u00e1dnou<\/strong>, naposledy jsem si koupila akor\u00e1t balz\u00e1m na rty, kdy\u017e mi popraskaly v&nbsp;mrazu, a&nbsp;to od Naturinky, tedy <strong>s vratn\u00fdm obalem<\/strong>. M\u00fddla a&nbsp;\u0161ampon pou\u017e\u00edv\u00e1m v&nbsp;<strong>tuh\u00e9 verzi<\/strong>, kter\u00e9 se kupuj\u00ed jednou za \u010das v&nbsp;n\u011bjak\u00e9m z&nbsp;bezobalov\u00fdch obchod\u016f. Z&nbsp;klasick\u00e9ho sortimentu pou\u017e\u00edv\u00e1m jen <strong>zubn\u00ed pastu<\/strong>, dom\u00e1c\u00ed verze m\u011b p\u0159\u00edli\u0161 nenadchly, a&nbsp;tu jsem naposledy kupovala v&nbsp;akci s&nbsp;asi 10 dal\u0161\u00edmi lidmi na <a href=\"http:\/\/www.econea.cz\/?a_box=y8jt56x7\" target=\"_blank\" rel=\"noopener\">Econee<\/a>, tak\u017ee jsme u\u0161et\u0159ili obalov\u00fd materi\u00e1l. Tam, nebo v&nbsp;na\u0161em dal\u0161\u00edm bezobalov\u00e9m obchod\u011b, kupuji jednou za \u010das i&nbsp;bambusov\u00e9 (pln\u011b kompostovateln\u00e9)\u00a0<strong>zubn\u00ed kart\u00e1\u010dky<\/strong>.<\/p>\n<p><img loading=\"lazy\" decoding=\"async\" data-attachment-id=\"815\" data-permalink=\"https:\/\/www.reduca.cz\/blog\/den-osmdesaty-prvni-hygiena-na-cesty\/19441957_729654463907880_5799031393177183809_o\/\" data-orig-file=\"https:\/\/i0.wp.com\/www.reduca.cz\/blog\/wp-content\/uploads\/2017\/10\/19441957_729654463907880_5799031393177183809_o.jpg?fit=2048%2C1365&amp;ssl=1\" data-orig-size=\"2048,1365\" data-comments-opened=\"1\" data-image-meta=\"{&quot;aperture&quot;:&quot;0&quot;,&quot;credit&quot;:&quot;&quot;,&quot;camera&quot;:&quot;&quot;,&quot;caption&quot;:&quot;&quot;,&quot;created_timestamp&quot;:&quot;0&quot;,&quot;copyright&quot;:&quot;&quot;,&quot;focal_length&quot;:&quot;0&quot;,&quot;iso&quot;:&quot;0&quot;,&quot;shutter_speed&quot;:&quot;0&quot;,&quot;title&quot;:&quot;&quot;,&quot;orientation&quot;:&quot;0&quot;}\" data-image-title=\"19441957_729654463907880_5799031393177183809_o\" data-image-description=\"\" data-image-caption=\"\" data-medium-file=\"https:\/\/i0.wp.com\/www.reduca.cz\/blog\/wp-content\/uploads\/2017\/10\/19441957_729654463907880_5799031393177183809_o.jpg?fit=300%2C200&amp;ssl=1\" data-large-file=\"https:\/\/i0.wp.com\/www.reduca.cz\/blog\/wp-content\/uploads\/2017\/10\/19441957_729654463907880_5799031393177183809_o.jpg?fit=648%2C432&amp;ssl=1\" class=\"aligncenter size-large wp-image-815\" src=\"https:\/\/i0.wp.com\/www.reduca.cz\/blog\/wp-content\/uploads\/2017\/10\/19441957_729654463907880_5799031393177183809_o.jpg?resize=648%2C432&#038;ssl=1\" alt=\"\" width=\"648\" height=\"432\" srcset=\"https:\/\/i0.wp.com\/www.reduca.cz\/blog\/wp-content\/uploads\/2017\/10\/19441957_729654463907880_5799031393177183809_o.jpg?resize=1024%2C683&amp;ssl=1 1024w, https:\/\/i0.wp.com\/www.reduca.cz\/blog\/wp-content\/uploads\/2017\/10\/19441957_729654463907880_5799031393177183809_o.jpg?resize=300%2C200&amp;ssl=1 300w, https:\/\/i0.wp.com\/www.reduca.cz\/blog\/wp-content\/uploads\/2017\/10\/19441957_729654463907880_5799031393177183809_o.jpg?resize=768%2C512&amp;ssl=1 768w, https:\/\/i0.wp.com\/www.reduca.cz\/blog\/wp-content\/uploads\/2017\/10\/19441957_729654463907880_5799031393177183809_o.jpg?w=2048&amp;ssl=1 2048w, https:\/\/i0.wp.com\/www.reduca.cz\/blog\/wp-content\/uploads\/2017\/10\/19441957_729654463907880_5799031393177183809_o.jpg?w=1296&amp;ssl=1 1296w, https:\/\/i0.wp.com\/www.reduca.cz\/blog\/wp-content\/uploads\/2017\/10\/19441957_729654463907880_5799031393177183809_o.jpg?w=1944&amp;ssl=1 1944w\" sizes=\"(max-width: 648px) 100vw, 648px\" data-recalc-dims=\"1\" \/><\/p>\n<p><strong>Holen\u00ed<\/strong> \u0159e\u0161\u00edm epil\u00e1torem a&nbsp;star\u00fdm hol\u00edc\u00edm strojkem po&nbsp;d\u011bde\u010dkovi, do kter\u00e9ho se dokupuj\u00ed jen oby\u010dejn\u00e9 kovov\u00e9 \u017eiletky.<\/p>\n<p>Jak a&nbsp;\u010d\u00edm <strong>peru<\/strong>, u\u017e jsem <a href=\"https:\/\/www.reduca.cz\/blog\/ekologicke-prani-s-minimem-odpadu\/\">psala<\/a>. Pro suroviny na v\u00fdrobu prac\u00edho pr\u00e1\u0161ku a&nbsp;dom\u00e1c\u00edho \u010disti\u010de jezd\u00edm ke&nbsp;kamar\u00e1dce (pro dom\u00e1c\u00ed kokosov\u00e9 m\u00fddlo), do <a href=\"https:\/\/mapa.reduca.cz\/720-fima-brno\">Fimy<\/a> (pro chemik\u00e1lie do vlastn\u00edch obal\u016f) nebo <a href=\"https:\/\/mapa.reduca.cz\/727-aromka\">Aromky Brno<\/a> (st\u00e1\u010den\u00fd ocet). Op\u011bt d\u011bl\u00e1m velk\u00fd n\u00e1kup jednou za \u010das (v\u011bt\u0161inou to vych\u00e1z\u00ed na 1x za 3 m\u011bs\u00edce) a&nbsp;i&nbsp;pro p\u00e1r soused\u016f v&nbsp;okol\u00ed, abychom <strong>u\u0161et\u0159ili<\/strong> <strong>cestu<\/strong>.<\/p>\n<p>Co opravdu <strong>bere \u010das<\/strong> v\u00edc, je n\u00e1kup ostatn\u00edho zbo\u017e\u00ed, jako je oble\u010den\u00ed nebo v\u011bci do dom\u00e1cnosti. Sna\u017e\u00edm se te\u010f maximum v\u011bc\u00ed kupovat <strong>z druh\u00e9 ruky<\/strong>, tak\u017ee pokud m\u00e1me n\u011bjakou konkr\u00e9tn\u00ed p\u0159edstavu o&nbsp;tom, jak m\u00e1 dan\u00e1 v\u011bc vypadat, <strong>mus\u00edme po\u010dkat<\/strong>, ne\u017e se n\u011bkde objev\u00ed. <strong>Oble\u010den\u00ed<\/strong> je v\u011bt\u0161inou brnka\u010dka, spoustu \u017een m\u00e1 zm\u00e1kl\u00e9 second handy a&nbsp;u&nbsp;n\u00e1s te\u010f fr\u010d\u00ed nejr\u016fzn\u011bj\u0161\u00ed swapy oble\u010den\u00ed. Usp\u011bli jsme tak\u00e9 s&nbsp;d\u00e1rkem pro syna na V\u00e1noce a&nbsp;lego sehnali po&nbsp;jin\u00e9m d\u00edt\u011bti. Ale t\u0159eba s\u00e1\u0148ky byly te\u010f tak \u017e\u00e1dan\u00e9, \u017ee ne\u017e jsem odpov\u011bd\u011bla na inzer\u00e1t (a&nbsp;\u017ee jich bylo), u\u017e byly pry\u010d, tak\u017ee jsme nakonec po\u0159\u00eddili nov\u00e9 s&nbsp;vidinou toho, \u017ee budou <strong>na cel\u00fd \u017eivot<\/strong>.<\/p>\n<h2>Nen\u00ed to dra\u017e\u0161\u00ed?<\/h2>\n<p>Nen\u00ed. Za\u010dn\u011bme od konce.<\/p>\n<p>Cokoliv <strong>z druh\u00e9 ruky<\/strong> bude v\u017edy levn\u011bj\u0161\u00ed ne\u017e nov\u00e9. Tak\u017ee nejen, \u017ee skute\u010dn\u011b p\u0159em\u00fd\u0161l\u00edme, zda danou v\u011bc pot\u0159ebujeme, ale tak\u00e9 \u0161et\u0159\u00edme u\u017e jen ze&nbsp;samotn\u00e9 formy n\u00e1kupu.<\/p>\n<p>\u00daklid pomoc\u00ed <strong>univerz\u00e1ln\u00edch prost\u0159edk\u016f<\/strong> jako je ocet a&nbsp;soda, kter\u00e9 se vyu\u017eij\u00ed nejen na tuto oblast, ale tak\u00e9 na pran\u00ed \u010di&nbsp;na va\u0159en\u00ed, p\u0159in\u00e1\u0161\u00ed velkou finan\u010dn\u00ed \u00falevu oproti klasick\u00fdm n\u011bkolika r\u016fzn\u00fdm druh\u016fm chemick\u00fdch \u010disti\u010d\u016f. Pran\u00ed pomoc\u00ed <a href=\"https:\/\/www.reduca.cz\/blog\/ekologicke-prani-s-minimem-odpadu\/\">dom\u00e1c\u00edho prac\u00edho pr\u00e1\u0161ku<\/a> (\u010di&nbsp;prac\u00edho slizu) je tak\u00e9 o&nbsp;dost levn\u011bj\u0161\u00ed.<\/p>\n<p>J\u00eddlo kupujeme sice <strong>vy\u0161\u0161\u00ed kvality<\/strong>, tedy i&nbsp;vy\u0161\u0161\u00ed ceny, z\u00e1rove\u0148 ale kupujeme pouze <strong>pot\u0159ebn\u00e9 mno\u017estv\u00ed<\/strong> (nevyhazujeme tedy) a&nbsp;bez zbyte\u010dn\u00fdch polotovar\u016f a&nbsp;v\u00fdrobk\u016f, u&nbsp;kter\u00fdch jsou zapo\u010d\u00edt\u00e1ny v&nbsp;cen\u011b tak\u00e9 v\u00fdrobn\u00ed n\u00e1klady. M\u00e9n\u011b mls\u00e1me drah\u00e9 nezdrav\u00e9 potraviny a&nbsp;v\u00edce si dop\u0159\u00e1v\u00e1me zdrav\u00fdch dobrot. Tady tedy tak\u00e9 u\u0161et\u0159\u00edme.<\/p>\n<p>A \u017eivot bez odpadu by m\u011bl b\u00fdt i&nbsp;o&nbsp;jin\u00fdch \u00faspor\u00e1ch. Za <strong>auto<\/strong> (\u00fadr\u017eba, benz\u00edn). Za <strong>energie<\/strong> (omezen\u00ed topen\u00ed, sv\u00edcen\u00ed). Za <strong>vodu<\/strong>. Ve\u0161ker\u00e9 zdroje stoj\u00ed tak\u00e9 pen\u00edze, kter\u00e9 zodpov\u011bdn\u011bj\u0161\u00ed \u017eivot minimalizuje.<\/p>\n<h2>N\u011bco to p\u0159ece jen stoj\u00ed&#8230;<\/h2>\n<p>\u010cas tedy \u0161et\u0159\u00edme, pen\u00edze taky. P\u0159ece jen maj\u00ed n\u00e1kupy mimo supermarket jistou cenu nav\u00edc. Stoj\u00ed toti\u017e <strong>vy\u0161\u0161\u00ed \u00fasil\u00ed<\/strong>. Abyste nakoupili v\u0161e pot\u0159ebn\u00e9, mus\u00edte nav\u0161t\u00edvit v\u00edce obchod\u016f, ne\u017eli jen jeden, a&nbsp;to vy\u017eaduje nejprve hled\u00e1n\u00ed, kter\u00e9 obchody spl\u0148uj\u00ed va\u0161e krit\u00e9ria, ale tak\u00e9 p\u00e1r krok\u016f nav\u00edc. Ob\u010das je t\u0159eba p\u0159idat trochu\u00a0<strong>pl\u00e1nov\u00e1n\u00ed<\/strong> do va\u0161\u00ed cesty za n\u00e1kupy.<\/p>\n<p>Odm\u011bn je v\u0161ak v\u00edce ne\u017e dost. Krom\u011b zm\u00edn\u011bn\u00e9ho p\u0159\u00edjemn\u00e9ho pozdravu a&nbsp;konverzace s&nbsp;obl\u00edben\u00fdmi obchodn\u00edky \u010di&nbsp;sousedy, u\u0161et\u0159en\u00fdch pen\u011bz a&nbsp;obal\u016f, tak\u00e9 lep\u0161\u00ed pocit, \u017ee d\u011bl\u00e1te n\u011bco v\u00edc pro kvalitu \u017eivota tady na Zemi (a&nbsp;\u017ee to nen\u00ed jen pocit, ale skute\u010dn\u00fd \u010din).<\/p>\n","protected":false},"excerpt":{"rendered":"<p>Kdy\u017e se n\u011bkde zm\u00edn\u00edm, \u017ee nakupuji p\u0159ev\u00e1\u017en\u011b bez obal\u016f, \u010dasto padaj\u00ed dotazy, kde na to beru \u010das. Lid\u00e9 maj\u00ed pocit, \u017ee bezodpadov\u00fd \u017eivot vy\u017eaduje spoustu voln\u00e9ho \u010dasu, a&nbsp;je tak vhodn\u00fd maxim\u00e1ln\u011b pro studenty nebo maminky na mate\u0159sk\u00e9 dovolen\u00e9. Bezobalov\u00e9 nakupov\u00e1n\u00ed ov\u0161em nezabere v\u00edce \u010dasu ne\u017e n\u00e1v\u0161t\u011bva velk\u00e9ho supermarketu.<\/p>\n","protected":false},"author":1,"featured_media":1503,"comment_status":"open","ping_status":"closed","sticky":false,"template":"","format":"standard","meta":{"_monsterinsights_skip_tracking":false,"_monsterinsights_sitenote_active":false,"_monsterinsights_sitenote_note":"","_monsterinsights_sitenote_category":0,"jetpack_post_was_ever_published":false,"footnotes":"","_links_to":"","_links_to_target":""},"categories":[127,5],"tags":[41,42,22,34,2],"jetpack_featured_media_url":"https:\/\/i0.wp.com\/www.reduca.cz\/blog\/wp-content\/uploads\/2018\/03\/00_groceryshopping_This-is-the-Absolute-Worst-Day-to-Shop-for-Your-Thanksgiving-Groceries_299082896_wavebreakmedia-1024x683.jpg?fit=1024%2C683&ssl=1","jetpack_sharing_enabled":true,"jetpack_shortlink":"https:\/\/wp.me\/p9d4BP-ma","jetpack_likes_enabled":false,"jetpack-related-posts":[{"id":2557,"url":"https:\/\/www.reduca.cz\/blog\/uskali-zero-waste-zivota\/","url_meta":{"origin":1374,"position":0},"title":"\u00daskal\u00ed zero waste \u017eivota","date":"2. 11. 2019","format":false,"excerpt":"M\u016f\u017eu v\u00e1m vypr\u00e1v\u011bt, jak je \u017eivot v bezodpadov\u00e9 dom\u00e1cnosti skv\u011bl\u00fd a nem\u00e1 jedinou chybi\u010dku. Ale to by nebyla tak \u00fapln\u011b pravda. I j\u00e1 nar\u00e1\u017e\u00edm na pot\u00ed\u017ee spojen\u00e9 s dom\u00e1cnost\u00ed s minimem odpadu. A jak\u00e9 to jsou? Nedostatek sklenic Bezodpadovou dom\u00e1cnost vedu u\u017e t\u00e9m\u011b\u0159 t\u0159i roky. Sklenice jsou jedin\u00fdm obalem, kter\u00fd\u2026","rel":"","context":"In &quot;Z na\u0161eho domova&quot;","img":{"alt_text":"","src":"https:\/\/i0.wp.com\/www.reduca.cz\/blog\/wp-content\/uploads\/2019\/11\/https___blogs-images-1.jpg?fit=1200%2C814&ssl=1&resize=350%2C200","width":350,"height":200},"classes":[]},{"id":144,"url":"https:\/\/www.reduca.cz\/blog\/kempovani-bez-zbytecneho-odpadu\/","url_meta":{"origin":1374,"position":1},"title":"Kempov\u00e1n\u00ed bez zbyte\u010dn\u00e9ho odpadu","date":"4. 8. 2017","format":false,"excerpt":"Kempov\u00e1n\u00ed se u n\u00e1s zase vrac\u00ed do hry. A\u0165 u\u017e se jedn\u00e1 o dovolenou v kempu pod stanem nebo rad\u011bji v pohodln\u00e9 chatce, je kempov\u00e1n\u00ed v dne\u0161n\u00ed dob\u011b \u010dasto spojeno s jednor\u00e1zov\u00fdmi produkty. Jak se jim jednodu\u0161e vyhnout?","rel":"","context":"In &quot;Rady, tipy, zku\u0161enosti&quot;","img":{"alt_text":"","src":"https:\/\/i0.wp.com\/www.reduca.cz\/blog\/wp-content\/uploads\/2017\/09\/camping.jpg?fit=1200%2C800&ssl=1&resize=350%2C200","width":350,"height":200},"classes":[]},{"id":675,"url":"https:\/\/www.reduca.cz\/blog\/den-padesaty-sesty-nakup-na-trzich\/","url_meta":{"origin":1374,"position":2},"title":"Den pades\u00e1t\u00fd \u0161est\u00fd &#8211; n\u00e1kup na trz\u00edch","date":"24. 2. 2017","format":false,"excerpt":"Jednou za m\u011bs\u00edc se u n\u00e1s konaj\u00ed farm\u00e1\u0159sk\u00e9 trhy. V\u011bt\u0161inou po v\u00edkendech trajd\u00e1me mimo domov, tak\u017ee nem\u00e1me \u0161anci je nav\u0161t\u00edvit. Dnes mi to ale po del\u0161\u00ed dob\u011b vy\u0161lo, a tak jsem se t\u011b\u0161ila, \u017ee dokoup\u00edm lok\u00e1ln\u00ed zeleninu, jeliko\u017e jsem nestihla tento t\u00fdden bed\u00fdnku, a vezmu n\u011bjak\u00e9 poctiv\u00e9 maso nebo s\u00fdr.\u2026","rel":"","context":"In &quot;Den\u00ed\u010dek na\u0161\u00ed dom\u00e1cnosti&quot;","img":{"alt_text":"","src":"https:\/\/i0.wp.com\/www.reduca.cz\/blog\/wp-content\/uploads\/2017\/10\/brambory.jpg?fit=1200%2C800&ssl=1&resize=350%2C200","width":350,"height":200},"classes":[]},{"id":5,"url":"https:\/\/www.reduca.cz\/blog\/prvni-mesic-bez-odpadu\/","url_meta":{"origin":1374,"position":3},"title":"Prvn\u00ed m\u011bs\u00edc bez odpadu","date":"1. 2. 2017","format":false,"excerpt":"M\u00e1m za sebou 31 dn\u00ed, kdy jsem se sna\u017eila redukovat odpad v na\u0161\u00ed dom\u00e1cnosti. A\u010dkoli to na\u00a0prvn\u00ed pohled vypad\u00e1, \u017ee se p\u0159\u00edli\u0161 nezm\u011bnilo, vlastn\u011b se toho zm\u011bnilo docela dost. Za nejv\u011bt\u0161\u00ed \u00fasp\u011bch pova\u017euji to, \u017ee o na\u0161em odpadu za\u010dal man\u017eel u\u017e aspo\u0148 uva\u017eovat. :) N\u00e1kupy V prv\u00e9 \u0159ad\u011b jsem zm\u011bnila\u2026","rel":"","context":"In &quot;Z na\u0161eho domova&quot;","img":{"alt_text":"","src":"https:\/\/i0.wp.com\/www.reduca.cz\/blog\/wp-content\/uploads\/2017\/02\/wallpaper.jpg?fit=1200%2C797&ssl=1&resize=350%2C200","width":350,"height":200},"classes":[]},{"id":2491,"url":"https:\/\/www.reduca.cz\/blog\/zivot-podle-zero-waste-za-tricet-dni-od-anity-vandyke\/","url_meta":{"origin":1374,"position":4},"title":"Recenze: \u017divot podle zero waste za t\u0159icet dn\u00ed od Anity Vandyke","date":"11. 10. 2019","format":false,"excerpt":"\u017divot podle zero waste za t\u0159icet dn\u00ed je prvn\u00ed kn\u00ed\u017eka je australsk\u00e9 raketov\u00e9 v\u011bdkyn\u011b Anity Vandyke p\u016fvodem z \u010c\u00edny. Kniha vy\u0161la v leto\u0161n\u00edm roce v nakladatelstv\u00ed Alpha Book.","rel":"","context":"In &quot;Rady, tipy, zku\u0161enosti&quot;","img":{"alt_text":"","src":"https:\/\/i0.wp.com\/www.reduca.cz\/blog\/wp-content\/uploads\/2019\/10\/IMG_0910.jpg?fit=1200%2C800&ssl=1&resize=350%2C200","width":350,"height":200},"classes":[]},{"id":136,"url":"https:\/\/www.reduca.cz\/blog\/tri-mesice-s-minimem-odpadu\/","url_meta":{"origin":1374,"position":5},"title":"T\u0159i m\u011bs\u00edce s&nbsp;minimem odpadu","date":"4. 4. 2017","format":false,"excerpt":"M\u00e1m za sebou dal\u0161\u00ed mezn\u00edk, kter\u00fdm jsou t\u0159i m\u011bs\u00edce \u017eivota s minimem odpadu. Pod\u00edvejte se, jak n\u00e1\u0161 \u017eivot v tomto obdob\u00ed vypad\u00e1, co jsme si odpustili, na \u010dem pracujeme a co si vz\u00edt nenech\u00e1me.","rel":"","context":"In &quot;Z na\u0161eho domova&quot;","img":{"alt_text":"","src":"https:\/\/i0.wp.com\/www.reduca.cz\/blog\/wp-content\/uploads\/2017\/04\/nakup.jpg?fit=1200%2C850&ssl=1&resize=350%2C200","width":350,"height":200},"classes":[]}],"_links":{"self":[{"href":"https:\/\/www.reduca.cz\/blog\/wp-json\/wp\/v2\/posts\/1374"}],"collection":[{"href":"https:\/\/www.reduca.cz\/blog\/wp-json\/wp\/v2\/posts"}],"about":[{"href":"https:\/\/www.reduca.cz\/blog\/wp-json\/wp\/v2\/types\/post"}],"author":[{"embeddable":true,"href":"https:\/\/www.reduca.cz\/blog\/wp-json\/wp\/v2\/users\/1"}],"replies":[{"embeddable":true,"href":"https:\/\/www.reduca.cz\/blog\/wp-json\/wp\/v2\/comments?post=1374"}],"version-history":[{"count":3,"href":"https:\/\/www.reduca.cz\/blog\/wp-json\/wp\/v2\/posts\/1374\/revisions"}],"predecessor-version":[{"id":1504,"href":"https:\/\/www.reduca.cz\/blog\/wp-json\/wp\/v2\/posts\/1374\/revisions\/1504"}],"wp:featuredmedia":[{"embeddable":true,"href":"https:\/\/www.reduca.cz\/blog\/wp-json\/wp\/v2\/media\/1503"}],"wp:attachment":[{"href":"https:\/\/www.reduca.cz\/blog\/wp-json\/wp\/v2\/media?parent=1374"}],"wp:term":[{"taxonomy":"category","embeddable":true,"href":"https:\/\/www.reduca.cz\/blog\/wp-json\/wp\/v2\/categories?post=1374"},{"taxonomy":"post_tag","embeddable":true,"href":"https:\/\/www.reduca.cz\/blog\/wp-json\/wp\/v2\/tags?post=1374"}],"curies":[{"name":"wp","href":"https:\/\/api.w.org\/{rel}","templated":true}]}}