{"id":1257,"date":"2017-12-31T08:37:14","date_gmt":"2017-12-31T07:37:14","guid":{"rendered":"https:\/\/www.reduca.cz\/blog\/?p=1257"},"modified":"2017-12-31T10:49:59","modified_gmt":"2017-12-31T09:49:59","slug":"redukujeme-odpad-uz-cely-rok","status":"publish","type":"post","link":"https:\/\/www.reduca.cz\/blog\/redukujeme-odpad-uz-cely-rok\/","title":{"rendered":"Redukujeme odpad u\u017e cel\u00fd rok"},"content":{"rendered":"<p>Pr\u00e1v\u011b je tomu jeden rok, co jsem poprv\u00e9 pro\u010d\u00edtala listy kn\u00ed\u017eky <a href=\"http:\/\/www.econea.cz\/bea-johnson-kniha-domacnost-bez-odpadu\/?a_box=y8jt56x7\">Dom\u00e1cnost bez odpadu<\/a> od Bey Johnson a&nbsp;rozhodla se, \u017ee postupn\u00fdmi kr\u016f\u010dky se pokus\u00edme <strong>zero waste dom\u00e1cnosti<\/strong> p\u0159ibl\u00ed\u017eit i&nbsp;my. Za ten rok se nejen v&nbsp;na\u0161\u00ed dom\u00e1cnosti, ale i&nbsp;ve&nbsp;mn\u011b odehr\u00e1lo spoustu zm\u011bn (ne, te\u010f zrovna nem\u00e1m na mysli nafukuj\u00edc\u00ed se b\u0159icho \ud83d\ude42 ).<\/p>\n<p>Spolu s&nbsp;redukc\u00ed odpadu v&nbsp;na\u0161\u00ed dom\u00e1cnosti jsem se toti\u017e zaj\u00edmala za hranice b\u011b\u017en\u00e9ho spot\u0159ebitelstv\u00ed v&nbsp;mnoha ohledech, <strong>nejen v&nbsp;oblasti obal\u016f<\/strong>, jak se myln\u011b bezodpadov\u00e1 filosofie m\u016f\u017ee na prvn\u00ed pohled zd\u00e1t. Trouf\u00e1m si \u0159\u00edct, \u017ee jsem se posunula v&nbsp;\u017eivot\u011b zase<strong> o&nbsp;krok d\u00e1l<\/strong> a&nbsp;o&nbsp;dal\u0161\u00ed rok v\u00edce jsem dosp\u011bla (nejen pomysln\u00fdm po\u010dtem sv\u00ed\u010dek na pomysln\u00e9m dortu).<\/p>\n<p>Nakoukla jsem do t\u00e9matu nesmysln\u00e9ho <strong>pl\u00fdtv\u00e1n\u00ed j\u00eddlem<\/strong> a&nbsp;utvrdila se v&nbsp;tom, \u017ee n\u00e1kupy do lednic i&nbsp;sp\u00ed\u017e\u00ed by se m\u011bly d\u011blat jen takov\u00e9, jak\u00e9 jsme schopni sn\u00edst. J\u00eddlo &#8220;pro p\u0159\u00edpad&#8221; jsme minimalizovali a&nbsp;s&nbsp;vyp\u011bt\u00edm v\u0161ech sil si p\u00ed\u0161eme n\u00e1kupn\u00ed l\u00edstky. K&nbsp;t\u011bm j\u00eddeln\u00edm se douf\u00e1m co nejd\u0159\u00edve dopracujeme, abychom syst\u00e9m dovedli k&nbsp;dokonalosti.<\/p>\n<p><img loading=\"lazy\" decoding=\"async\" data-attachment-id=\"1301\" data-permalink=\"https:\/\/www.reduca.cz\/blog\/redukujeme-odpad-uz-cely-rok\/fresh-food-in-garbage-can-to-illustrate-waste\/\" data-orig-file=\"https:\/\/i0.wp.com\/www.reduca.cz\/blog\/wp-content\/uploads\/2017\/12\/foodwaste.jpg?fit=2716%2C1810&amp;ssl=1\" data-orig-size=\"2716,1810\" data-comments-opened=\"1\" data-image-meta=\"{&quot;aperture&quot;:&quot;16&quot;,&quot;credit&quot;:&quot;Machine Headz&quot;,&quot;camera&quot;:&quot;NIKON D3X&quot;,&quot;caption&quot;:&quot;&quot;,&quot;created_timestamp&quot;:&quot;1383906573&quot;,&quot;copyright&quot;:&quot;&quot;,&quot;focal_length&quot;:&quot;62&quot;,&quot;iso&quot;:&quot;100&quot;,&quot;shutter_speed&quot;:&quot;0.01&quot;,&quot;title&quot;:&quot;Fresh Food In Garbage Can To Illustrate Waste&quot;,&quot;orientation&quot;:&quot;0&quot;}\" data-image-title=\"Fresh Food In Garbage Can To Illustrate Waste\" data-image-description=\"\" data-image-caption=\"\" data-medium-file=\"https:\/\/i0.wp.com\/www.reduca.cz\/blog\/wp-content\/uploads\/2017\/12\/foodwaste.jpg?fit=300%2C200&amp;ssl=1\" data-large-file=\"https:\/\/i0.wp.com\/www.reduca.cz\/blog\/wp-content\/uploads\/2017\/12\/foodwaste.jpg?fit=648%2C432&amp;ssl=1\" class=\"aligncenter size-large wp-image-1301\" src=\"https:\/\/i0.wp.com\/www.reduca.cz\/blog\/wp-content\/uploads\/2017\/12\/foodwaste.jpg?resize=648%2C432&#038;ssl=1\" alt=\"\" width=\"648\" height=\"432\" srcset=\"https:\/\/i0.wp.com\/www.reduca.cz\/blog\/wp-content\/uploads\/2017\/12\/foodwaste.jpg?resize=1024%2C682&amp;ssl=1 1024w, https:\/\/i0.wp.com\/www.reduca.cz\/blog\/wp-content\/uploads\/2017\/12\/foodwaste.jpg?resize=300%2C200&amp;ssl=1 300w, https:\/\/i0.wp.com\/www.reduca.cz\/blog\/wp-content\/uploads\/2017\/12\/foodwaste.jpg?resize=768%2C512&amp;ssl=1 768w, https:\/\/i0.wp.com\/www.reduca.cz\/blog\/wp-content\/uploads\/2017\/12\/foodwaste.jpg?w=1296&amp;ssl=1 1296w, https:\/\/i0.wp.com\/www.reduca.cz\/blog\/wp-content\/uploads\/2017\/12\/foodwaste.jpg?w=1944&amp;ssl=1 1944w\" sizes=\"(max-width: 648px) 100vw, 648px\" data-recalc-dims=\"1\" \/><\/p>\n<p>V \u017eivot\u011b s&nbsp;minimem odpadu je nevyhnuteln\u00e9 <strong>pl\u00e1nov\u00e1n\u00ed<\/strong>. Pl\u00e1nov\u00e1n\u00ed va\u0159en\u00ed, n\u00e1kup\u016f, dom\u00e1c\u00edch prac\u00ed a&nbsp;v\u00fdroby. To je v&nbsp;dne\u0161n\u00ed usp\u011bchan\u00e9 dob\u011b jeden z&nbsp;t\u011b\u017ek\u00fdch v\u00fdzev, proto\u017ee vy\u017eaduje <strong>zastaven\u00ed<\/strong>. Najednou nejde v\u0161echno hned. A&nbsp;to dost bol\u00ed. Sna\u017e\u00edme se zatnout zuby, bolest p\u0159ekonat a&nbsp;nesp\u011bchat.<\/p>\n<p>Pochopila jsem, \u017ee nez\u00e1le\u017e\u00ed pouze na tom, <strong>v \u010dem<\/strong> nakupujeme, ale tak\u00e9 <strong>odkud<\/strong>. Nejdrasti\u010dt\u011bj\u0161\u00ed zm\u011bna je op\u011bt v&nbsp;oblasti potravin. Kdo je zvykl\u00fd j\u00edst hroznov\u00e9 v\u00edno v&nbsp;zim\u011b, jablka na ja\u0159e a&nbsp;ban\u00e1ny po&nbsp;cel\u00fd rok? Dnes skoro v\u0161ichni. Nau\u010dit se va\u0159it dle sez\u00f3nn\u00edho zbo\u017e\u00ed je \u00fakol, kter\u00fd jsem st\u00e1le do punt\u00edku je\u0161t\u011b nesplnila, ale douf\u00e1m, \u017ee se s&nbsp;n\u00edm co nejd\u0159\u00edve s\u017eiju.<\/p>\n<p>Nov\u00fdm sektorem je pro m\u011b i&nbsp;nakupov\u00e1n\u00ed <strong>z druh\u00e9 ruky<\/strong>. To vy\u017eaduje op\u011bt poctivou p\u0159\u00edpravu a&nbsp;myslet na v\u0161e dop\u0159edu. T\u0159i dny p\u0159ed V\u00e1noci sh\u00e1n\u011bt vysn\u011bn\u00e9 Lego Duplo po&nbsp;n\u011bkom je t\u011b\u017ek\u00fd krok do nezn\u00e1ma s&nbsp;dost nejist\u00fdm v\u00fdsledkem (ale nakonec se v\u00fdsledek dostavil a&nbsp;radost navrch k&nbsp;tomu). Naj\u00edt, co si p\u0159edstavujete, je zas o&nbsp;fous t\u011b\u017e\u0161\u00ed ne\u017e v&nbsp;z\u00e1plav\u011b nov\u00fdch v\u011bc\u00ed v&nbsp;obchodech.<\/p>\n<p>Krom\u011b jin\u00e9ho zp\u016fsobu nakupov\u00e1n\u00ed jsem si musela osvojit i&nbsp;nov\u00e9 znalosti, <strong>jak se<\/strong> <strong>v\u011bci vyr\u00e1b\u00ed <\/strong>a<strong> z&nbsp;\u010deho jsou slo\u017eeny<\/strong>. N\u011bkter\u00fdm recept\u016fm jsem p\u0159i\u0161la na kloub hned, jin\u00e9 budou pot\u0159ebovat nes\u010detn\u00e1 vylep\u0161en\u00ed. Jsem ale hrd\u00e1 na dal\u0161\u00ed <strong>krok k&nbsp;samostatnosti a&nbsp;sob\u011bsta\u010dnosti<\/strong>, podobn\u011b jako kdy\u017e jsem se p\u0159ed dv\u011bma lety nau\u010dila sama p\u00e9ct chleba.<\/p>\n<p>Kdy\u017e tak bilancuji nad lo\u0148sk\u00fdm rokem, p\u0159evaluje se ve&nbsp;mn\u011b mnoho pocit\u016f:<\/p>\n<h3>1. Vd\u011b\u010dnost<\/h3>\n<p>C\u00edt\u00edm vd\u011b\u010dnost za <strong>Zemi<\/strong>, na kter\u00e9 \u017eijeme.\u00a0Kter\u00e1 n\u00e1m nab\u00edz\u00ed nesm\u00edrn\u00e9 mno\u017estv\u00ed potravin a&nbsp;\u017eivin. Kter\u00e1 je dokonal\u00e1 ve&nbsp;sv\u00e9 jedine\u010dnosti a&nbsp;cykli\u010dnosti, kde se to\u010d\u00ed kolob\u011bhy \u017eivota jako na kolovr\u00e1tku a&nbsp;ve\u0161ker\u00e9 akce maj\u00ed sv\u00e9 pot\u0159ebn\u00e9 reakce.<\/p>\n<p>C\u00edt\u00edm vd\u011b\u010dnost za <strong>zemi, ve&nbsp;kter\u00e9 \u017eijeme<\/strong>. Kter\u00e1 n\u00e1m umo\u017e\u0148uje ne\u017e\u00edt v&nbsp;b\u00edd\u011b, ale m\u00edt kde slo\u017eit hlavu a&nbsp;co str\u010dit do pusy. Kter\u00e1 n\u00e1m umo\u017e\u0148uje dostatek pitn\u00e9 vody. Kter\u00e1 n\u00e1m umo\u017e\u0148uje b\u00fdt s&nbsp;d\u011btmi doma minim\u00e1ln\u011b po&nbsp;dobu jejich nejd\u016fle\u017eit\u011bj\u0161\u00edho v\u00fdvoje.<\/p>\n<p>C\u00edt\u00edm vd\u011b\u010dnost za <strong>informace<\/strong>. Za svobodn\u00fd internet, umo\u017e\u0148uj\u00edc\u00ed naj\u00edt v\u0161e, co pot\u0159ebujeme. Za kritick\u00e9 my\u0161len\u00ed, abychom se v&nbsp;tom neust\u00e1le bublaj\u00edc\u00edm informa\u010dn\u00edm toku zorientovali a&nbsp;p\u0159et\u0159\u00eddili zrna od plev. Za mo\u017enost \u0161\u00ed\u0159en\u00ed nejen informac\u00ed, ale i&nbsp;zku\u0161enost\u00ed d\u00e1le, t\u011bm, kte\u0159\u00ed je zat\u00edm nez\u00edskali. Za usnad\u0148ov\u00e1n\u00ed \u017eivota.<\/p>\n<p>C\u00edt\u00edm vd\u011b\u010dnost za <strong>\u017eivot<\/strong>. \u017divot sv\u016fj, kter\u00fd jsem dostala, i&nbsp;ten, kter\u00fd jsem mohla p\u0159iv\u00e9st na sv\u011bt. Proto\u017ee jenom sv\u00fdm vlastn\u00edm spo\u0159\u00e1dan\u00fdm p\u0159\u00edkladem mohu vychovat dal\u0161\u00ed spo\u0159\u00e1dan\u00fd \u017eivot. Uv\u011bdom\u011bl\u00fdm jedn\u00e1n\u00edm vytvo\u0159it zodpov\u011bdn\u00e9 jedince, kter\u00fdm nen\u00ed sv\u011bt okolo n\u00e1s lhostejn\u00fd a&nbsp;o&nbsp;kter\u00fd budou pe\u010dovat se stejnou, ne-li v\u011bt\u0161\u00ed l\u00e1skou, ne\u017e jsme o&nbsp;n\u011bj pe\u010dovali sami.<\/p>\n<p>C\u00edt\u00edm vd\u011b\u010dnost za <strong>na\u0161e p\u0159edky<\/strong>. Kte\u0159\u00ed um\u011bli vyt\u011b\u017eit z&nbsp;ka\u017ed\u00e9ho materi\u00e1lu maximum a&nbsp;vytvo\u0159it tak minimum odpadu. Kte\u0159\u00ed um\u011bli \u017e\u00edt skromn\u011b bez pot\u0159eby nadm\u011brn\u00e9ho konzumu. Kte\u0159\u00ed m\u011bli \u0161ikovn\u00e9 ruce a&nbsp;um\u011bli si vyrobit kde co. Kte\u0159\u00ed m\u011bli obrovskou moudrost, kterou p\u0159ed\u00e1vali z&nbsp;generaci na generaci d\u00e1l a&nbsp;kter\u00e1 se st\u00e1le udr\u017euje.<\/p>\n<p>C\u00edt\u00edm vd\u011b\u010dnost za v\u0161echny, kte\u0159\u00ed sleduj\u00ed mou str\u00e1nku a&nbsp;d\u00e1vaj\u00ed mi moudr\u00e9 rady ve&nbsp;chv\u00edl\u00edch, kdy nev\u00edm, kudy kam. Za v\u0161echny, kte\u0159\u00ed vkl\u00e1daj\u00ed nov\u00e1 m\u00edsta do <a href=\"https:\/\/www.reduca.cz\/bezodpadova-mapa\">mapy<\/a> a&nbsp;pom\u00e1haj\u00ed ji tak udr\u017eovat aktu\u00e1ln\u00ed pro v\u0161echny, kte\u0159\u00ed cestu za bezodpadov\u00fdm \u017eivotem teprve za\u010d\u00ednaj\u00ed. D\u011bkuji v\u0161em necel\u00fdm 1800 fanou\u0161k\u016fm sv\u00e9 <a href=\"https:\/\/www.facebook.com\/redukujemeodpad\/\" target=\"_blank\" rel=\"noopener\">FB str\u00e1nky<\/a>, kte\u0159\u00ed m\u011b utvrzuj\u00ed v&nbsp;tom, \u017ee m\u00e1 pr\u00e1ce m\u00e1 smysl.<\/p>\n<p><img loading=\"lazy\" decoding=\"async\" data-attachment-id=\"1282\" data-permalink=\"https:\/\/www.reduca.cz\/blog\/redukujeme-odpad-uz-cely-rok\/thankful-quotes-and-sayings\/\" data-orig-file=\"https:\/\/i0.wp.com\/www.reduca.cz\/blog\/wp-content\/uploads\/2017\/12\/thankful-quotes-and-sayings.jpg?fit=800%2C450&amp;ssl=1\" data-orig-size=\"800,450\" data-comments-opened=\"1\" data-image-meta=\"{&quot;aperture&quot;:&quot;0&quot;,&quot;credit&quot;:&quot;&quot;,&quot;camera&quot;:&quot;&quot;,&quot;caption&quot;:&quot;&quot;,&quot;created_timestamp&quot;:&quot;0&quot;,&quot;copyright&quot;:&quot;&quot;,&quot;focal_length&quot;:&quot;0&quot;,&quot;iso&quot;:&quot;0&quot;,&quot;shutter_speed&quot;:&quot;0&quot;,&quot;title&quot;:&quot;&quot;,&quot;orientation&quot;:&quot;0&quot;}\" data-image-title=\"thankful-quotes-and-sayings\" data-image-description=\"\" data-image-caption=\"\" data-medium-file=\"https:\/\/i0.wp.com\/www.reduca.cz\/blog\/wp-content\/uploads\/2017\/12\/thankful-quotes-and-sayings.jpg?fit=300%2C169&amp;ssl=1\" data-large-file=\"https:\/\/i0.wp.com\/www.reduca.cz\/blog\/wp-content\/uploads\/2017\/12\/thankful-quotes-and-sayings.jpg?fit=648%2C365&amp;ssl=1\" class=\"aligncenter size-full wp-image-1282\" src=\"https:\/\/i0.wp.com\/www.reduca.cz\/blog\/wp-content\/uploads\/2017\/12\/thankful-quotes-and-sayings.jpg?resize=648%2C365&#038;ssl=1\" alt=\"\" width=\"648\" height=\"365\" srcset=\"https:\/\/i0.wp.com\/www.reduca.cz\/blog\/wp-content\/uploads\/2017\/12\/thankful-quotes-and-sayings.jpg?w=800&amp;ssl=1 800w, https:\/\/i0.wp.com\/www.reduca.cz\/blog\/wp-content\/uploads\/2017\/12\/thankful-quotes-and-sayings.jpg?resize=300%2C169&amp;ssl=1 300w, https:\/\/i0.wp.com\/www.reduca.cz\/blog\/wp-content\/uploads\/2017\/12\/thankful-quotes-and-sayings.jpg?resize=768%2C432&amp;ssl=1 768w\" sizes=\"(max-width: 648px) 100vw, 648px\" data-recalc-dims=\"1\" \/><\/p>\n<h3><\/h3>\n<h3>2. Radost<\/h3>\n<p>M\u00e1m radost z&nbsp;ka\u017ed\u00e9ho <strong>dom\u016f nep\u0159inesen\u00e9ho pytl\u00ed\u010dku<\/strong>, z&nbsp;ka\u017ed\u00e9 <strong>u\u0161et\u0159en\u00e9 l\u00e1hve<\/strong>, z&nbsp;ka\u017ed\u00e9ho <strong>nekoupen\u00e9ho obalu<\/strong>. Polopr\u00e1zdn\u00e9 ko\u0161e m\u011b napl\u0148uj\u00ed radost\u00ed a&nbsp;motivuj\u00ed k&nbsp;touze pokra\u010dovat d\u00e1l.<\/p>\n<p>M\u00e1m radost z&nbsp;ka\u017ed\u00e9 <strong>prodava\u010dky nebo prodava\u010de<\/strong>, kte\u0159\u00ed se zastav\u00ed nad pytl\u00ed\u010dkem \u010di&nbsp;krabi\u010dkou a&nbsp;zap\u0159em\u00fd\u0161l\u00ed nad produkc\u00ed na\u0161eho odpadu.<\/p>\n<p>M\u00e1m radost z&nbsp;mno\u017estv\u00ed <strong>bezobalov\u00fdch obchod\u016f<\/strong>, kter\u00e9 se za tento rok vyrojily. Pevn\u011b v\u011b\u0159\u00edm, \u017ee za p\u00e1r let budou pat\u0159it ke&nbsp;standardn\u00edm typ\u016fm obchod\u016f podobn\u011b jako dnes zdrav\u00e9 v\u00fd\u017eivy.<\/p>\n<p>M\u00e1m radost z&nbsp;<strong>roz\u0161i\u0159uj\u00edc\u00ed se komunity zero waste nad\u0161enc\u016f<\/strong> a&nbsp;\u010d\u00edm d\u00e1l v\u00edce <a href=\"https:\/\/www.facebook.com\/notes\/czech-zero-waste\/zero-waste-blogy-a-dal%C5%A1%C3%AD-projekty-v-%C4%8Desku-a-na-slovensku\/799672390196810\/\" target=\"_blank\" rel=\"noopener\">bloger\u016f<\/a>, kte\u0159\u00ed d\u00e1vaj\u00ed dohromady sv\u00e9 zku\u0161enosti a&nbsp;cenn\u00e9 tipy.<\/p>\n<p>M\u00e1m radost ze&nbsp;<strong>sv\u00fdch p\u0159\u00e1tel<\/strong>, kte\u0159\u00ed na zm\u011bnu v&nbsp;na\u0161em domov\u011b reaguj\u00ed velice positivn\u011b a&nbsp;sami se hl\u00e1s\u00ed, co pro bezodpadov\u00fd \u017eivot ud\u011blali oni. \ud83d\ude42<\/p>\n<p><img loading=\"lazy\" decoding=\"async\" data-attachment-id=\"1284\" data-permalink=\"https:\/\/www.reduca.cz\/blog\/redukujeme-odpad-uz-cely-rok\/joy\/\" data-orig-file=\"https:\/\/i0.wp.com\/www.reduca.cz\/blog\/wp-content\/uploads\/2017\/12\/joy.jpg?fit=2560%2C1440&amp;ssl=1\" data-orig-size=\"2560,1440\" data-comments-opened=\"1\" data-image-meta=\"{&quot;aperture&quot;:&quot;0&quot;,&quot;credit&quot;:&quot;&quot;,&quot;camera&quot;:&quot;&quot;,&quot;caption&quot;:&quot;&quot;,&quot;created_timestamp&quot;:&quot;0&quot;,&quot;copyright&quot;:&quot;&quot;,&quot;focal_length&quot;:&quot;0&quot;,&quot;iso&quot;:&quot;0&quot;,&quot;shutter_speed&quot;:&quot;0&quot;,&quot;title&quot;:&quot;&quot;,&quot;orientation&quot;:&quot;1&quot;}\" data-image-title=\"joy\" data-image-description=\"\" data-image-caption=\"\" data-medium-file=\"https:\/\/i0.wp.com\/www.reduca.cz\/blog\/wp-content\/uploads\/2017\/12\/joy.jpg?fit=300%2C169&amp;ssl=1\" data-large-file=\"https:\/\/i0.wp.com\/www.reduca.cz\/blog\/wp-content\/uploads\/2017\/12\/joy.jpg?fit=648%2C365&amp;ssl=1\" class=\"aligncenter size-large wp-image-1284\" src=\"https:\/\/i0.wp.com\/www.reduca.cz\/blog\/wp-content\/uploads\/2017\/12\/joy.jpg?resize=648%2C365&#038;ssl=1\" alt=\"\" width=\"648\" height=\"365\" srcset=\"https:\/\/i0.wp.com\/www.reduca.cz\/blog\/wp-content\/uploads\/2017\/12\/joy.jpg?resize=1024%2C576&amp;ssl=1 1024w, https:\/\/i0.wp.com\/www.reduca.cz\/blog\/wp-content\/uploads\/2017\/12\/joy.jpg?resize=300%2C169&amp;ssl=1 300w, https:\/\/i0.wp.com\/www.reduca.cz\/blog\/wp-content\/uploads\/2017\/12\/joy.jpg?resize=768%2C432&amp;ssl=1 768w, https:\/\/i0.wp.com\/www.reduca.cz\/blog\/wp-content\/uploads\/2017\/12\/joy.jpg?w=1296&amp;ssl=1 1296w, https:\/\/i0.wp.com\/www.reduca.cz\/blog\/wp-content\/uploads\/2017\/12\/joy.jpg?w=1944&amp;ssl=1 1944w\" sizes=\"(max-width: 648px) 100vw, 648px\" data-recalc-dims=\"1\" \/><\/p>\n<h3><\/h3>\n<h3>3. Moudrost<\/h3>\n<p>Ne, \u017ee bych te\u010f se\u017erala v\u0161echnu moudrost sv\u011bta. Ale jsem r\u00e1da, \u017ee jsem nabyla nov\u00fdch zku\u0161enost\u00ed, dovednost\u00ed a&nbsp;\u017eivotn\u00edch moudrost\u00ed. Za tento rok jsem se toti\u017e nau\u010dila:<\/p>\n<ul>\n<li><a href=\"https:\/\/www.reduca.cz\/blog\/111-odlicovaci-tampony\/\">\u0161\u00edt<\/a><\/li>\n<li>vyr\u00e1b\u011bt <a href=\"https:\/\/www.reduca.cz\/blog\/den-jedenacty-diy-zubni-pasta\/\">zubn\u00ed pastu<\/a><\/li>\n<li>vyr\u00e1b\u011bt <a href=\"https:\/\/www.reduca.cz\/blog\/ekologicke-prani-s-minimem-odpadu\/\">prac\u00ed pr\u00e1\u0161ek<\/a><\/li>\n<li>vyr\u00e1b\u011bt <a href=\"https:\/\/www.reduca.cz\/blog\/118-diy-tablety-do-mycky-2\/\">pr\u00e1\u0161ek do my\u010dky<\/a><\/li>\n<li>vyrobit <a href=\"https:\/\/www.reduca.cz\/blog\/den-osmdesaty-sesty-diy-cukrova-pasta\/\">cukrovou pastu<\/a><\/li>\n<li>vyrobit <a href=\"https:\/\/www.reduca.cz\/blog\/den-sedmdesaty-sedmy-diy-repelent\/\">repelent<\/a><\/li>\n<li>vyrobit <a href=\"https:\/\/www.reduca.cz\/blog\/den-ctyricaty-sedmy-diy-vune-do-zachodu\/\">v\u016fni do z\u00e1chodu<\/a><\/li>\n<li>vyr\u00e1b\u011bt <a href=\"https:\/\/www.reduca.cz\/blog\/diy-domaci-lepidlo\/\">lepidlo<\/a><\/li>\n<li>vyr\u00e1b\u011bt marmel\u00e1du<\/li>\n<li>vyr\u00e1b\u011bt <a href=\"https:\/\/www.reduca.cz\/blog\/den-sedmdesaty-devaty-domaci-sirup\/\">sirup<\/a><\/li>\n<li>vyr\u00e1b\u011bt <a href=\"https:\/\/www.reduca.cz\/blog\/den-devadesaty-paty-domaci-kecup\/\">ke\u010dup<\/a><\/li>\n<li>vyr\u00e1b\u011bt \u010dokol\u00e1du<\/li>\n<li><a href=\"https:\/\/www.reduca.cz\/blog\/121-nakladacky\/\">zava\u0159ovat okurky<\/a><\/li>\n<li>zava\u0159ovat rajsk\u00fd protlak<\/li>\n<li><a href=\"https:\/\/www.reduca.cz\/blog\/117-domaci-kvaseni\/\">kvasit zel\u00ed<\/a><\/li>\n<li><a href=\"https:\/\/www.reduca.cz\/blog\/105-bylinkovy-caj\/\">su\u0161it bylinky<\/a><\/li>\n<li>su\u0161it ovoce<\/li>\n<li><a href=\"https:\/\/www.reduca.cz\/blog\/114-vlastni-drak\/\">vyr\u00e1b\u011bt draka<\/a><\/li>\n<li><a href=\"https:\/\/www.reduca.cz\/blog\/den-devadesaty-devaty-kdyz-se-ucho-utrhne\/\">slepit hrnek<\/a><\/li>\n<li><a href=\"https:\/\/www.reduca.cz\/blog\/den-devadesaty-diy-hackovana-houbicka\/\">uh\u00e1\u010dkovat houbi\u010dku<\/a><\/li>\n<li><a href=\"https:\/\/www.reduca.cz\/blog\/den-sedmdesaty-prvni-velikonoce\/\">barvit vaj\u00ed\u010dka p\u0159\u00edrodn\u011b<\/a><\/li>\n<li>ukl\u00edzet octem a&nbsp;sodou<\/li>\n<\/ul>\n<p>A p\u0159edev\u0161\u00edm:<\/p>\n<ul>\n<li>p\u0159em\u00fd\u0161let, ne\u017e n\u011bco <strong>vyhod\u00edm<\/strong><\/li>\n<li>p\u0159em\u00fd\u0161let, ne\u017e n\u011bco <strong>koup\u00edm<\/strong><\/li>\n<\/ul>\n<p><img loading=\"lazy\" decoding=\"async\" data-attachment-id=\"1286\" data-permalink=\"https:\/\/www.reduca.cz\/blog\/redukujeme-odpad-uz-cely-rok\/wisdom\/\" data-orig-file=\"https:\/\/i0.wp.com\/www.reduca.cz\/blog\/wp-content\/uploads\/2017\/12\/wisdom.jpg?fit=1024%2C579&amp;ssl=1\" data-orig-size=\"1024,579\" data-comments-opened=\"1\" data-image-meta=\"{&quot;aperture&quot;:&quot;0&quot;,&quot;credit&quot;:&quot;&quot;,&quot;camera&quot;:&quot;&quot;,&quot;caption&quot;:&quot;&quot;,&quot;created_timestamp&quot;:&quot;0&quot;,&quot;copyright&quot;:&quot;&quot;,&quot;focal_length&quot;:&quot;0&quot;,&quot;iso&quot;:&quot;0&quot;,&quot;shutter_speed&quot;:&quot;0&quot;,&quot;title&quot;:&quot;&quot;,&quot;orientation&quot;:&quot;0&quot;}\" data-image-title=\"wisdom\" data-image-description=\"\" data-image-caption=\"\" data-medium-file=\"https:\/\/i0.wp.com\/www.reduca.cz\/blog\/wp-content\/uploads\/2017\/12\/wisdom.jpg?fit=300%2C170&amp;ssl=1\" data-large-file=\"https:\/\/i0.wp.com\/www.reduca.cz\/blog\/wp-content\/uploads\/2017\/12\/wisdom.jpg?fit=648%2C366&amp;ssl=1\" class=\"aligncenter size-large wp-image-1286\" src=\"https:\/\/i0.wp.com\/www.reduca.cz\/blog\/wp-content\/uploads\/2017\/12\/wisdom.jpg?resize=648%2C366&#038;ssl=1\" alt=\"\" width=\"648\" height=\"366\" srcset=\"https:\/\/i0.wp.com\/www.reduca.cz\/blog\/wp-content\/uploads\/2017\/12\/wisdom.jpg?w=1024&amp;ssl=1 1024w, https:\/\/i0.wp.com\/www.reduca.cz\/blog\/wp-content\/uploads\/2017\/12\/wisdom.jpg?resize=300%2C170&amp;ssl=1 300w, https:\/\/i0.wp.com\/www.reduca.cz\/blog\/wp-content\/uploads\/2017\/12\/wisdom.jpg?resize=768%2C434&amp;ssl=1 768w\" sizes=\"(max-width: 648px) 100vw, 648px\" data-recalc-dims=\"1\" \/><\/p>\n<h3><\/h3>\n<h3>4.&nbsp;\u00dacta<\/h3>\n<p>C\u00edt\u00edm obrovskou pokoru, kterou jsem d\u0159\u00edve nem\u011bla. Nyn\u00ed toti\u017e vid\u00edm, kolik <strong>\u00fasil\u00ed a&nbsp;pr\u00e1ce<\/strong> stoj\u00ed p\u011bstov\u00e1n\u00ed rostlin, chov zv\u00ed\u0159at, v\u00fdroba oble\u010den\u00ed a&nbsp;dal\u0161\u00edch v\u011bc\u00ed. Uv\u011bdomuji si <strong>skute\u010dnou cenu v\u00fdrobk\u016f<\/strong>.<\/p>\n<p>C\u00edt\u00edm \u00factu k&nbsp;pr\u00e1ci jin\u00fdch lid\u00ed. Mimo jin\u00e9 tak\u00e9 proto, proto\u017ee:<\/p>\n<ul>\n<li>\u0161it\u00ed spot\u0159ebuje hromadu \u010dasu, kter\u00e1 nen\u00ed vid\u011bt d\u00edky levn\u00e9 asijsk\u00e9 pr\u00e1ci<\/li>\n<li>doma vyr\u00e1b\u011bn\u00e9 zubn\u00ed pasty mi nevyhovovaly<\/li>\n<li>naladit prac\u00ed pr\u00e1\u0161ek tak, aby dob\u0159e pral a&nbsp;pr\u00e1dlo ne\u0161edlo, je alchymie hodn\u00e1 mistra<\/li>\n<li>ud\u011blat myc\u00ed tabletu do my\u010dky je kum\u0161t<\/li>\n<li>cukrov\u00e1 pasta nebyla pasta, ale koule tvrd\u00e1 jak \u0161utr, vhodn\u00e1 leda k&nbsp;omra\u010dov\u00e1n\u00ed nep\u0159\u00edtele<\/li>\n<li>\u00fa\u010dinnost repelentu nebyla ov\u011b\u0159ena<\/li>\n<li>v\u016fn\u011b do z\u00e1chodu po&nbsp;p\u00e1r spl\u00e1chnut\u00edch vyvon\u011bla a&nbsp;nerozpou\u0161t\u011bla se<\/li>\n<li>marmel\u00e1du jsem vyrobila tak tekutou, \u017ee je z&nbsp;n\u00ed sp\u00ed\u0161 kysel\u00fd sirup<\/li>\n<li>sirup i&nbsp;rajsk\u00fd protlak mi zkvasil<\/li>\n<li>\u010dokol\u00e1da se mi zdrcla<\/li>\n<li>ke\u010dup ani okurky jsem rad\u011bji je\u0161t\u011b neochutnala<\/li>\n<li>su\u0161en\u00e9 meru\u0148ky mi zplesniv\u011bly a&nbsp;napadly je moli<\/li>\n<li>drak n\u00e1m nel\u00e9tal a&nbsp;po&nbsp;p\u00e1r pokusech se rozpadl<\/li>\n<li>ucho u&nbsp;hrnku mi prasklo a&nbsp;musela jsem jej slepit znovu<\/li>\n<li>uh\u00e1\u010dkovan\u00e1 houbi\u010dka nechutn\u011b smrd\u011bla<\/li>\n<li>vaj\u00ed\u010dka jsem p\u0159eva\u0159ila a&nbsp;\u0159epa je obarvila na nechutnou barvu<\/li>\n<\/ul>\n<p><img loading=\"lazy\" decoding=\"async\" data-attachment-id=\"1288\" data-permalink=\"https:\/\/www.reduca.cz\/blog\/redukujeme-odpad-uz-cely-rok\/respect2\/\" data-orig-file=\"https:\/\/i0.wp.com\/www.reduca.cz\/blog\/wp-content\/uploads\/2017\/12\/respect2.jpg?fit=1920%2C1080&amp;ssl=1\" data-orig-size=\"1920,1080\" data-comments-opened=\"1\" data-image-meta=\"{&quot;aperture&quot;:&quot;0&quot;,&quot;credit&quot;:&quot;&quot;,&quot;camera&quot;:&quot;&quot;,&quot;caption&quot;:&quot;&quot;,&quot;created_timestamp&quot;:&quot;0&quot;,&quot;copyright&quot;:&quot;&quot;,&quot;focal_length&quot;:&quot;0&quot;,&quot;iso&quot;:&quot;0&quot;,&quot;shutter_speed&quot;:&quot;0&quot;,&quot;title&quot;:&quot;&quot;,&quot;orientation&quot;:&quot;1&quot;}\" data-image-title=\"respect2\" data-image-description=\"\" data-image-caption=\"\" data-medium-file=\"https:\/\/i0.wp.com\/www.reduca.cz\/blog\/wp-content\/uploads\/2017\/12\/respect2.jpg?fit=300%2C169&amp;ssl=1\" data-large-file=\"https:\/\/i0.wp.com\/www.reduca.cz\/blog\/wp-content\/uploads\/2017\/12\/respect2.jpg?fit=648%2C365&amp;ssl=1\" class=\"aligncenter size-large wp-image-1288\" src=\"https:\/\/i0.wp.com\/www.reduca.cz\/blog\/wp-content\/uploads\/2017\/12\/respect2.jpg?resize=648%2C365&#038;ssl=1\" alt=\"\" width=\"648\" height=\"365\" srcset=\"https:\/\/i0.wp.com\/www.reduca.cz\/blog\/wp-content\/uploads\/2017\/12\/respect2.jpg?resize=1024%2C576&amp;ssl=1 1024w, https:\/\/i0.wp.com\/www.reduca.cz\/blog\/wp-content\/uploads\/2017\/12\/respect2.jpg?resize=300%2C169&amp;ssl=1 300w, https:\/\/i0.wp.com\/www.reduca.cz\/blog\/wp-content\/uploads\/2017\/12\/respect2.jpg?resize=768%2C432&amp;ssl=1 768w, https:\/\/i0.wp.com\/www.reduca.cz\/blog\/wp-content\/uploads\/2017\/12\/respect2.jpg?w=1920&amp;ssl=1 1920w, https:\/\/i0.wp.com\/www.reduca.cz\/blog\/wp-content\/uploads\/2017\/12\/respect2.jpg?w=1296&amp;ssl=1 1296w\" sizes=\"(max-width: 648px) 100vw, 648px\" data-recalc-dims=\"1\" \/><\/p>\n<h3><\/h3>\n<h3>5. Zodpov\u011bdnost<\/h3>\n<p>C\u00edt\u00edm\u00a0neskute\u010dnou zodpov\u011bdnost v\u016f\u010di <strong>sv\u00fdm d\u011btem<\/strong>. Abych jim p\u0159edala to, co m\u00e1m a&nbsp;nep\u0159edala to, co nem\u00e1m. Aby z&nbsp;nich byli dob\u0159\u00ed lid\u00e9 mysl\u00edc\u00ed nejen na sebe.<\/p>\n<p>C\u00edt\u00edm velkou zodpov\u011bdnost v\u016f\u010di <strong>na\u0161\u00ed p<\/strong><strong>lanet\u011b<\/strong>. Abych po&nbsp;sob\u011b uklidila v\u0161echen ten nepo\u0159\u00e1dek, kter\u00fd jsem za ta l\u00e9ta stihla nad\u011blat, a&nbsp;neud\u011blala dal\u0161\u00ed.<\/p>\n<p>C\u00edt\u00edm zodpov\u011bdnost v\u016f\u010di <strong>zv\u00ed\u0159at\u016fm<\/strong>, kter\u00e1 jsou zbyte\u010dn\u011b zab\u00edjen\u00e1 v&nbsp;\u0161\u00edlen\u00e9m mno\u017estv\u00ed s&nbsp;\u017eivoty hor\u0161\u00edmi ne\u017e v&nbsp;koncentra\u010dn\u00edch t\u00e1borech. Abych nepodporovala tenhle nelidsk\u00fd p\u0159\u00edstup k&nbsp;\u017eiv\u00fdm tvor\u016fm.<\/p>\n<p>C\u00edt\u00edm zodpov\u011bdnost v\u016f\u010di <strong>p\u016fd\u011b<\/strong>. Abych ji nezan\u00e1\u0161ela chemik\u00e1liemi, kter\u00e9 se nemaj\u00ed \u0161anci bezpe\u010dn\u011b rozlo\u017eit.<\/p>\n<p>C\u00edt\u00edm zodpov\u011bdnost v\u016f\u010di <strong>vod\u011b<\/strong>. Abych j\u00ed nepl\u00fdtvala a&nbsp;nezne\u010di\u0161\u0165ovala ji.<\/p>\n<p><img loading=\"lazy\" decoding=\"async\" data-attachment-id=\"1289\" data-permalink=\"https:\/\/www.reduca.cz\/blog\/redukujeme-odpad-uz-cely-rok\/responsibility\/\" data-orig-file=\"https:\/\/i0.wp.com\/www.reduca.cz\/blog\/wp-content\/uploads\/2017\/12\/responsibility.jpg?fit=1230%2C595&amp;ssl=1\" data-orig-size=\"1230,595\" data-comments-opened=\"1\" data-image-meta=\"{&quot;aperture&quot;:&quot;0&quot;,&quot;credit&quot;:&quot;&quot;,&quot;camera&quot;:&quot;&quot;,&quot;caption&quot;:&quot;&quot;,&quot;created_timestamp&quot;:&quot;0&quot;,&quot;copyright&quot;:&quot;&quot;,&quot;focal_length&quot;:&quot;0&quot;,&quot;iso&quot;:&quot;0&quot;,&quot;shutter_speed&quot;:&quot;0&quot;,&quot;title&quot;:&quot;&quot;,&quot;orientation&quot;:&quot;1&quot;}\" data-image-title=\"responsibility\" data-image-description=\"\" data-image-caption=\"\" data-medium-file=\"https:\/\/i0.wp.com\/www.reduca.cz\/blog\/wp-content\/uploads\/2017\/12\/responsibility.jpg?fit=300%2C145&amp;ssl=1\" data-large-file=\"https:\/\/i0.wp.com\/www.reduca.cz\/blog\/wp-content\/uploads\/2017\/12\/responsibility.jpg?fit=648%2C313&amp;ssl=1\" class=\"aligncenter size-large wp-image-1289\" src=\"https:\/\/i0.wp.com\/www.reduca.cz\/blog\/wp-content\/uploads\/2017\/12\/responsibility.jpg?resize=648%2C313&#038;ssl=1\" alt=\"\" width=\"648\" height=\"313\" srcset=\"https:\/\/i0.wp.com\/www.reduca.cz\/blog\/wp-content\/uploads\/2017\/12\/responsibility.jpg?resize=1024%2C495&amp;ssl=1 1024w, https:\/\/i0.wp.com\/www.reduca.cz\/blog\/wp-content\/uploads\/2017\/12\/responsibility.jpg?resize=300%2C145&amp;ssl=1 300w, https:\/\/i0.wp.com\/www.reduca.cz\/blog\/wp-content\/uploads\/2017\/12\/responsibility.jpg?resize=768%2C372&amp;ssl=1 768w, https:\/\/i0.wp.com\/www.reduca.cz\/blog\/wp-content\/uploads\/2017\/12\/responsibility.jpg?w=1230&amp;ssl=1 1230w\" sizes=\"(max-width: 648px) 100vw, 648px\" data-recalc-dims=\"1\" \/><\/p>\n<h3><\/h3>\n<h3>6. Nad\u011bje<\/h3>\n<p>C\u00edt\u00edm nad\u011bji, \u017ee n\u00e1\u0161 <strong>boj s&nbsp;odpady<\/strong> nen\u00ed marn\u00fd. Kdy\u017e vid\u00edm, kolik lid\u00ed se denn\u011b p\u0159ipojuje k&nbsp;my\u0161lenk\u00e1m bezodpadov\u00e9ho \u017eivota, kdy\u017e vid\u00edm, kolik je na sv\u011bt\u011b aktivist\u016f, kte\u0159\u00ed jen hole nepl\u00e1caj\u00ed, ale skute\u010dn\u011b makaj\u00ed, kdy\u017e vid\u00edm, jak snadno se d\u00e1 \u017eivot s&nbsp;minimem odpadk\u016f \u017e\u00edt, c\u00edt\u00edm obrovskou nad\u011bji, \u017ee nen\u00ed je\u0161t\u011b v\u0161e ztraceno. \u017de je\u0161t\u011b st\u00e1le m\u00e1me co p\u0159ed\u00e1vat d\u00e1l.<\/p>\n<p>C\u00edt\u00edm nad\u011bji, \u017ee <strong>ub\u00fdv\u00e1 lhostejnost<\/strong>. Vid\u00edm kolem sebe mnoho uv\u011bdom\u011bl\u00fdch lid\u00ed vychov\u00e1vaj\u00edc\u00ed sv\u00e9 d\u011bti k&nbsp;\u00fact\u011b k&nbsp;hodnot\u00e1m. Kte\u0159\u00ed nekoup\u00ed d\u00edt\u011bti ka\u017edou hloupost jen pro to, \u017ee m\u016f\u017eou. Kte\u0159\u00ed p\u0159em\u00fd\u0161lej\u00ed nad t\u00edm, co jejich d\u011bti maj\u00ed, co jejich d\u011bti nos\u00ed a&nbsp;co jejich d\u011bti j\u00ed. Kte\u0159\u00ed vychov\u00e1vaj\u00ed sv\u00e9 d\u011bti ke&nbsp;skromnosti.<\/p>\n<p>C\u00edt\u00edm nad\u011bji, \u017ee <strong>p\u0159\u00edroda je mocn\u00e1<\/strong>. Je tady dost dlouho na to, aby se nenechala zni\u010dit lidsk\u00fdm pokolen\u00edm, kter\u00e9 je na Zemi jen nepatrn\u00fd zlomek \u010dasu. St\u00e1le n\u00e1m ukazuje prost\u0159ednictv\u00edm nejr\u016fzn\u011bj\u0161\u00edch p\u0159\u00edrodn\u00edch jev\u016f (povodn\u00ed, torn\u00e1d, po\u017e\u00e1r\u016f), \u017ee jsme na ni i&nbsp;my, r\u00e1doby p\u00e1ni tvorstva, kr\u00e1tc\u00ed.<\/p>\n<p><img loading=\"lazy\" decoding=\"async\" data-attachment-id=\"1290\" data-permalink=\"https:\/\/www.reduca.cz\/blog\/redukujeme-odpad-uz-cely-rok\/hope\/\" data-orig-file=\"https:\/\/i0.wp.com\/www.reduca.cz\/blog\/wp-content\/uploads\/2017\/12\/hope.png?fit=1038%2C576&amp;ssl=1\" data-orig-size=\"1038,576\" data-comments-opened=\"1\" data-image-meta=\"{&quot;aperture&quot;:&quot;0&quot;,&quot;credit&quot;:&quot;&quot;,&quot;camera&quot;:&quot;&quot;,&quot;caption&quot;:&quot;&quot;,&quot;created_timestamp&quot;:&quot;0&quot;,&quot;copyright&quot;:&quot;&quot;,&quot;focal_length&quot;:&quot;0&quot;,&quot;iso&quot;:&quot;0&quot;,&quot;shutter_speed&quot;:&quot;0&quot;,&quot;title&quot;:&quot;&quot;,&quot;orientation&quot;:&quot;0&quot;}\" data-image-title=\"hope\" data-image-description=\"\" data-image-caption=\"\" data-medium-file=\"https:\/\/i0.wp.com\/www.reduca.cz\/blog\/wp-content\/uploads\/2017\/12\/hope.png?fit=300%2C166&amp;ssl=1\" data-large-file=\"https:\/\/i0.wp.com\/www.reduca.cz\/blog\/wp-content\/uploads\/2017\/12\/hope.png?fit=648%2C359&amp;ssl=1\" class=\"aligncenter size-large wp-image-1290\" src=\"https:\/\/i0.wp.com\/www.reduca.cz\/blog\/wp-content\/uploads\/2017\/12\/hope.png?resize=648%2C359&#038;ssl=1\" alt=\"\" width=\"648\" height=\"359\" srcset=\"https:\/\/i0.wp.com\/www.reduca.cz\/blog\/wp-content\/uploads\/2017\/12\/hope.png?resize=1024%2C568&amp;ssl=1 1024w, https:\/\/i0.wp.com\/www.reduca.cz\/blog\/wp-content\/uploads\/2017\/12\/hope.png?resize=300%2C166&amp;ssl=1 300w, https:\/\/i0.wp.com\/www.reduca.cz\/blog\/wp-content\/uploads\/2017\/12\/hope.png?resize=768%2C426&amp;ssl=1 768w, https:\/\/i0.wp.com\/www.reduca.cz\/blog\/wp-content\/uploads\/2017\/12\/hope.png?w=1038&amp;ssl=1 1038w\" sizes=\"(max-width: 648px) 100vw, 648px\" data-recalc-dims=\"1\" \/><\/p>\n<h2><\/h2>\n<h2>Za\u010d\u00edt u&nbsp;sebe<\/h2>\n<p>\u010casto se setk\u00e1v\u00e1m s&nbsp;n\u00e1zory, \u017ee p\u00e1r u\u0161et\u0159en\u00fdch igelitek sv\u011bt nespas\u00ed. Pravd\u011bpodobn\u011b ne. <strong>Zodpov\u011bdn\u011bj\u0161\u00ed spot\u0159ebou<\/strong> ale neu\u0161et\u0159\u00edme jen p\u00e1r igelitek, u\u0161et\u0159\u00edme mnohem v\u00edce. Zachov\u00e1me toti\u017e z\u00e1klad pro hodnotu v\u011bc\u00ed, budeme si znovu v\u00e1\u017eit v\u0161eho, co m\u00e1me a&nbsp;pe\u010dliv\u011b se starat o&nbsp;to, aby n\u00e1m to co nejd\u00e9le vydr\u017eelo. T\u00edm krom\u011b lehce vy\u010derpateln\u00fdch i&nbsp;obnoviteln\u00fdch\u00a0<strong>zdroj\u016f<\/strong> u\u0161et\u0159\u00edme i&nbsp;<strong>pen\u00edze<\/strong>, za kter\u00fdmi se dnes v\u0161ichni hon\u00ed na \u00fakor sv\u00e9ho \u010dasu &#8211; a&nbsp;kdy\u017e u\u0161et\u0159\u00edme pen\u00edze, u\u0161et\u0159\u00edme i&nbsp;ten n\u00e1\u0161 drahocenn\u00fd <strong>\u010das<\/strong>. A&nbsp;\u00faspora \u010dasu vede k&nbsp;\u00faspo\u0159e toho nejcenn\u011bj\u0161\u00edho &#8211; <strong>spole\u010dn\u00fdch chvil<\/strong> s&nbsp;na\u0161imi nejbli\u017e\u0161\u00edmi.<\/p>\n<p>Pokrok n\u00e1s \u017eene st\u00e1le kup\u0159edu a&nbsp;je fajn jej v&nbsp;rozumn\u00e9 m\u00ed\u0159e vyu\u017e\u00edvat. Nicm\u00e9n\u011b je t\u0159eba nehnat se bezhlav\u011b do slep\u00fdch uli\u010dek a&nbsp;rad\u011bji se n\u011bkdy <strong>vr\u00e1tit o&nbsp;krok zp\u00e1tky<\/strong>, abychom do\u0161li rozumn\u00e9ho c\u00edle d\u0159\u00edv, ne\u017e si sami ubl\u00ed\u017e\u00edme. Kdy\u017e se pooto\u010d\u00edme za sv\u00e1 z\u00e1da a&nbsp;vzpomeneme si, jak \u017eily na\u0161e babi\u010dky, zjist\u00edme, \u017ee nen\u00ed pot\u0159eba se u\u010dit nic nov\u00e9ho. Sta\u010d\u00ed si <strong>rozpomenout<\/strong> na tu starou \u017eivotn\u00ed moudrost, kter\u00e1 kolem n\u00e1s v\u017edy b\u00fdvala.<\/p>\n<p>Nebudu nad\u00e1vat na to, co se za minul\u00fd rok nepovedlo.<\/p>\n<p>Nebudu se zlobit na ty, kte\u0159\u00ed nemysl\u00ed na budoucnost.<\/p>\n<p>Nebudu k\u00e1zat t\u011bm, kte\u0159\u00ed ani nerecykluj\u00ed, nato\u017e aby odpadu p\u0159edch\u00e1zeli.<\/p>\n<p>Nebudu pou\u010dovat ty, kte\u0159\u00ed podporuj\u00ed velkochovy a&nbsp;konzumuj\u00ed maso ve&nbsp;velk\u00e9m.<\/p>\n<p><strong>Za\u010d\u00edn\u00e1m i&nbsp;pokra\u010duji u&nbsp;sebe.<\/strong> Budu jen r\u00e1da, kdy\u017e se p\u0159id\u00e1te taky. Kr\u00e1sn\u00fd nov\u00fd rok!<\/p>\n<p><img loading=\"lazy\" decoding=\"async\" data-attachment-id=\"1291\" data-permalink=\"https:\/\/www.reduca.cz\/blog\/redukujeme-odpad-uz-cely-rok\/img_7316\/\" data-orig-file=\"https:\/\/i0.wp.com\/www.reduca.cz\/blog\/wp-content\/uploads\/2017\/12\/IMG_7316.jpg?fit=5184%2C3456&amp;ssl=1\" data-orig-size=\"5184,3456\" data-comments-opened=\"1\" data-image-meta=\"{&quot;aperture&quot;:&quot;3.5&quot;,&quot;credit&quot;:&quot;&quot;,&quot;camera&quot;:&quot;Canon EOS 650D&quot;,&quot;caption&quot;:&quot;&quot;,&quot;created_timestamp&quot;:&quot;1499600187&quot;,&quot;copyright&quot;:&quot;&quot;,&quot;focal_length&quot;:&quot;50&quot;,&quot;iso&quot;:&quot;100&quot;,&quot;shutter_speed&quot;:&quot;0.0005&quot;,&quot;title&quot;:&quot;&quot;,&quot;orientation&quot;:&quot;1&quot;}\" data-image-title=\"IMG_7316\" data-image-description=\"\" data-image-caption=\"\" data-medium-file=\"https:\/\/i0.wp.com\/www.reduca.cz\/blog\/wp-content\/uploads\/2017\/12\/IMG_7316.jpg?fit=300%2C200&amp;ssl=1\" data-large-file=\"https:\/\/i0.wp.com\/www.reduca.cz\/blog\/wp-content\/uploads\/2017\/12\/IMG_7316.jpg?fit=648%2C432&amp;ssl=1\" class=\"aligncenter size-large wp-image-1291\" src=\"https:\/\/i0.wp.com\/www.reduca.cz\/blog\/wp-content\/uploads\/2017\/12\/IMG_7316.jpg?resize=648%2C432&#038;ssl=1\" alt=\"\" width=\"648\" height=\"432\" srcset=\"https:\/\/i0.wp.com\/www.reduca.cz\/blog\/wp-content\/uploads\/2017\/12\/IMG_7316.jpg?resize=1024%2C683&amp;ssl=1 1024w, https:\/\/i0.wp.com\/www.reduca.cz\/blog\/wp-content\/uploads\/2017\/12\/IMG_7316.jpg?resize=300%2C200&amp;ssl=1 300w, https:\/\/i0.wp.com\/www.reduca.cz\/blog\/wp-content\/uploads\/2017\/12\/IMG_7316.jpg?resize=768%2C512&amp;ssl=1 768w, https:\/\/i0.wp.com\/www.reduca.cz\/blog\/wp-content\/uploads\/2017\/12\/IMG_7316.jpg?w=1296&amp;ssl=1 1296w, https:\/\/i0.wp.com\/www.reduca.cz\/blog\/wp-content\/uploads\/2017\/12\/IMG_7316.jpg?w=1944&amp;ssl=1 1944w\" sizes=\"(max-width: 648px) 100vw, 648px\" data-recalc-dims=\"1\" \/><\/p>\n","protected":false},"excerpt":{"rendered":"<p>Pr\u00e1v\u011b je tomu jeden rok, co jsem pro\u010d\u00edtala listy kn\u00ed\u017eky Dom\u00e1cnost bez odpadu od Bey Johnson a&nbsp;rozhodla se, \u017ee postupn\u00fdmi kr\u016f\u010dky se pokus\u00edme zero waste dom\u00e1cnosti p\u0159ibl\u00ed\u017eit i&nbsp;my. Za ten rok se nejen v&nbsp;na\u0161\u00ed dom\u00e1cnosti, ale i&nbsp;ve&nbsp;mn\u011b odehr\u00e1lo spoustu zm\u011bn (a&nbsp;nem\u00e1m te\u010f zrovna na mysli nafukuj\u00edc\u00ed se b\u0159icho).\u00a0<\/p>\n","protected":false},"author":1,"featured_media":1295,"comment_status":"open","ping_status":"closed","sticky":false,"template":"","format":"standard","meta":{"_monsterinsights_skip_tracking":false,"_monsterinsights_sitenote_active":false,"_monsterinsights_sitenote_note":"","_monsterinsights_sitenote_category":0,"jetpack_post_was_ever_published":false,"footnotes":"","_links_to":"","_links_to_target":""},"categories":[5],"tags":[41,42,32,34,15,2],"jetpack_featured_media_url":"https:\/\/i0.wp.com\/www.reduca.cz\/blog\/wp-content\/uploads\/2017\/12\/flint-jars-fruits.jpg?fit=5127%2C3418&ssl=1","jetpack_sharing_enabled":true,"jetpack_shortlink":"https:\/\/wp.me\/p9d4BP-kh","jetpack_likes_enabled":false,"jetpack-related-posts":[{"id":1254,"url":"https:\/\/www.reduca.cz\/blog\/128-staronove-nadobi\/","url_meta":{"origin":1257,"position":0},"title":"#128 &#8211; (staro)nov\u00e9 n\u00e1dob\u00ed","date":"6. 5. 2017","format":false,"excerpt":"Snad skoro ka\u017ed\u00e1 dom\u00e1cnost m\u00e1 nadbytek hrn\u00ed\u010dk\u016f. My jich m\u011bli nedostatek. Ne\u017e chodit do obchod\u016f a nakupovat nov\u00e9 za zbyte\u010dn\u00e9 pen\u00edze jsem si \u0159ekla, \u017ee se rad\u011bji popt\u00e1m v okol\u00ed, jestli se n\u011bkdo nechce sv\u00fdch star\u00fdch zbavit - ze zku\u0161enost\u00ed toti\u017e v\u00edm, \u017ee skoro v\u0161ude jsou n\u011bjak\u00e9 hrn\u00ed\u010dky nav\u00edc, kter\u00e9\u2026","rel":"","context":"In &quot;Den\u00ed\u010dek na\u0161\u00ed dom\u00e1cnosti&quot;","img":{"alt_text":"","src":"https:\/\/i0.wp.com\/www.reduca.cz\/blog\/wp-content\/uploads\/2017\/12\/hrnicky.jpg?fit=1200%2C800&ssl=1&resize=350%2C200","width":350,"height":200},"classes":[]},{"id":308,"url":"https:\/\/www.reduca.cz\/blog\/den-dvacaty-treti-menstruace-bez-odpadu\/","url_meta":{"origin":1257,"position":1},"title":"Den dvac\u00e1t\u00fd t\u0159et\u00ed &#8211; menstruace bez odpadu","date":"22. 1. 2017","format":false,"excerpt":"Navrac\u00edm se zp\u00e1tky k menstrua\u010dn\u00edmu kal\u00ed\u0161ku. Kdy\u017e jsem ho za\u010dala pou\u017e\u00edvat p\u0159ed deseti lety, skoro nikdo ho neznal a holky v m\u00e9m okol\u00ed se na m\u011b koukaly jako na bl\u00e1zna. Dnes kal\u00ed\u0161ek nab\u00edr\u00e1 na takov\u00e9 popularit\u011b, a\u017e jsem si za\u010dala p\u0159ipadat jako bl\u00e1zen j\u00e1, \u017ee jsem ho p\u0159ed n\u011bkolika lety\u2026","rel":"","context":"In &quot;Den\u00ed\u010dek na\u0161\u00ed dom\u00e1cnosti&quot;","img":{"alt_text":"","src":"https:\/\/i0.wp.com\/www.reduca.cz\/blog\/wp-content\/uploads\/2017\/09\/kalisek.jpg?fit=1200%2C800&ssl=1&resize=350%2C200","width":350,"height":200},"classes":[]},{"id":581,"url":"https:\/\/www.reduca.cz\/blog\/den-tricaty-sedmy-diy-prasek-do-mycky\/","url_meta":{"origin":1257,"position":2},"title":"Den t\u0159ic\u00e1t\u00fd sedm\u00fd &#8211; DIY pr\u00e1\u0161ek do my\u010dky","date":"5. 2. 2017","format":false,"excerpt":"Jeliko\u017e doch\u00e1z\u00ed i tablety do my\u010dky, rozhodla jsem se ud\u011blat testovac\u00ed verzi dom\u00e1c\u00edho pr\u00e1\u0161ku na myt\u00ed v my\u010dce dle receptu na home-made.cz. Akor\u00e1t s\u016fl, kter\u00e1 by byla bez protisp\u00e9kav\u00fdch l\u00e1tek, jsem doma nem\u011bla, tak\u017ee jsem tam nasypala s\u016fl p\u0159\u00edmo ur\u010denou do my\u010dky. Recenze tohoto pr\u00e1\u0161ku byly r\u016fzn\u00e9, n\u011bkte\u0159\u00ed si\u00a0pochvalovali, jin\u00ed\u2026","rel":"","context":"In &quot;Den\u00ed\u010dek na\u0161\u00ed dom\u00e1cnosti&quot;","img":{"alt_text":"","src":"https:\/\/i0.wp.com\/www.reduca.cz\/blog\/wp-content\/uploads\/2017\/02\/mycka.jpg?fit=1200%2C800&ssl=1&resize=350%2C200","width":350,"height":200},"classes":[]},{"id":508,"url":"https:\/\/www.reduca.cz\/blog\/kolik-odpadu-vyprodukuje-zero-waste-domacnost\/","url_meta":{"origin":1257,"position":3},"title":"Kolik odpadu produkuje zero waste dom\u00e1cnost?","date":"1. 10. 2017","format":false,"excerpt":"Cel\u00fd m\u011bs\u00edc z\u00e1\u0159\u00ed poctiv\u011b dokumentuji n\u00e1\u0161 odpad v dom\u00e1cnosti. Zaj\u00edmalo m\u011b, kolik toho produkujeme, kdy\u017e se sna\u017e\u00edme odpad minimalizovat. A v\u00fdsledky jsou na sv\u011bt\u011b.","rel":"","context":"In &quot;Nakupov\u00e1n\u00ed&quot;","img":{"alt_text":"","src":"https:\/\/i0.wp.com\/www.reduca.cz\/blog\/wp-content\/uploads\/2017\/09\/all.jpg?fit=1200%2C800&ssl=1&resize=350%2C200","width":350,"height":200},"classes":[]},{"id":5,"url":"https:\/\/www.reduca.cz\/blog\/prvni-mesic-bez-odpadu\/","url_meta":{"origin":1257,"position":4},"title":"Prvn\u00ed m\u011bs\u00edc bez odpadu","date":"1. 2. 2017","format":false,"excerpt":"M\u00e1m za sebou 31 dn\u00ed, kdy jsem se sna\u017eila redukovat odpad v na\u0161\u00ed dom\u00e1cnosti. A\u010dkoli to na\u00a0prvn\u00ed pohled vypad\u00e1, \u017ee se p\u0159\u00edli\u0161 nezm\u011bnilo, vlastn\u011b se toho zm\u011bnilo docela dost. Za nejv\u011bt\u0161\u00ed \u00fasp\u011bch pova\u017euji to, \u017ee o na\u0161em odpadu za\u010dal man\u017eel u\u017e aspo\u0148 uva\u017eovat. :) N\u00e1kupy V prv\u00e9 \u0159ad\u011b jsem zm\u011bnila\u2026","rel":"","context":"In &quot;Z na\u0161eho domova&quot;","img":{"alt_text":"","src":"https:\/\/i0.wp.com\/www.reduca.cz\/blog\/wp-content\/uploads\/2017\/02\/wallpaper.jpg?fit=1200%2C797&ssl=1&resize=350%2C200","width":350,"height":200},"classes":[]},{"id":776,"url":"https:\/\/www.reduca.cz\/blog\/den-sedmdesaty-prvni-velikonoce\/","url_meta":{"origin":1257,"position":5},"title":"Den sedmdes\u00e1t\u00fd prvn\u00ed &#8211; Velikonoce","date":"11. 3. 2017","format":false,"excerpt":"P\u0159es sv\u00e1tky jsem vypnula hlavu a z v\u011bt\u0161\u00ed \u010d\u00e1sti i soci\u00e1ln\u00ed s\u00edt\u011b. Poprv\u00e9 v \u017eivot\u011b (alespo\u0148 z t\u00e9 \u010d\u00e1sti \u017eivota, co si pamatuji) jsem barvila vaj\u00ed\u010dka p\u0159\u00edrodn\u00edmi barvami - kurkumou, cibulov\u00fdmi slupkami a \u0159epou (kter\u00e1 se tedy v\u016fbec nevyvedla). Bezobalov\u011b se mi neda\u0159ilo nakoupit l\u00e1man\u00e9 mandle (a man\u017eelovi se neda\u0159ilo\u2026","rel":"","context":"In &quot;Den\u00ed\u010dek na\u0161\u00ed dom\u00e1cnosti&quot;","img":{"alt_text":"","src":"https:\/\/i0.wp.com\/www.reduca.cz\/blog\/wp-content\/uploads\/2017\/10\/vajicka2.jpg?fit=1200%2C800&ssl=1&resize=350%2C200","width":350,"height":200},"classes":[]}],"_links":{"self":[{"href":"https:\/\/www.reduca.cz\/blog\/wp-json\/wp\/v2\/posts\/1257"}],"collection":[{"href":"https:\/\/www.reduca.cz\/blog\/wp-json\/wp\/v2\/posts"}],"about":[{"href":"https:\/\/www.reduca.cz\/blog\/wp-json\/wp\/v2\/types\/post"}],"author":[{"embeddable":true,"href":"https:\/\/www.reduca.cz\/blog\/wp-json\/wp\/v2\/users\/1"}],"replies":[{"embeddable":true,"href":"https:\/\/www.reduca.cz\/blog\/wp-json\/wp\/v2\/comments?post=1257"}],"version-history":[{"count":18,"href":"https:\/\/www.reduca.cz\/blog\/wp-json\/wp\/v2\/posts\/1257\/revisions"}],"predecessor-version":[{"id":1310,"href":"https:\/\/www.reduca.cz\/blog\/wp-json\/wp\/v2\/posts\/1257\/revisions\/1310"}],"wp:featuredmedia":[{"embeddable":true,"href":"https:\/\/www.reduca.cz\/blog\/wp-json\/wp\/v2\/media\/1295"}],"wp:attachment":[{"href":"https:\/\/www.reduca.cz\/blog\/wp-json\/wp\/v2\/media?parent=1257"}],"wp:term":[{"taxonomy":"category","embeddable":true,"href":"https:\/\/www.reduca.cz\/blog\/wp-json\/wp\/v2\/categories?post=1257"},{"taxonomy":"post_tag","embeddable":true,"href":"https:\/\/www.reduca.cz\/blog\/wp-json\/wp\/v2\/tags?post=1257"}],"curies":[{"name":"wp","href":"https:\/\/api.w.org\/{rel}","templated":true}]}}