{"id":1252,"date":"2018-02-13T18:05:07","date_gmt":"2018-02-13T17:05:07","guid":{"rendered":"https:\/\/www.reduca.cz\/blog\/?p=1252"},"modified":"2019-02-12T11:00:13","modified_gmt":"2019-02-12T10:00:13","slug":"bez-kvetin-se-obejdu","status":"publish","type":"post","link":"https:\/\/www.reduca.cz\/blog\/bez-kvetin-se-obejdu\/","title":{"rendered":"Bez kv\u011btin se obejdu"},"content":{"rendered":"<p><em>\u0158\u00edk\u00e1 se, \u017ee \u017eena je jako kv\u011btina, a&nbsp;ka\u017ed\u00fd spr\u00e1vn\u00fd mu\u017e by nem\u011bl zapom\u00ednat \u017een\u00e1m kv\u011btiny nosit. Dnes u\u017e ale kv\u011btiny mu\u017ei netrhaj\u00ed s&nbsp;l\u00e1skou na louce, ale kupuj\u00ed na rychlo v&nbsp;kv\u011btin\u00e1\u0159stv\u00ed&#8230; V\u00edte, odkud tyto kv\u011btiny poch\u00e1zej\u00ed? V\u00edte, \u017ee jejich p\u011bstov\u00e1n\u00ed je naprosto neekologick\u00e9?<\/em><\/p>\n<p>Pokud jste n\u011bkdy v&nbsp;posledn\u00edch letech nav\u0161t\u00edvili kv\u011btin\u00e1\u0159stv\u00ed, ur\u010dit\u011b jste si museli v\u0161imnout t\u00e9 obrovsk\u00e9 <strong>plej\u00e1dy druh\u016f<\/strong>, kter\u00e9 kv\u011btin\u00e1\u0159stv\u00ed nab\u00edz\u00ed, a&nbsp;to v&nbsp;ka\u017ed\u00e9m ro\u010dn\u00edm obdob\u00ed. N\u011bkter\u00e9 kv\u011btiny jsou natolik exotick\u00e9, \u017ee o&nbsp;jejich zahrani\u010dn\u00edm p\u016fvodu nelze pochybovat. V\u011bt\u0161ina kv\u011btin se toti\u017e dov\u00e1\u017e\u00ed ze&nbsp;zem\u00ed, jako je <strong>Ke\u0148a, Kolumbie, Ekv\u00e1dor \u010di&nbsp;Zimbabwe<\/strong>. Nejprve doraz\u00ed na obrovskou <a href=\"https:\/\/www.kamsevydat.cz\/holandsko-aalsmeer-kvetinova-burza-v-aalsmeeru-2\/\" target=\"_blank\" rel=\"noopener\">kv\u011btinovou burzu<\/a> v&nbsp;<strong>Holandsku.<\/strong>\u00a0Na t\u00e9 jsou kv\u011btiny rozprod\u00e1v\u00e1ny do v\u0161ech ostatn\u00edch zem\u00ed. Dov\u00e1\u017een\u00ed kv\u011btin tis\u00edce kilometr\u016f nejen n\u00e1kladn\u00ed, ale hlavn\u011b <strong>leteckou dopravou<\/strong>, je <strong>vysoce neekologick\u00e9<\/strong>.<\/p>\n<div class=\"row\">\n<div class=\"col-lg-12\"><img loading=\"lazy\" decoding=\"async\" data-attachment-id=\"1431\" data-permalink=\"https:\/\/www.reduca.cz\/blog\/bez-kvetin-se-obejdu\/kvetinova-burza\/\" data-orig-file=\"https:\/\/i0.wp.com\/www.reduca.cz\/blog\/wp-content\/uploads\/2018\/02\/kvetinova-burza.jpg?fit=4256%2C2832&amp;ssl=1\" data-orig-size=\"4256,2832\" data-comments-opened=\"1\" data-image-meta=\"{&quot;aperture&quot;:&quot;0&quot;,&quot;credit&quot;:&quot;&quot;,&quot;camera&quot;:&quot;&quot;,&quot;caption&quot;:&quot;&quot;,&quot;created_timestamp&quot;:&quot;0&quot;,&quot;copyright&quot;:&quot;&quot;,&quot;focal_length&quot;:&quot;0&quot;,&quot;iso&quot;:&quot;0&quot;,&quot;shutter_speed&quot;:&quot;0&quot;,&quot;title&quot;:&quot;&quot;,&quot;orientation&quot;:&quot;0&quot;}\" data-image-title=\"kvetinova-burza\" data-image-description=\"\" data-image-caption=\"\" data-medium-file=\"https:\/\/i0.wp.com\/www.reduca.cz\/blog\/wp-content\/uploads\/2018\/02\/kvetinova-burza.jpg?fit=300%2C200&amp;ssl=1\" data-large-file=\"https:\/\/i0.wp.com\/www.reduca.cz\/blog\/wp-content\/uploads\/2018\/02\/kvetinova-burza.jpg?fit=648%2C431&amp;ssl=1\" class=\"aligncenter size-large wp-image-1431\" src=\"https:\/\/i0.wp.com\/www.reduca.cz\/blog\/wp-content\/uploads\/2018\/02\/kvetinova-burza.jpg?resize=648%2C431&#038;ssl=1\" alt=\"\" width=\"648\" height=\"431\" srcset=\"https:\/\/i0.wp.com\/www.reduca.cz\/blog\/wp-content\/uploads\/2018\/02\/kvetinova-burza.jpg?resize=1024%2C681&amp;ssl=1 1024w, https:\/\/i0.wp.com\/www.reduca.cz\/blog\/wp-content\/uploads\/2018\/02\/kvetinova-burza.jpg?resize=300%2C200&amp;ssl=1 300w, https:\/\/i0.wp.com\/www.reduca.cz\/blog\/wp-content\/uploads\/2018\/02\/kvetinova-burza.jpg?resize=768%2C511&amp;ssl=1 768w, https:\/\/i0.wp.com\/www.reduca.cz\/blog\/wp-content\/uploads\/2018\/02\/kvetinova-burza.jpg?w=1296&amp;ssl=1 1296w, https:\/\/i0.wp.com\/www.reduca.cz\/blog\/wp-content\/uploads\/2018\/02\/kvetinova-burza.jpg?w=1944&amp;ssl=1 1944w\" sizes=\"(max-width: 648px) 100vw, 648px\" data-recalc-dims=\"1\" \/><\/div>\n<\/div>\n<p><span class=\"caption text-muted\">Kv\u011btinov\u00e1 burza v&nbsp;Holandsku<\/span><\/p>\n<h2>Na\u0161e p\u016fda u\u017e nen\u00ed dost dobr\u00e1?<\/h2>\n<p>Pro\u010d dov\u00e1\u017e\u00edme kv\u011btiny z&nbsp;druh\u00e9ho konce sv\u011bta? Hned z&nbsp;n\u011bkolika d\u016fvod\u016f. V&nbsp;na\u0161ich p\u0159\u00edrodn\u00edch podm\u00ednk\u00e1ch nen\u00ed mo\u017en\u00e9 p\u011bstovat kv\u011btiny po&nbsp;<strong>v\u0161echna ro\u010dn\u00ed obdob\u00ed<\/strong>, v&nbsp;tepl\u00fdch klimatech Afriky nen\u00ed <strong>pot\u0159eba sklen\u00edk\u016f<\/strong> a&nbsp;teplo je dostupn\u00e9 po&nbsp;cel\u00fd rok. Africk\u00e1 pr\u00e1ce je tak\u00e9 o&nbsp;mnoho <strong>levn\u011bj\u0161\u00ed<\/strong> ne\u017e ta evropsk\u00e1 &#8211; na plant\u00e1\u017e\u00edch \u010dasto <strong>pracuj\u00ed i&nbsp;d\u011bti<\/strong> a&nbsp;platov\u00e9 podm\u00ednky africk\u00fdch pracovn\u00edk\u016f jsou v\u011bt\u0161inou mizern\u00e9. Pr\u00e1ce b\u00fdv\u00e1 velice nam\u00e1hav\u00e1 a&nbsp;krom\u011b \u0161patn\u00fdch platov\u00fdch podm\u00ednek a&nbsp;zdrav\u00ed \u0161kodliv\u00e9mu prost\u0159ed\u00ed se \u010dasto zam\u011bstnan\u00e9 \u017eeny pot\u00fdkaj\u00ed i&nbsp;se <strong>zneu\u017e\u00edv\u00e1n\u00edm<\/strong> na pracovi\u0161ti. Plant\u00e1\u017ee nevlastn\u00ed zem\u011bd\u011blci, ale <strong>nadn\u00e1rodn\u00ed spole\u010dnosti<\/strong>. Chud\u00e9 zem\u011b mezi sebou soupe\u0159\u00ed o&nbsp;to, kdo prod\u00e1 produkci z\u00e1padn\u00edm zem\u00edm, n\u00edzk\u00e1 cena je tedy jedna ze&nbsp;z\u00e1kladn\u00edch podm\u00ednek pro export.<\/p>\n<p>P\u0159edstavte si, \u017ee by nam\u00edsto ohromn\u00fdch plant\u00e1\u017e\u00ed kv\u011btin p\u011bstovali farm\u00e1\u0159i lok\u00e1ln\u00ed ovoce a&nbsp;zeleninu. Mo\u017en\u00e1 by pak na t\u011bchto m\u00edstech Afriky nebyl takov\u00fd hlad&#8230;<\/p>\n<div class=\"row\">\n<div class=\"col-lg-12\"><img loading=\"lazy\" decoding=\"async\" data-attachment-id=\"1433\" data-permalink=\"https:\/\/www.reduca.cz\/blog\/bez-kvetin-se-obejdu\/africa\/\" data-orig-file=\"https:\/\/i0.wp.com\/www.reduca.cz\/blog\/wp-content\/uploads\/2018\/02\/africa.jpg?fit=1600%2C800&amp;ssl=1\" data-orig-size=\"1600,800\" data-comments-opened=\"1\" data-image-meta=\"{&quot;aperture&quot;:&quot;0&quot;,&quot;credit&quot;:&quot;&quot;,&quot;camera&quot;:&quot;&quot;,&quot;caption&quot;:&quot;&quot;,&quot;created_timestamp&quot;:&quot;0&quot;,&quot;copyright&quot;:&quot;&quot;,&quot;focal_length&quot;:&quot;0&quot;,&quot;iso&quot;:&quot;0&quot;,&quot;shutter_speed&quot;:&quot;0&quot;,&quot;title&quot;:&quot;&quot;,&quot;orientation&quot;:&quot;0&quot;}\" data-image-title=\"africa\" data-image-description=\"\" data-image-caption=\"\" data-medium-file=\"https:\/\/i0.wp.com\/www.reduca.cz\/blog\/wp-content\/uploads\/2018\/02\/africa.jpg?fit=300%2C150&amp;ssl=1\" data-large-file=\"https:\/\/i0.wp.com\/www.reduca.cz\/blog\/wp-content\/uploads\/2018\/02\/africa.jpg?fit=648%2C324&amp;ssl=1\" class=\"aligncenter size-large wp-image-1433\" src=\"https:\/\/i0.wp.com\/www.reduca.cz\/blog\/wp-content\/uploads\/2018\/02\/africa.jpg?resize=648%2C324&#038;ssl=1\" alt=\"\" width=\"648\" height=\"324\" srcset=\"https:\/\/i0.wp.com\/www.reduca.cz\/blog\/wp-content\/uploads\/2018\/02\/africa.jpg?resize=1024%2C512&amp;ssl=1 1024w, https:\/\/i0.wp.com\/www.reduca.cz\/blog\/wp-content\/uploads\/2018\/02\/africa.jpg?resize=300%2C150&amp;ssl=1 300w, https:\/\/i0.wp.com\/www.reduca.cz\/blog\/wp-content\/uploads\/2018\/02\/africa.jpg?resize=768%2C384&amp;ssl=1 768w, https:\/\/i0.wp.com\/www.reduca.cz\/blog\/wp-content\/uploads\/2018\/02\/africa.jpg?w=1600&amp;ssl=1 1600w, https:\/\/i0.wp.com\/www.reduca.cz\/blog\/wp-content\/uploads\/2018\/02\/africa.jpg?w=1296&amp;ssl=1 1296w\" sizes=\"(max-width: 648px) 100vw, 648px\" data-recalc-dims=\"1\" \/><\/div>\n<\/div>\n<p><span class=\"caption text-muted\">V\u00edte, odkud je va\u0161e r\u016f\u017ee?<\/span><\/p>\n<h2>Vysok\u00e1 cena za dokonalost<\/h2>\n<p>Kv\u011btiny p\u011bstovan\u00e9 pro kv\u011btin\u00e1\u0159sk\u00fd pr\u016fmysl se neobejde bez pou\u017e\u00edv\u00e1n\u00ed nejr\u016fzn\u011bj\u0161\u00edch <strong>chemik\u00e1li\u00ed<\/strong> &#8211; <strong>pesticid\u016f<\/strong> a&nbsp;dal\u0161\u00edch, pou\u017e\u00edvan\u00fdch v&nbsp;zem\u011bd\u011blstv\u00ed. Ty jsou pot\u0159eba v&nbsp;ka\u017ed\u00e9 f\u00e1zi p\u011bstitelsk\u00e9ho cyklu. Jsou obsa\u017eeny v&nbsp;p\u016fd\u011b, kter\u00e1 se p\u0159ipravuje pro setbu, a&nbsp;chemik\u00e1liemi se dezinfikuje. Do vznikl\u00e9 mrtv\u00e9 p\u016fdy se p\u0159idaj\u00ed <strong>um\u011bl\u00e1 hnojiva<\/strong>. P\u0159i&nbsp;r\u016fstu se kv\u011btiny preventivn\u011b post\u0159ikuj\u00ed agrochemik\u00e1liemi proti \u0161k\u016fdc\u016fm a&nbsp;nejr\u016fzn\u011bj\u0161\u00edm chorob\u00e1m. Tento post\u0159ik je aplikov\u00e1n <strong>denn\u011b i&nbsp;n\u011bkolikr\u00e1t<\/strong>, n\u011bkter\u00e9 post\u0159iky jsou dokonce v&nbsp;Evrop\u011b \u010di&nbsp;USA zak\u00e1z\u00e1ny, proto\u017ee zp\u016fsobuj\u00ed rakovinu. A&nbsp;kone\u010dn\u011b p\u0159i&nbsp;p\u0159evozu jsou pou\u017eity dal\u0161\u00ed chemik\u00e1lie, aby kv\u011btiny p\u0159evoz vydr\u017eely \u010derstv\u00e9.<\/p>\n<p>V kv\u011btinov\u00e9m pr\u016fmyslu se pou\u017e\u00edv\u00e1<strong> nejv\u00edce pesticid\u016f<\/strong> z&nbsp;cel\u00e9ho zem\u011bd\u011blstv\u00ed. Vzhledem k&nbsp;tomu, \u017ee kv\u011btiny nejsou ur\u010deny k&nbsp;j\u00eddlu, neplat\u00ed pro n\u011b tak p\u0159\u00edsn\u00e1 krit\u00e9ria jako pro potraviny. D\u00edky kv\u011btinov\u00fdm farm\u00e1m je krom\u011b p\u016fdy a&nbsp;vody v&nbsp;okol\u00ed <strong>kontaminov\u00e1n tak\u00e9 vzduch<\/strong>.<\/p>\n<h2>Udr\u017eiteln\u011bji s&nbsp;kv\u011btin\u00e1\u010dem?<\/h2>\n<p>Pokud mysl\u00edte, \u017ee ud\u011bl\u00e1te l\u00e9pe, kdy\u017e nam\u00edsto \u0159ezan\u00e9 kv\u011btiny po\u0159\u00edd\u00edte kv\u011btinu v&nbsp;kv\u011btin\u00e1\u010di, nemysl\u00edte bohu\u017eel spr\u00e1vn\u011b. Ano, <strong>hrnkov\u00e9 kv\u011btiny<\/strong> vydr\u017e\u00ed d\u00e9le a&nbsp;neslou\u017e\u00ed jen k&nbsp;jednomu pou\u017eit\u00ed. Tak\u00e9 se v\u011bt\u0161inou p\u011bstuj\u00ed v&nbsp;bl\u00edzk\u00e9m okol\u00ed alespo\u0148 v&nbsp;sez\u00f3n\u011b. Ov\u0161em podm\u00ednky, za jak\u00fdch se p\u011bstuj\u00ed, jsou podobn\u00e9 jako u&nbsp;t\u011bch \u0159ezan\u00fdch, a&nbsp;to v\u00fdhrou rozhodn\u011b nen\u00ed.<\/p>\n<p><img loading=\"lazy\" decoding=\"async\" data-attachment-id=\"1435\" data-permalink=\"https:\/\/www.reduca.cz\/blog\/bez-kvetin-se-obejdu\/81n2pihgwwl-_sl1500_\/\" data-orig-file=\"https:\/\/i0.wp.com\/www.reduca.cz\/blog\/wp-content\/uploads\/2018\/02\/81n2pIhgWWL._SL1500_.jpg?fit=1500%2C985&amp;ssl=1\" data-orig-size=\"1500,985\" data-comments-opened=\"1\" data-image-meta=\"{&quot;aperture&quot;:&quot;0&quot;,&quot;credit&quot;:&quot;&quot;,&quot;camera&quot;:&quot;&quot;,&quot;caption&quot;:&quot;&quot;,&quot;created_timestamp&quot;:&quot;0&quot;,&quot;copyright&quot;:&quot;&quot;,&quot;focal_length&quot;:&quot;0&quot;,&quot;iso&quot;:&quot;0&quot;,&quot;shutter_speed&quot;:&quot;0&quot;,&quot;title&quot;:&quot;&quot;,&quot;orientation&quot;:&quot;0&quot;}\" data-image-title=\"81n2pIhgWWL._SL1500_\" data-image-description=\"\" data-image-caption=\"\" data-medium-file=\"https:\/\/i0.wp.com\/www.reduca.cz\/blog\/wp-content\/uploads\/2018\/02\/81n2pIhgWWL._SL1500_.jpg?fit=300%2C197&amp;ssl=1\" data-large-file=\"https:\/\/i0.wp.com\/www.reduca.cz\/blog\/wp-content\/uploads\/2018\/02\/81n2pIhgWWL._SL1500_.jpg?fit=648%2C425&amp;ssl=1\" class=\"aligncenter size-large wp-image-1435\" src=\"https:\/\/i0.wp.com\/www.reduca.cz\/blog\/wp-content\/uploads\/2018\/02\/81n2pIhgWWL._SL1500_.jpg?resize=648%2C425&#038;ssl=1\" alt=\"\" width=\"648\" height=\"425\" srcset=\"https:\/\/i0.wp.com\/www.reduca.cz\/blog\/wp-content\/uploads\/2018\/02\/81n2pIhgWWL._SL1500_.jpg?resize=1024%2C672&amp;ssl=1 1024w, https:\/\/i0.wp.com\/www.reduca.cz\/blog\/wp-content\/uploads\/2018\/02\/81n2pIhgWWL._SL1500_.jpg?resize=300%2C197&amp;ssl=1 300w, https:\/\/i0.wp.com\/www.reduca.cz\/blog\/wp-content\/uploads\/2018\/02\/81n2pIhgWWL._SL1500_.jpg?resize=768%2C504&amp;ssl=1 768w, https:\/\/i0.wp.com\/www.reduca.cz\/blog\/wp-content\/uploads\/2018\/02\/81n2pIhgWWL._SL1500_.jpg?w=1500&amp;ssl=1 1500w, https:\/\/i0.wp.com\/www.reduca.cz\/blog\/wp-content\/uploads\/2018\/02\/81n2pIhgWWL._SL1500_.jpg?w=1296&amp;ssl=1 1296w\" sizes=\"(max-width: 648px) 100vw, 648px\" data-recalc-dims=\"1\" \/><\/p>\n<h2>Kdy\u017e zrovna na louce nekvete<\/h2>\n<p>Sna\u017ete se hledat kv\u011btiny <strong>sez\u00f3nn\u00ed a&nbsp;lok\u00e1ln\u011b p\u011bstovan\u00e9<\/strong>, nejl\u00e9pe kv\u011btiny &#8220;<strong>organick\u00e9&#8221;<\/strong>. Pokud sv\u00e9 mil\u00e9 chcete ud\u011blat radost a&nbsp;zrovna nen\u00ed po&nbsp;ruce louka, kde kv\u011btiny natrhat, pod\u00edvejte se do kv\u011btin\u00e1\u0159stv\u00ed, kter\u00e9 jsou ekologick\u00e9:<\/p>\n<ul>\n<li><a href=\"https:\/\/www.kytkyodpotoka.cz\/\" target=\"_blank\" rel=\"noopener\">Kytky od potoka<\/a>\u00a0(Velk\u00e9 P\u0159\u00edlepy u&nbsp;Prahy)<\/li>\n<li><a href=\"https:\/\/www.loukykvet.cz\/\" target=\"_blank\" rel=\"noopener\">Loukykv\u011bt<\/a>\u00a0(M\u0161eck\u00e9 \u017dehrovice u&nbsp;Prahy)<\/li>\n<li><a href=\"http:\/\/www.gardenista.cz\/cs\/\" target=\"_blank\" rel=\"noopener\">Gardenista<\/a>\u00a0(Stehel\u010deves u&nbsp;Prahy)<\/li>\n<li><a href=\"http:\/\/www.efemer.cz\/#\" target=\"_blank\" rel=\"noopener\">Efem\u00e9r<\/a> (Brno)<\/li>\n<li><a href=\"https:\/\/www.facebook.com\/greendecorzizkov\/\" target=\"_blank\" rel=\"noopener\">Green-Decor<\/a>\u00a0(Praha)<\/li>\n<li><a href=\"https:\/\/www.rezanka.cz\/\" target=\"_blank\" rel=\"noopener\">\u0158ezanka<\/a>\u00a0(Znojmo)<\/li>\n<li><a href=\"https:\/\/www.wegrowflowers.cz\/\" target=\"_blank\" rel=\"noopener\">Kv\u011btinov\u00e9 lah\u016fdk\u00e1\u0159stv\u00ed<\/a>\u00a0(<span class=\"color_16\">\u00dajezd okres Beroun\u00a0<\/span><span class=\"color_16\">a Praha)<\/span><\/li>\n<li><a href=\"http:\/\/www.plevel.info\/\" target=\"_blank\" rel=\"noopener\">Plevel<\/a>\u00a0(Praha)<\/li>\n<li><a href=\"http:\/\/kvitizlesa.cz\/\" target=\"_blank\" rel=\"noopener\">Kv\u00edt\u00ed z&nbsp;lesa<\/a> (Brno)<\/li>\n<li><a href=\"https:\/\/www.kytkyodpepy.cz\/\" target=\"_blank\" rel=\"noopener\">Kytky od Pepy<\/a> (Praha)<\/li>\n<li><a href=\"http:\/\/www.domacikvetinarstvi.cz\/\" target=\"_blank\" rel=\"noopener\">Dom\u00e1c\u00ed kv\u011btin\u00e1\u0159stv\u00ed<\/a> (By\u0161ice u&nbsp;M\u011bln\u00edka)<\/li>\n<li><a href=\"http:\/\/plantanaturalis.com\/\" target=\"_blank\" rel=\"noopener\">Planta naturalis<\/a> (Markvartice u&nbsp;Ji\u010d\u00edna)<\/li>\n<\/ul>\n<div class=\"row\">\n<div class=\"col-lg-12\"><img loading=\"lazy\" decoding=\"async\" data-attachment-id=\"2097\" data-permalink=\"https:\/\/www.reduca.cz\/blog\/bez-kvetin-se-obejdu\/39589127_2197398487199597_7653335982908899328_o\/\" data-orig-file=\"https:\/\/i0.wp.com\/www.reduca.cz\/blog\/wp-content\/uploads\/2018\/02\/39589127_2197398487199597_7653335982908899328_o.jpg?fit=1890%2C1260&amp;ssl=1\" data-orig-size=\"1890,1260\" data-comments-opened=\"1\" data-image-meta=\"{&quot;aperture&quot;:&quot;0&quot;,&quot;credit&quot;:&quot;WWW.MARTINFALTEJSEK.CZ&quot;,&quot;camera&quot;:&quot;&quot;,&quot;caption&quot;:&quot;&quot;,&quot;created_timestamp&quot;:&quot;0&quot;,&quot;copyright&quot;:&quot;WWW.MARTINFALTEJSEK.CZ&quot;,&quot;focal_length&quot;:&quot;0&quot;,&quot;iso&quot;:&quot;0&quot;,&quot;shutter_speed&quot;:&quot;0&quot;,&quot;title&quot;:&quot;&quot;,&quot;orientation&quot;:&quot;0&quot;}\" data-image-title=\"39589127_2197398487199597_7653335982908899328_o\" data-image-description=\"\" data-image-caption=\"\" data-medium-file=\"https:\/\/i0.wp.com\/www.reduca.cz\/blog\/wp-content\/uploads\/2018\/02\/39589127_2197398487199597_7653335982908899328_o.jpg?fit=300%2C200&amp;ssl=1\" data-large-file=\"https:\/\/i0.wp.com\/www.reduca.cz\/blog\/wp-content\/uploads\/2018\/02\/39589127_2197398487199597_7653335982908899328_o.jpg?fit=648%2C432&amp;ssl=1\" class=\"aligncenter size-large wp-image-2097\" src=\"https:\/\/i0.wp.com\/www.reduca.cz\/blog\/wp-content\/uploads\/2018\/02\/39589127_2197398487199597_7653335982908899328_o.jpg?resize=648%2C432&#038;ssl=1\" alt=\"\" width=\"648\" height=\"432\" srcset=\"https:\/\/i0.wp.com\/www.reduca.cz\/blog\/wp-content\/uploads\/2018\/02\/39589127_2197398487199597_7653335982908899328_o.jpg?resize=1024%2C683&amp;ssl=1 1024w, https:\/\/i0.wp.com\/www.reduca.cz\/blog\/wp-content\/uploads\/2018\/02\/39589127_2197398487199597_7653335982908899328_o.jpg?resize=300%2C200&amp;ssl=1 300w, https:\/\/i0.wp.com\/www.reduca.cz\/blog\/wp-content\/uploads\/2018\/02\/39589127_2197398487199597_7653335982908899328_o.jpg?resize=768%2C512&amp;ssl=1 768w, https:\/\/i0.wp.com\/www.reduca.cz\/blog\/wp-content\/uploads\/2018\/02\/39589127_2197398487199597_7653335982908899328_o.jpg?w=1890&amp;ssl=1 1890w, https:\/\/i0.wp.com\/www.reduca.cz\/blog\/wp-content\/uploads\/2018\/02\/39589127_2197398487199597_7653335982908899328_o.jpg?w=1296&amp;ssl=1 1296w\" sizes=\"(max-width: 648px) 100vw, 648px\" data-recalc-dims=\"1\" \/><\/div>\n<\/div>\n<p><span class=\"caption text-muted\">kytkyodpotoka.cz<\/span><\/p>\n<p>Jestli\u017ee \u010deskou produkci podpo\u0159it nem\u016f\u017eete, ptejte se po&nbsp;<strong>certifikaci<\/strong> kv\u011btin. D\u00edky kv\u011btinov\u00fdm plant\u00e1\u017e\u00edm maj\u00ed lid\u00e9 v&nbsp;chud\u00fdch zem\u00edch <strong>pr\u00e1ci<\/strong>, \u0159e\u0161en\u00edm tedy nen\u00ed se jim nutn\u011b vyh\u00fdbat, ale dbejte na to, aby kv\u011btiny spl\u0148ovaly<strong> enviroment\u00e1ln\u00ed a&nbsp;soci\u00e1ln\u00ed podm\u00ednky<\/strong>.<\/p>\n<p>Certifik\u00e1ty, kter\u00e9 u&nbsp;kv\u011btin m\u016f\u017eete nal\u00e9zt, jsou tyto:<\/p>\n<ul>\n<li>Milieu Programma Sierteelt (MPS)<\/li>\n<li>Fair Flowers Fair Plants (FFP)<\/li>\n<li>Kenya Flower Council (KFC)<\/li>\n<li>Flower Label Programme<\/li>\n<li>Florverde\u00ae<\/li>\n<li>Fair Trade<\/li>\n<\/ul>\n<div class=\"row\">\n<div class=\"col-md-2\"><img loading=\"lazy\" decoding=\"async\" class=\"alignnone\" src=\"https:\/\/i0.wp.com\/www.stolkpotplanten.nl\/wp-content\/uploads\/2016\/01\/vignet-mps-a-plus-600384-stolk-potplanten.jpg?resize=70%2C90&#038;ssl=1\" alt=\"Milieu Programma Sierteelt\" width=\"70\" height=\"90\" data-recalc-dims=\"1\" \/><\/div>\n<div class=\"col-md-2\"><img loading=\"lazy\" decoding=\"async\" src=\"https:\/\/i0.wp.com\/www.fairflowersfairplants.com\/wp-content\/uploads\/2017\/05\/FFP-Logo.png?resize=63%2C89\" alt=\"fair flowers fair plants\" width=\"63\" height=\"89\" data-recalc-dims=\"1\" \/><\/div>\n<div class=\"col-md-2\"><img loading=\"lazy\" decoding=\"async\" class=\"alignnone\" src=\"https:\/\/i0.wp.com\/www.flowerweb.com\/media\/cache\/company_main\/uploads\/images\/news\/93497_kfclogo.jpg?resize=116%2C90\" alt=\"Kenya Flower Council\" width=\"116\" height=\"90\" data-recalc-dims=\"1\" \/><\/div>\n<div class=\"col-md-2\"><img loading=\"lazy\" decoding=\"async\" src=\"https:\/\/i0.wp.com\/archiv.nrw-denkt-nachhaltig.de\/cms\/upload\/Projekt_der_Woche\/Fairflower-Logo.jpg?resize=56%2C90\" alt=\"Flower Label Programme\" width=\"56\" height=\"90\" data-recalc-dims=\"1\" \/><\/div>\n<div class=\"col-md-2\"><img loading=\"lazy\" decoding=\"async\" src=\"https:\/\/i0.wp.com\/www.globalgap.org\/export\/sites\/default\/.content\/.galleries\/Newsletter_Pics\/2017_11_November\/florverde.jpg_400995409.jpg?resize=58%2C90\" alt=\"Florverde\" width=\"58\" height=\"90\" data-recalc-dims=\"1\" \/><\/div>\n<div class=\"col-md-2\"><img loading=\"lazy\" decoding=\"async\" src=\"https:\/\/i0.wp.com\/datawrapper.dwcdn.net\/9Im5P\/2\/fairtrade.png?resize=85%2C90\" alt=\"Fair Trade\" width=\"85\" height=\"90\" data-recalc-dims=\"1\" \/><\/div>\n<\/div>\n<p><span class=\"caption text-muted\" style=\"margin-top: 0;\">Loga mezin\u00e1rodn\u00edch certifik\u00e1t\u016f<\/span><\/p>\n<p>Takto certifikovan\u00e9 kv\u011btiny prod\u00e1vaj\u00ed i&nbsp;b\u011b\u017en\u00e1 kv\u011btin\u00e1\u0159stv\u00ed, je ale nutn\u00e9 <strong>se zeptat<\/strong>. Teprve pokud se vytvo\u0159\u00ed tlak ze&nbsp;strany z\u00e1kazn\u00edk\u016f, bude tlak i&nbsp;ze&nbsp;strany prodejc\u016f.<\/p>\n<p>Kv\u011btin\u00e1\u0159stv\u00ed s&nbsp;ekologicky p\u011bstovan\u00fdmi kv\u011btinami najdete v&nbsp;<a href=\"https:\/\/mapa.reduca.cz\/@7,49.9830,15.4907,12\">bezodpadov\u00e9 map\u011b<\/a> &#8211; nebojte se <strong>p\u0159id\u00e1vat dal\u0161\u00ed<\/strong>.<\/p>\n<h3>Zdroje<\/h3>\n<p><a href=\"https:\/\/www.veronica.cz\/kvetiny\" target=\"_blank\" rel=\"noopener\">Kv\u011btiny<\/a> (Ekologick\u00fd institut Veronica)<br \/>\n<a href=\"https:\/\/www.veronica.cz\/co-je-skryto-za-dokonalou-krasou-kvetin\" target=\"_blank\" rel=\"noopener\">Co je skryto za dokonalou kr\u00e1sou kv\u011btin<\/a> (Ekologick\u00fd institut Veronica)<br \/>\n<a href=\"https:\/\/www.margit.cz\/kytky-jsou-nesmysl\/\" target=\"_blank\" rel=\"noopener\">Kytky jsou ekologick\u00fd nesmysl<\/a> (Margit Slim\u00e1kov\u00e1)<br \/>\n<a href=\"http:\/\/ekolist.cz\/cz\/zelena-domacnost\/rady-a-navody\/kvetiny-jak-je-neznate-skody-na-zivotnim-prostredi-a-sexualni-zneuzivani\" target=\"_blank\" rel=\"noopener\">Kv\u011btiny jak je nezn\u00e1te: \u0161kody na \u017eivotn\u00edm prost\u0159ed\u00ed a&nbsp;sexu\u00e1ln\u00ed zneu\u017e\u00edv\u00e1n\u00ed<\/a> (Ekolist)<br \/>\n<a href=\"http:\/\/www.rozhlas.cz\/radiozurnal\/reportaze\/_zprava\/961950\" target=\"_blank\" rel=\"noopener\">P\u011bstov\u00e1n\u00ed r\u016f\u017e\u00ed v&nbsp;Keni? Zamo\u0159en\u00e9 prost\u0159ed\u00ed a&nbsp;zdravotn\u00ed probl\u00e9my<\/a>\u00a0(iRozhlas)<\/p>\n<p>&nbsp;<\/p>\n","protected":false},"excerpt":{"rendered":"<p>\u0158\u00edk\u00e1 se, \u017ee \u017eena je jako kv\u011btina, a&nbsp;ka\u017ed\u00fd spr\u00e1vn\u00fd mu\u017e by nem\u011bl zapom\u00ednat \u017een\u00e1m kv\u011btiny nosit. Dnes u\u017e ale kv\u011btiny mu\u017ei netrhaj\u00ed s&nbsp;l\u00e1skou na louce, ale kupuj\u00ed na rychlo v&nbsp;kv\u011btin\u00e1\u0159stv\u00ed&#8230; V\u00edte, odkud tyto kv\u011btiny poch\u00e1zej\u00ed? V\u00edte, \u017ee jejich p\u011bstov\u00e1n\u00ed je naprosto neekologick\u00e9?<\/p>\n","protected":false},"author":1,"featured_media":1430,"comment_status":"open","ping_status":"closed","sticky":false,"template":"","format":"standard","meta":{"_monsterinsights_skip_tracking":false,"_monsterinsights_sitenote_active":false,"_monsterinsights_sitenote_note":"","_monsterinsights_sitenote_category":0,"jetpack_post_was_ever_published":false,"footnotes":"","_links_to":"","_links_to_target":""},"categories":[11],"tags":[42,83,91,34,92,2],"jetpack_featured_media_url":"https:\/\/i0.wp.com\/www.reduca.cz\/blog\/wp-content\/uploads\/2018\/02\/flowers.jpeg?fit=4256%2C2832&ssl=1","jetpack_sharing_enabled":true,"jetpack_shortlink":"https:\/\/wp.me\/p9d4BP-kc","jetpack_likes_enabled":false,"jetpack-related-posts":[{"id":1111,"url":"https:\/\/www.reduca.cz\/blog\/116-dusicky-bez-odpadu\/","url_meta":{"origin":1252,"position":0},"title":"#116 &#8211; du\u0161i\u010dky bez odpadu","date":"24. 4. 2017","format":false,"excerpt":"Du\u0161i\u010dky m\u011b osobn\u011b nikdy p\u0159\u00edli\u0161 nezasahovaly, m\u00e1m to \u0161t\u011bst\u00ed, \u017ee nen\u00ed moc hrob\u016f, kter\u00e9 bych mohla nav\u0161t\u011bvovat. A ty, kter\u00e9 m\u00e1m, jsou na r\u016fzn\u00fdch m\u00edstech daleko od domova, tak\u017ee je nav\u0161t\u011bvuji p\u0159\u00edle\u017eitostn\u011b, kdy\u017e se v m\u00edst\u011b pohybuji. Pokud se v\u0161ak chyst\u00e1te vzpomenout si na sv\u00e9 bl\u00edzk\u00e9 jinak ne\u017e z poklidu\u2026","rel":"","context":"In &quot;Den\u00ed\u010dek na\u0161\u00ed dom\u00e1cnosti&quot;","img":{"alt_text":"","src":"https:\/\/i0.wp.com\/www.reduca.cz\/blog\/wp-content\/uploads\/2017\/11\/23004428_791096177763708_4191153103510878590_o.jpg?fit=1200%2C801&ssl=1&resize=350%2C200","width":350,"height":200},"classes":[]},{"id":1530,"url":"https:\/\/www.reduca.cz\/blog\/sezonne-a-lokalne-duben\/","url_meta":{"origin":1252,"position":1},"title":"Sez\u00f3nn\u011b a&nbsp;lok\u00e1ln\u011b &#8211; DUBEN","date":"8. 4. 2018","format":false,"excerpt":"V dubnu u\u017e za\u010d\u00edn\u00e1 v\u0161e kv\u00e9st a prvn\u00ed zelen\u00e1 \u00faroda klepe na dve\u0159e. \u0160\u00e1hn\u011bte po prvn\u00ed jarn\u00ed zelenin\u011b a (nebo) dojezte zbytky ze spi\u017e\u00edrny.","rel":"","context":"In &quot;Kuchy\u0148&quot;","img":{"alt_text":"","src":"https:\/\/i0.wp.com\/www.reduca.cz\/blog\/wp-content\/uploads\/2018\/04\/main-duben.jpg?fit=1120%2C744&ssl=1&resize=350%2C200","width":350,"height":200},"classes":[]},{"id":656,"url":"https:\/\/www.reduca.cz\/blog\/den-padesaty-uklid-okoli\/","url_meta":{"origin":1252,"position":2},"title":"Den pades\u00e1t\u00fd &#8211; \u00faklid okol\u00ed","date":"18. 2. 2017","format":false,"excerpt":"Je to jak s politikou - v\u0161ichni nad\u00e1vaj\u00ed a maj\u00ed tis\u00edce rad, ale skute\u010dnou ruku k d\u00edlu p\u0159ilo\u017e\u00ed m\u00e1lokdo. \u010casto sly\u0161\u00edm nad\u00e1vky, jak je to kolem n\u00e1s \u0161pinav\u00e9, jac\u00ed jsou lid\u00e9 bordel\u00e1\u0159i, sama jsem se v\u017edy s odporem d\u00edvala na to, co jsou lid\u00e9 schopni odhodit do p\u0159\u00edrody. D\u00edky 40denn\u00ed\u2026","rel":"","context":"In &quot;Den\u00ed\u010dek na\u0161\u00ed dom\u00e1cnosti&quot;","img":{"alt_text":"","src":"https:\/\/i0.wp.com\/www.reduca.cz\/blog\/wp-content\/uploads\/2017\/10\/neporadek3.jpg?fit=1200%2C800&ssl=1&resize=350%2C200","width":350,"height":200},"classes":[]},{"id":1805,"url":"https:\/\/www.reduca.cz\/blog\/jak-zuby-cistit-a-zivotni-prostredi-neznecistit-cast-prvni-prirodni-kartacky\/","url_meta":{"origin":1252,"position":3},"title":"Jak zuby \u010distit a&nbsp;\u017eivotn\u00ed prost\u0159ed\u00ed nezne\u010distit? \u010c\u00e1st prvn\u00ed: p\u0159\u00edrodn\u00ed kart\u00e1\u010dky","date":"29. 10. 2018","format":false,"excerpt":"\u010cist\u00edte si zuby d\u016fsledn\u011b? Pr\u016fm\u011brn\u00fd \u010dlov\u011bk za \u017eivot vyhod\u00ed zhruba 300 kart\u00e1\u010dk\u016f. Kart\u00e1\u010dky kv\u016fli sm\u011bsn\u00e9mu materi\u00e1lu \u0161t\u011btinek a plastov\u00e9 hlavice skon\u010d\u00ed nej\u010dast\u011bji ve sm\u011bsn\u00e9m odpadu, kter\u00fd se bu\u010f p\u00e1l\u00ed anebo skl\u00e1dkuje. A 300 kart\u00e1\u010dk\u016f (a jejich balen\u00ed) u\u017e n\u011bjak\u00e9 to kilo odpadu vytvo\u0159\u00ed. Pokud v\u00e1m p\u0159ijde 300 kart\u00e1\u010dk\u016f m\u00e1lo, vyn\u00e1sobte\u2026","rel":"","context":"In &quot;Koupelna&quot;","img":{"alt_text":"","src":"https:\/\/i0.wp.com\/www.reduca.cz\/blog\/wp-content\/uploads\/2018\/10\/brush-holder-1024x640.jpg?fit=1024%2C640&ssl=1&resize=350%2C200","width":350,"height":200},"classes":[]},{"id":1316,"url":"https:\/\/www.reduca.cz\/blog\/zahradnikuv-rok-aneb-zero-waste-kalendar\/","url_meta":{"origin":1252,"position":4},"title":"Zahradn\u00edk\u016fv rok aneb zero waste kalend\u00e1\u0159","date":"9. 1. 2018","format":false,"excerpt":"Chcete-li tvo\u0159it minim\u00e1ln\u00ed odpad, k n\u00e1kupu nesta\u010d\u00ed pou\u017e\u00edt jen vlastn\u00ed pytl\u00edky a n\u00e1doby, je t\u0159eba vyb\u00edrat\u00a0lok\u00e1ln\u00ed a sez\u00f3nn\u00ed ovoce a zeleninu. V\u00edte, kter\u00e9 si v obchod\u011b vyb\u00edrat? P\u0159ipravili jste si vhodn\u00e9 z\u00e1soby na zimu?\u00a0","rel":"","context":"In &quot;Kuchy\u0148&quot;","img":{"alt_text":"","src":"https:\/\/i0.wp.com\/www.reduca.cz\/blog\/wp-content\/uploads\/2018\/01\/garden.jpg?fit=1200%2C900&ssl=1&resize=350%2C200","width":350,"height":200},"classes":[]},{"id":1457,"url":"https:\/\/www.reduca.cz\/blog\/sezonne-a-lokalne-brezen\/","url_meta":{"origin":1252,"position":5},"title":"Sez\u00f3nn\u011b a&nbsp;lok\u00e1ln\u011b &#8211; B\u0158EZEN","date":"5. 3. 2018","format":false,"excerpt":"Zima pomalu kon\u010d\u00ed a jaro klepe na dve\u0159e, z\u00e1soby zeleniny se ten\u010d\u00ed a do nov\u00e9 \u00farody daleko. Proto jsem se vydala na cestu za lok\u00e1ln\u00edmi lu\u0161t\u011bninami a obilovinami, a hledala, co se s nimi d\u00e1 vykouzlit.","rel":"","context":"In &quot;Kuchy\u0148&quot;","img":{"alt_text":"","src":"https:\/\/i0.wp.com\/www.reduca.cz\/blog\/wp-content\/uploads\/2018\/02\/seedlings-epsom-salt-03312016.jpg?fit=1200%2C630&ssl=1&resize=350%2C200","width":350,"height":200},"classes":[]}],"_links":{"self":[{"href":"https:\/\/www.reduca.cz\/blog\/wp-json\/wp\/v2\/posts\/1252"}],"collection":[{"href":"https:\/\/www.reduca.cz\/blog\/wp-json\/wp\/v2\/posts"}],"about":[{"href":"https:\/\/www.reduca.cz\/blog\/wp-json\/wp\/v2\/types\/post"}],"author":[{"embeddable":true,"href":"https:\/\/www.reduca.cz\/blog\/wp-json\/wp\/v2\/users\/1"}],"replies":[{"embeddable":true,"href":"https:\/\/www.reduca.cz\/blog\/wp-json\/wp\/v2\/comments?post=1252"}],"version-history":[{"count":8,"href":"https:\/\/www.reduca.cz\/blog\/wp-json\/wp\/v2\/posts\/1252\/revisions"}],"predecessor-version":[{"id":2098,"href":"https:\/\/www.reduca.cz\/blog\/wp-json\/wp\/v2\/posts\/1252\/revisions\/2098"}],"wp:featuredmedia":[{"embeddable":true,"href":"https:\/\/www.reduca.cz\/blog\/wp-json\/wp\/v2\/media\/1430"}],"wp:attachment":[{"href":"https:\/\/www.reduca.cz\/blog\/wp-json\/wp\/v2\/media?parent=1252"}],"wp:term":[{"taxonomy":"category","embeddable":true,"href":"https:\/\/www.reduca.cz\/blog\/wp-json\/wp\/v2\/categories?post=1252"},{"taxonomy":"post_tag","embeddable":true,"href":"https:\/\/www.reduca.cz\/blog\/wp-json\/wp\/v2\/tags?post=1252"}],"curies":[{"name":"wp","href":"https:\/\/api.w.org\/{rel}","templated":true}]}}