{"id":1122,"date":"2017-04-27T16:21:58","date_gmt":"2017-04-27T14:21:58","guid":{"rendered":"https:\/\/www.reduca.cz\/blog\/?p=1122"},"modified":"2017-11-16T14:25:46","modified_gmt":"2017-11-16T13:25:46","slug":"119-hracky-z-odpadu","status":"publish","type":"post","link":"https:\/\/www.reduca.cz\/blog\/119-hracky-z-odpadu\/","title":{"rendered":"#119 &#8211; hra\u010dky z&nbsp;odpadu"},"content":{"rendered":"<p>Synovi moc hra\u010dek nekupujeme, jeliko\u017e se k&nbsp;n\u00e1m hra\u010dky dost\u00e1vaj\u00ed ve&nbsp;v\u00edce ne\u017e dostate\u010dn\u00e9m mno\u017estv\u00ed i&nbsp;tak &#8211; nejv\u00edc d\u011bd\u00edme. Nicm\u00e9n\u011b jsme m\u011bli nedostatek aut\u00ed\u010dek (\u010dti \u017e\u00e1dn\u00e9), co\u017e je u&nbsp;kluka nepostradateln\u00e1 v\u011bc\u00a0<span class=\"_47e3 _5mfr\" title=\"Emotikona smile\"><span class=\"_7oe\" aria-hidden=\"true\">\ud83d\ude42<\/span><\/span><\/p>\n<p>Poprv\u00e9 v&nbsp;\u017eivot\u011b jsem vyu\u017eila aplikaci\u00a0<a href=\"https:\/\/www.facebook.com\/letgoapp\/\" data-hovercard=\"\/ajax\/hovercard\/page.php?id=840194452712497&amp;extragetparams=%7B%22directed_target_id%22%3A0%7D\" data-hovercard-prefer-more-content-show=\"1\">letgo<\/a>\u00a0a po\u0159\u00eddila jsem za slu\u0161nou cenu p\u00e1r star\u00fdch kovov\u00fdch aut. Chyb\u011bla u\u017e jenom gar\u00e1\u017e&#8230;<span class=\"text_exposed_show\"><\/p>\n<p>Rozhodla jsem se tedy vyu\u017e\u00edt jedn\u00e9 z&nbsp;na\u0161ich krabic, co st\u00e1le nem\u016f\u017eu udat, a&nbsp;po&nbsp;vzoru sv\u00e9 prababi\u010dky p\u0159etvo\u0159it krabici od bot na n\u011bco hrateln\u00e9ho. U&nbsp;prababi\u010dky jsme v\u017edycky m\u011bli z&nbsp;krabice n\u00e1dhern\u00fd pokoj\u00ed\u010dek pro panenky, se z\u00e1clonkami, n\u00e1bytkem&#8230; A&nbsp;te\u010f jsem p\u0159evzala \u0161tafetu j\u00e1 a&nbsp;vytvo\u0159ila se synem skromnou gar\u00e1\u017e pro p\u00e1r aut. Radost jsme m\u011bli oba\u00a0<span class=\"_47e3 _5mfr\" title=\"Emotikona smile\"><span class=\"_7oe\" aria-hidden=\"true\">\ud83d\ude42<\/span><\/span><\/span><\/p>\n<h3>P\u016fvodn\u00ed p\u0159\u00edsp\u011bvek zde:<\/h3>\n<div class=\"fb-post wptime-fb-post-embed\" data-href=\"https:\/\/www.facebook.com\/redukujemeodpad\/photos\/a.639284676278193.1073741828.639281652945162\/793753270831332\/?type=3&amp;theater\" style=\"margin-bottom:30px;\"><\/div>\n","protected":false},"excerpt":{"rendered":"<p>Synovi moc hra\u010dek nekupujeme, jeliko\u017e se k&nbsp;n\u00e1m hra\u010dky dost\u00e1vaj\u00ed ve&nbsp;v\u00edce ne\u017e dostate\u010dn\u00e9m mno\u017estv\u00ed i&nbsp;tak &#8211; nejv\u00edc d\u011bd\u00edme. Nicm\u00e9n\u011b jsme m\u011bli nedostatek aut\u00ed\u010dek (\u010dti \u017e\u00e1dn\u00e9), co\u017e je u&nbsp;kluka nepostradateln\u00e1 v\u011bc\u00a0\ud83d\ude42 Poprv\u00e9 v&nbsp;\u017eivot\u011b jsem vyu\u017eila aplikaci\u00a0letgo\u00a0a po\u0159\u00eddila jsem za slu\u0161nou cenu p\u00e1r star\u00fdch kovov\u00fdch aut. Chyb\u011bla u\u017e jenom gar\u00e1\u017e&#8230; Rozhodla jsem se tedy vyu\u017e\u00edt jedn\u00e9 z&nbsp;na\u0161ich krabic, [&hellip;]<\/p>\n","protected":false},"author":1,"featured_media":1123,"comment_status":"open","ping_status":"closed","sticky":false,"template":"","format":"standard","meta":{"_monsterinsights_skip_tracking":false,"_monsterinsights_sitenote_active":false,"_monsterinsights_sitenote_note":"","_monsterinsights_sitenote_category":0,"jetpack_post_was_ever_published":false,"footnotes":"","_links_to":"","_links_to_target":""},"categories":[9],"tags":[42,56,43,57,34],"jetpack_featured_media_url":"https:\/\/i0.wp.com\/www.reduca.cz\/blog\/wp-content\/uploads\/2017\/11\/garaz.jpg?fit=5184%2C3456&ssl=1","jetpack_sharing_enabled":true,"jetpack_shortlink":"https:\/\/wp.me\/p9d4BP-i6","jetpack_likes_enabled":true,"jetpack-related-posts":[{"id":1104,"url":"https:\/\/www.reduca.cz\/blog\/114-vlastni-drak\/","url_meta":{"origin":1122,"position":0},"title":"#114 &#8211; vlastn\u00ed drak","date":"22. 4. 2017","format":false,"excerpt":"Leto\u0161n\u00ed rok jsem se sna\u017eila zav\u00e9st pro na\u0161e kluky novou tradici - aby se drak nejen pou\u0161t\u011bl, ale tak\u00e9 se vyrobil doma. Dodnes si toti\u017e pamatuju, jak jsme draka kdysi vyr\u00e1b\u011bli s ta\u0165kou a jak hrd\u011b jsem si ho nesla, proto\u017ee jsme si ho d\u011blali sami. Kdy\u017e jsem se d\u00edvala,\u2026","rel":"","context":"In &quot;Den\u00ed\u010dek na\u0161\u00ed dom\u00e1cnosti&quot;","img":{"alt_text":"","src":"https:\/\/i0.wp.com\/www.reduca.cz\/blog\/wp-content\/uploads\/2017\/11\/drak.jpg?fit=1200%2C800&ssl=1&resize=350%2C200","width":350,"height":200},"classes":[]},{"id":133,"url":"https:\/\/www.reduca.cz\/blog\/redukujeme-domacnost-5-dil-hracky\/","url_meta":{"origin":1122,"position":1},"title":"Redukujeme dom\u00e1cnost &#8211; 5.&nbsp;d\u00edl: hra\u010dky","date":"12. 4. 2017","format":false,"excerpt":"Dom\u00e1cnost bez odpadu neznamen\u00e1 jen pr\u00e1zdn\u00fd odpadkov\u00fd ko\u0161. Znamen\u00e1 tak\u00e9 po\u0159\u00e1dek uvnit\u0159 dom\u00e1cnosti, bez zbyte\u010dnost\u00ed, kter\u00e9 n\u00e1sledn\u00fd odpad jednou vytvo\u0159\u00ed.","rel":"","context":"In &quot;D\u011bti&quot;","img":{"alt_text":"","src":"https:\/\/i0.wp.com\/www.reduca.cz\/blog\/wp-content\/uploads\/2017\/09\/toys.jpg?fit=1200%2C801&ssl=1&resize=350%2C200","width":350,"height":200},"classes":[]},{"id":776,"url":"https:\/\/www.reduca.cz\/blog\/den-sedmdesaty-prvni-velikonoce\/","url_meta":{"origin":1122,"position":2},"title":"Den sedmdes\u00e1t\u00fd prvn\u00ed &#8211; Velikonoce","date":"11. 3. 2017","format":false,"excerpt":"P\u0159es sv\u00e1tky jsem vypnula hlavu a z v\u011bt\u0161\u00ed \u010d\u00e1sti i soci\u00e1ln\u00ed s\u00edt\u011b. Poprv\u00e9 v \u017eivot\u011b (alespo\u0148 z t\u00e9 \u010d\u00e1sti \u017eivota, co si pamatuji) jsem barvila vaj\u00ed\u010dka p\u0159\u00edrodn\u00edmi barvami - kurkumou, cibulov\u00fdmi slupkami a \u0159epou (kter\u00e1 se tedy v\u016fbec nevyvedla). Bezobalov\u011b se mi neda\u0159ilo nakoupit l\u00e1man\u00e9 mandle (a man\u017eelovi se neda\u0159ilo\u2026","rel":"","context":"In &quot;Den\u00ed\u010dek na\u0161\u00ed dom\u00e1cnosti&quot;","img":{"alt_text":"","src":"https:\/\/i0.wp.com\/www.reduca.cz\/blog\/wp-content\/uploads\/2017\/10\/vajicka2.jpg?fit=1200%2C800&ssl=1&resize=350%2C200","width":350,"height":200},"classes":[]},{"id":1131,"url":"https:\/\/www.reduca.cz\/blog\/122-domaci-produkce\/","url_meta":{"origin":1122,"position":3},"title":"#122 &#8211; dom\u00e1c\u00ed produkce","date":"30. 4. 2017","format":false,"excerpt":"Zat\u00edmco j\u00e1 se synem jsme si u\u017e\u00edvali lesa, man\u017eel tvrd\u011b pracoval na na\u0161\u00ed minizahr\u00e1dce, abychom m\u011bli kde zasadit p\u00e1r bylinek a n\u011bjakou tu zeleninu. Dneska jsem si kone\u010dn\u011b zajela pro prvn\u00ed v\u00e1rku na\u0161ich p\u011bstitelsk\u00fdch pokus\u016f do zahradnictv\u00ed pobl\u00ed\u017e. Nejen, \u017ee jsem nakoupila bez kv\u011btin\u00e1\u010d\u016f, ale vzala jsem n\u00e1m rovnou i\u2026","rel":"","context":"In &quot;Den\u00ed\u010dek na\u0161\u00ed dom\u00e1cnosti&quot;","img":{"alt_text":"","src":"https:\/\/i0.wp.com\/www.reduca.cz\/blog\/wp-content\/uploads\/2017\/11\/20800040_757120637827929_6417648327811270583_n.jpg?fit=960%2C720&ssl=1&resize=350%2C200","width":350,"height":200},"classes":[]},{"id":705,"url":"https:\/\/www.reduca.cz\/blog\/vareni-s-minimem-odpadu\/","url_meta":{"origin":1122,"position":4},"title":"#124 &#8211; va\u0159en\u00ed s&nbsp;minimem odpadu","date":"2. 5. 2017","format":false,"excerpt":"Ani po t\u0159i \u010dtvrt\u011b roce nejsem schopn\u00e1 za\u010d\u00edt si ps\u00e1t j\u00eddeln\u00ed\u010dek. N\u011bjak na to nem\u00e1me doma bu\u0148ky. Jak tedy va\u0159\u00edm? Proto\u017ee si nos\u00edme pod\u00edly z KPZ, \u010dasto nem\u016f\u017eu dop\u0159edu odhadnout, co budeme m\u00edt k dispozici. Zeleninu dokupuji bu\u010f v bl\u00edzk\u00e9m zahradnictv\u00ed, kde v\u00e1m ji natrhaj\u00ed p\u0159\u00edmo ze zahrady, anebo v\u2026","rel":"","context":"In &quot;Den\u00ed\u010dek na\u0161\u00ed dom\u00e1cnosti&quot;","img":{"alt_text":"","src":"https:\/\/i0.wp.com\/www.reduca.cz\/blog\/wp-content\/uploads\/2017\/10\/IMG_8831.jpg?fit=1200%2C800&ssl=1&resize=350%2C200","width":350,"height":200},"classes":[]},{"id":1842,"url":"https:\/\/www.reduca.cz\/blog\/muj-tyden-bez-odpadu-2018\/","url_meta":{"origin":1122,"position":5},"title":"M\u016fj T\u00fdden bez odpadu 2018","date":"23. 9. 2018","format":false,"excerpt":"Na prvn\u00ed t\u00fdden z\u00e1\u0159\u00ed p\u0159ipadal letos T\u00fdden bez odpadu, akce, kterou organizuj\u00ed holky z Czech zero waste. J\u00e1 ho pojala ve velk\u00e9m stylu a setk\u00e1n\u00ed jsem absolvovala ka\u017ed\u00fd den.","rel":"","context":"In &quot;Z na\u0161eho domova&quot;","img":{"alt_text":"","src":"https:\/\/i0.wp.com\/www.reduca.cz\/blog\/wp-content\/uploads\/2018\/09\/tydenbezodpadu.jpg?fit=1200%2C575&ssl=1&resize=350%2C200","width":350,"height":200},"classes":[]}],"_links":{"self":[{"href":"https:\/\/www.reduca.cz\/blog\/wp-json\/wp\/v2\/posts\/1122"}],"collection":[{"href":"https:\/\/www.reduca.cz\/blog\/wp-json\/wp\/v2\/posts"}],"about":[{"href":"https:\/\/www.reduca.cz\/blog\/wp-json\/wp\/v2\/types\/post"}],"author":[{"embeddable":true,"href":"https:\/\/www.reduca.cz\/blog\/wp-json\/wp\/v2\/users\/1"}],"replies":[{"embeddable":true,"href":"https:\/\/www.reduca.cz\/blog\/wp-json\/wp\/v2\/comments?post=1122"}],"version-history":[{"count":1,"href":"https:\/\/www.reduca.cz\/blog\/wp-json\/wp\/v2\/posts\/1122\/revisions"}],"predecessor-version":[{"id":1124,"href":"https:\/\/www.reduca.cz\/blog\/wp-json\/wp\/v2\/posts\/1122\/revisions\/1124"}],"wp:featuredmedia":[{"embeddable":true,"href":"https:\/\/www.reduca.cz\/blog\/wp-json\/wp\/v2\/media\/1123"}],"wp:attachment":[{"href":"https:\/\/www.reduca.cz\/blog\/wp-json\/wp\/v2\/media?parent=1122"}],"wp:term":[{"taxonomy":"category","embeddable":true,"href":"https:\/\/www.reduca.cz\/blog\/wp-json\/wp\/v2\/categories?post=1122"},{"taxonomy":"post_tag","embeddable":true,"href":"https:\/\/www.reduca.cz\/blog\/wp-json\/wp\/v2\/tags?post=1122"}],"curies":[{"name":"wp","href":"https:\/\/api.w.org\/{rel}","templated":true}]}}