{"id":1114,"date":"2017-04-25T16:16:48","date_gmt":"2017-04-25T14:16:48","guid":{"rendered":"https:\/\/www.reduca.cz\/blog\/?p=1114"},"modified":"2017-11-16T14:25:47","modified_gmt":"2017-11-16T13:25:47","slug":"117-domaci-kvaseni","status":"publish","type":"post","link":"https:\/\/www.reduca.cz\/blog\/117-domaci-kvaseni\/","title":{"rendered":"#117 &#8211; dom\u00e1c\u00ed kva\u0161en\u00ed"},"content":{"rendered":"<p>Doma tvo\u0159\u00edm neust\u00e1le\u00a0<span class=\"_47e3 _5mfr\" title=\"Emotikona smile\"><span class=\"_7oe\" aria-hidden=\"true\">\ud83d\ude42<\/span><\/span>\u00a0Moment\u00e1ln\u011b testuju, jak a&nbsp;jestli n\u00e1m bude chutnat doma p\u0159ipraven\u00e1 kva\u0161en\u00e1 zelenina. Na tu \u010dtu chv\u00e1lu u\u017e dostate\u010dn\u011b dlouhou dobu na to, abych si ji v&nbsp;dob\u011b zeln\u00e9 hojnosti kone\u010dn\u011b p\u0159ipravila.<\/p>\n<p>A zas u\u0161et\u0159\u00edme nejednu sklenici.<\/p>\n<p>V\u00fdsledek vypad\u00e1 takto:<\/p>\n<p><img loading=\"lazy\" decoding=\"async\" data-attachment-id=\"1116\" data-permalink=\"https:\/\/www.reduca.cz\/blog\/117-domaci-kvaseni\/kvaseni2\/\" data-orig-file=\"https:\/\/i0.wp.com\/www.reduca.cz\/blog\/wp-content\/uploads\/2017\/11\/kvaseni2.jpg?fit=5184%2C3456&amp;ssl=1\" data-orig-size=\"5184,3456\" data-comments-opened=\"1\" data-image-meta=\"{&quot;aperture&quot;:&quot;2.8&quot;,&quot;credit&quot;:&quot;&quot;,&quot;camera&quot;:&quot;Canon EOS 650D&quot;,&quot;caption&quot;:&quot;&quot;,&quot;created_timestamp&quot;:&quot;1510082089&quot;,&quot;copyright&quot;:&quot;&quot;,&quot;focal_length&quot;:&quot;50&quot;,&quot;iso&quot;:&quot;100&quot;,&quot;shutter_speed&quot;:&quot;0.005&quot;,&quot;title&quot;:&quot;&quot;,&quot;orientation&quot;:&quot;1&quot;}\" data-image-title=\"kvaseni2\" data-image-description=\"\" data-image-caption=\"\" data-medium-file=\"https:\/\/i0.wp.com\/www.reduca.cz\/blog\/wp-content\/uploads\/2017\/11\/kvaseni2.jpg?fit=300%2C200&amp;ssl=1\" data-large-file=\"https:\/\/i0.wp.com\/www.reduca.cz\/blog\/wp-content\/uploads\/2017\/11\/kvaseni2.jpg?fit=648%2C432&amp;ssl=1\" class=\"aligncenter size-large wp-image-1116\" src=\"https:\/\/i0.wp.com\/www.reduca.cz\/blog\/wp-content\/uploads\/2017\/11\/kvaseni2.jpg?resize=648%2C432&#038;ssl=1\" alt=\"\" width=\"648\" height=\"432\" srcset=\"https:\/\/i0.wp.com\/www.reduca.cz\/blog\/wp-content\/uploads\/2017\/11\/kvaseni2.jpg?resize=1024%2C683&amp;ssl=1 1024w, https:\/\/i0.wp.com\/www.reduca.cz\/blog\/wp-content\/uploads\/2017\/11\/kvaseni2.jpg?resize=300%2C200&amp;ssl=1 300w, https:\/\/i0.wp.com\/www.reduca.cz\/blog\/wp-content\/uploads\/2017\/11\/kvaseni2.jpg?resize=768%2C512&amp;ssl=1 768w, https:\/\/i0.wp.com\/www.reduca.cz\/blog\/wp-content\/uploads\/2017\/11\/kvaseni2.jpg?w=1296&amp;ssl=1 1296w, https:\/\/i0.wp.com\/www.reduca.cz\/blog\/wp-content\/uploads\/2017\/11\/kvaseni2.jpg?w=1944&amp;ssl=1 1944w\" sizes=\"(max-width: 648px) 100vw, 648px\" data-recalc-dims=\"1\" \/><\/p>\n<h3>P\u016fvodn\u00ed p\u0159\u00edsp\u011bvek zde:<\/h3>\n<div class=\"fb-post wptime-fb-post-embed\" data-href=\"https:\/\/www.facebook.com\/redukujemeodpad\/photos\/a.639284676278193.1073741828.639281652945162\/792386310968028\/?type=3&amp;theater\" style=\"margin-bottom:30px;\"><\/div>\n","protected":false},"excerpt":{"rendered":"<p>Doma tvo\u0159\u00edm neust\u00e1le\u00a0\ud83d\ude42\u00a0Moment\u00e1ln\u011b testuju, jak a&nbsp;jestli n\u00e1m bude chutnat doma p\u0159ipraven\u00e1 kva\u0161en\u00e1 zelenina. Na tu \u010dtu chv\u00e1lu u\u017e dostate\u010dn\u011b dlouhou dobu na to, abych si ji v&nbsp;dob\u011b zeln\u00e9 hojnosti kone\u010dn\u011b p\u0159ipravila. A&nbsp;zas u\u0161et\u0159\u00edme nejednu sklenici. V\u00fdsledek vypad\u00e1 takto: P\u016fvodn\u00ed p\u0159\u00edsp\u011bvek zde:<\/p>\n","protected":false},"author":1,"featured_media":1115,"comment_status":"open","ping_status":"closed","sticky":false,"template":"","format":"standard","meta":{"_monsterinsights_skip_tracking":false,"_monsterinsights_sitenote_active":false,"_monsterinsights_sitenote_note":"","_monsterinsights_sitenote_category":0,"jetpack_post_was_ever_published":false,"footnotes":"","_links_to":"","_links_to_target":""},"categories":[9],"tags":[41,42,34,69,2],"jetpack_featured_media_url":"https:\/\/i0.wp.com\/www.reduca.cz\/blog\/wp-content\/uploads\/2017\/11\/kvaseni1.jpg?fit=5184%2C3456&ssl=1","jetpack_sharing_enabled":true,"jetpack_shortlink":"https:\/\/wp.me\/p9d4BP-hY","jetpack_likes_enabled":true,"jetpack-related-posts":[{"id":749,"url":"https:\/\/www.reduca.cz\/blog\/den-sedesaty-treti-jidlo-s-sebou-do-krabicky\/","url_meta":{"origin":1114,"position":0},"title":"Den \u0161edes\u00e1t\u00fd t\u0159et\u00ed &#8211; j\u00eddlo s&nbsp;sebou do krabi\u010dky","date":"3. 3. 2017","format":false,"excerpt":"Bez obal\u016f jsme i na cest\u00e1ch. Kdy\u017e nen\u00ed \u010das (nebo prostor) uva\u0159it si doma ob\u011bd, ale chcete se naj\u00edst v p\u0159\u00edrod\u011b, nen\u00ed jin\u00e9 cesty ne\u017e vz\u00edt si j\u00eddlo s sebou. Dnes jsem si tedy poprv\u00e9 v \u017eivot\u011b vzala j\u00eddlo do vlastn\u00ed krabi\u010dky. K tomu kafe do sv\u00e9ho termohrnku a hur\u00e1\u2026","rel":"","context":"In &quot;Den\u00ed\u010dek na\u0161\u00ed dom\u00e1cnosti&quot;","img":{"alt_text":"","src":"https:\/\/i0.wp.com\/www.reduca.cz\/blog\/wp-content\/uploads\/2017\/10\/svacina.jpg?fit=1200%2C800&ssl=1&resize=350%2C200","width":350,"height":200},"classes":[]},{"id":1193,"url":"https:\/\/www.reduca.cz\/blog\/tesime-se-na-vanoce-i-bez-odpadu\/","url_meta":{"origin":1114,"position":1},"title":"T\u011b\u0161\u00edme se na V\u00e1noce i&nbsp;bez odpadu","date":"30. 11. 2017","format":false,"excerpt":"Jak se l\u00e9pe t\u011b\u0161it na V\u00e1noce ne\u017e za pomoc\u00ed adventn\u00edho kalend\u00e1\u0159e? A co teprve za pomoc\u00ed adventn\u00edho kalend\u00e1\u0159e s l\u00e1skou vyroben\u00e9ho p\u0159\u00edmo na m\u00edru?","rel":"","context":"In &quot;DIY (ud\u011blej si s\u00e1m)&quot;","img":{"alt_text":"","src":"https:\/\/i0.wp.com\/www.reduca.cz\/blog\/wp-content\/uploads\/2017\/11\/IMG_9865.jpg?fit=1200%2C800&ssl=1&resize=350%2C200","width":350,"height":200},"classes":[]},{"id":681,"url":"https:\/\/www.reduca.cz\/blog\/den-padesaty-osmy-nakup-v-ikea\/","url_meta":{"origin":1114,"position":2},"title":"Den pades\u00e1t\u00fd osm\u00fd &#8211; n\u00e1kup v&nbsp;Ikea","date":"26. 2. 2017","format":false,"excerpt":"Pot\u0159ebovala jsem (nejen) sklenice na potraviny, abych je m\u011bla v \u010dem skladovat, m\u00e1 skromn\u00e1 z\u00e1soba je toti\u017e siln\u011b nedosta\u010duj\u00edc\u00ed, a tak jsem vyjela do Ikea. V\u011bd\u011bli jste, \u017ee Ikea prod\u00e1v\u00e1 sladkosti na v\u00e1hu? A\u0165 u\u017e m\u00e1te chu\u0165 h\u0159e\u0161it nebo m\u00e1te doma mlsn\u00fd jaz\u00fd\u010dek, jako m\u00e1m doma j\u00e1, po zaplacen\u00ed n\u00e1kupu\u2026","rel":"","context":"In &quot;Den\u00ed\u010dek na\u0161\u00ed dom\u00e1cnosti&quot;","img":{"alt_text":"","src":"https:\/\/i0.wp.com\/www.reduca.cz\/blog\/wp-content\/uploads\/2017\/10\/ikea1.jpg?fit=1200%2C800&ssl=1&resize=350%2C200","width":350,"height":200},"classes":[]},{"id":588,"url":"https:\/\/www.reduca.cz\/blog\/den-ctyricaty-priprava-na-dovolenou\/","url_meta":{"origin":1114,"position":3},"title":"Den \u010dty\u0159ic\u00e1t\u00fd &#8211; p\u0159\u00edprava na dovolenou","date":"8. 2. 2017","format":false,"excerpt":"Nechali jsme doma starosti v\u0161edn\u00edch dn\u00ed a odjeli jsme se rekreovat na hory. A abychom nemuseli po ve\u010derk\u00e1ch sh\u00e1n\u011bt potraviny s vysokohorskou p\u0159ir\u00e1\u017ekou a odpadem nav\u00edc, ud\u011blala jsem poctivou p\u0159\u00edpravu a vzala v\u0161e s sebou\u00a0 M\u00e1me zde pomaz\u00e1nky na chleba, \u0159epovou a vaj\u00ed\u010dkovou, zbytek od ob\u011bda a ob\u011bd na n\u00e1sleduj\u00edc\u00ed\u2026","rel":"","context":"In &quot;Den\u00ed\u010dek na\u0161\u00ed dom\u00e1cnosti&quot;","img":{"alt_text":"","src":"https:\/\/i0.wp.com\/www.reduca.cz\/blog\/wp-content\/uploads\/2017\/02\/lednicka.jpg?fit=1200%2C800&ssl=1&resize=350%2C200","width":350,"height":200},"classes":[]},{"id":571,"url":"https:\/\/www.reduca.cz\/blog\/den-tricaty-treti-dzus-bez-krabice\/","url_meta":{"origin":1114,"position":4},"title":"Den t\u0159ic\u00e1t\u00fd t\u0159et\u00ed &#8211; d\u017eus bez krabice","date":"1. 2. 2017","format":false,"excerpt":"Francouzi jsou zn\u00e1m\u00ed svou sn\u00eddan\u00ed: croissant, k\u00e1va a pomen\u010dov\u00fd d\u017eus. Croissanty jsme dneska nem\u011bli, tak jsme si doma vyrobili alespo\u0148 100% \u0161\u0165\u00e1vu. Takov\u00fd n\u00e1poj m\u00e1 \u00fapln\u011b jinou chu\u0165 ne\u017e v\u0161echny r\u00e1doby 100% krabice. A po shl\u00e9dnut\u00ed dokumentu Pomeran\u010dov\u00fd d\u017eus, kysel\u00e1 realita,\u00a0u\u017e v\u00edm, \u017ee taky \u00fapln\u011b jin\u00e9 vitam\u00edny. Od\u0161\u0165savnit si doma\u2026","rel":"","context":"In &quot;Den\u00ed\u010dek na\u0161\u00ed dom\u00e1cnosti&quot;","img":{"alt_text":"","src":"https:\/\/i0.wp.com\/www.reduca.cz\/blog\/wp-content\/uploads\/2017\/02\/dzus.jpg?fit=800%2C1200&ssl=1&resize=350%2C200","width":350,"height":200},"classes":[]},{"id":359,"url":"https:\/\/www.reduca.cz\/blog\/den-tricaty-domaci-mazlicci\/","url_meta":{"origin":1114,"position":5},"title":"Den t\u0159ic\u00e1t\u00fd &#8211; dom\u00e1c\u00ed mazl\u00ed\u010dci","date":"29. 1. 2017","format":false,"excerpt":"Doma m\u00e1me dv\u011b ko\u010di\u010dky. Po \u0161esti letech nesmysln\u00e9ho balen\u00ed ko\u010di\u010d\u00ed produkce do igelitov\u00e9ho pytl\u00edku u\u017e nemus\u00edm plakat, \u017ee te\u010f z obchodu nenos\u00edm igeli\u0165\u00e1ky. Za\u010dala jsem v\u0161e vyhazovat do z\u00e1chodu. \u0160lo by je vyhazovat do speci\u00e1ln\u00edho kompost\u00e9ru, ale na to nem\u00e1me dostate\u010dnou zahradu. Exkrementy vyhazuji t\u00e9m\u011b\u0159 okam\u017eit\u011b, aby v byt\u011b nesmrd\u011bly\u2026","rel":"","context":"In &quot;Den\u00ed\u010dek na\u0161\u00ed dom\u00e1cnosti&quot;","img":{"alt_text":"","src":"https:\/\/i0.wp.com\/www.reduca.cz\/blog\/wp-content\/uploads\/2017\/09\/kocicky.jpg?fit=1200%2C800&ssl=1&resize=350%2C200","width":350,"height":200},"classes":[]}],"_links":{"self":[{"href":"https:\/\/www.reduca.cz\/blog\/wp-json\/wp\/v2\/posts\/1114"}],"collection":[{"href":"https:\/\/www.reduca.cz\/blog\/wp-json\/wp\/v2\/posts"}],"about":[{"href":"https:\/\/www.reduca.cz\/blog\/wp-json\/wp\/v2\/types\/post"}],"author":[{"embeddable":true,"href":"https:\/\/www.reduca.cz\/blog\/wp-json\/wp\/v2\/users\/1"}],"replies":[{"embeddable":true,"href":"https:\/\/www.reduca.cz\/blog\/wp-json\/wp\/v2\/comments?post=1114"}],"version-history":[{"count":1,"href":"https:\/\/www.reduca.cz\/blog\/wp-json\/wp\/v2\/posts\/1114\/revisions"}],"predecessor-version":[{"id":1117,"href":"https:\/\/www.reduca.cz\/blog\/wp-json\/wp\/v2\/posts\/1114\/revisions\/1117"}],"wp:featuredmedia":[{"embeddable":true,"href":"https:\/\/www.reduca.cz\/blog\/wp-json\/wp\/v2\/media\/1115"}],"wp:attachment":[{"href":"https:\/\/www.reduca.cz\/blog\/wp-json\/wp\/v2\/media?parent=1114"}],"wp:term":[{"taxonomy":"category","embeddable":true,"href":"https:\/\/www.reduca.cz\/blog\/wp-json\/wp\/v2\/categories?post=1114"},{"taxonomy":"post_tag","embeddable":true,"href":"https:\/\/www.reduca.cz\/blog\/wp-json\/wp\/v2\/tags?post=1114"}],"curies":[{"name":"wp","href":"https:\/\/api.w.org\/{rel}","templated":true}]}}