{"id":1057,"date":"2017-04-12T14:08:16","date_gmt":"2017-04-12T12:08:16","guid":{"rendered":"https:\/\/www.reduca.cz\/blog\/?p=1057"},"modified":"2018-10-10T15:46:22","modified_gmt":"2018-10-10T13:46:22","slug":"103-prepustene-maslo","status":"publish","type":"post","link":"https:\/\/www.reduca.cz\/blog\/103-prepustene-maslo\/","title":{"rendered":"#103 &#8211; p\u0159epu\u0161t\u011bn\u00e9 m\u00e1slo"},"content":{"rendered":"<p>Je skoro a\u017e s&nbsp;podivem, \u017ee o&nbsp;tomhle mal\u00e9m z\u00e1zraku jsem je\u0161t\u011b nepsala, obzvl\u00e1\u0161\u0165 kdy\u017e sleduji, s&nbsp;jakou honosnost\u00ed se prod\u00e1v\u00e1 ve&nbsp;skleni\u010dk\u00e1ch Gh\u00ed.<\/p>\n<p>P\u0159epu\u0161t\u011bn\u00e9 m\u00e1slo je skv\u011bl\u00e9 na pe\u010den\u00ed a&nbsp;sma\u017een\u00ed, a&nbsp;j\u00e1 miluji jeho o\u0159\u00ed\u0161kovou v\u016fni, kter\u00e1 se v\u017edy rozlije kuchyn\u00ed, kdy\u017e na n\u011bm p\u0159ipravuji cibuli se zeleninou. Jedn\u00e1 se o&nbsp;bezvod\u00fd tuk, z\u00edsk\u00e1van\u00fd z&nbsp;(kravsk\u00e9ho) m\u00e1sla. Jeho <a href=\"https:\/\/kitchenette.cz\/clanek\/122-ghi-aneb-prepustene-maslo\">p\u0159\u00edprava je hrozn\u011b jednoduch\u00e1<\/a><span class=\"text_exposed_show\"> a&nbsp;s&nbsp;trochou snahy i&nbsp;kompletn\u011b bezobalov\u00e1, pokud m\u00e1te jako j\u00e1 mo\u017enost kupovat m\u00e1slo na v\u00e1hu.<\/span><\/p>\n<p>Na \u010dem p\u0159ipravujete j\u00eddlo vy?<\/p>\n<h3>P\u016fvodn\u00ed p\u0159\u00edsp\u011bvek zde:<\/h3>\n<div class=\"fb-post wptime-fb-post-embed\" data-href=\"https:\/\/www.facebook.com\/redukujemeodpad\/photos\/a.639284676278193.1073741828.639281652945162\/767490600124266\/?type=3&amp;theater\" style=\"margin-bottom:30px;\"><\/div>\n","protected":false},"excerpt":{"rendered":"<p>Je skoro a\u017e s&nbsp;podivem, \u017ee o&nbsp;tomhle mal\u00e9m z\u00e1zraku jsem je\u0161t\u011b nepsala, obzvl\u00e1\u0161\u0165 kdy\u017e sleduji, s&nbsp;jakou honosnost\u00ed se prod\u00e1v\u00e1 ve&nbsp;skleni\u010dk\u00e1ch Gh\u00ed. P\u0159epu\u0161t\u011bn\u00e9 m\u00e1slo je skv\u011bl\u00e9 na pe\u010den\u00ed a&nbsp;sma\u017een\u00ed, a&nbsp;j\u00e1 miluji jeho o\u0159\u00ed\u0161kovou v\u016fni, kter\u00e1 se v\u017edy rozlije kuchyn\u00ed, kdy\u017e na n\u011bm p\u0159ipravuji cibuli se zeleninou. Jedn\u00e1 se o&nbsp;bezvod\u00fd tuk, z\u00edsk\u00e1van\u00fd z&nbsp;(kravsk\u00e9ho) m\u00e1sla. Jeho p\u0159\u00edprava je hrozn\u011b [&hellip;]<\/p>\n","protected":false},"author":1,"featured_media":1058,"comment_status":"open","ping_status":"closed","sticky":false,"template":"","format":"standard","meta":{"_monsterinsights_skip_tracking":false,"_monsterinsights_sitenote_active":false,"_monsterinsights_sitenote_note":"","_monsterinsights_sitenote_category":0,"jetpack_post_was_ever_published":false,"footnotes":"","_links_to":"","_links_to_target":""},"categories":[9,124,29],"tags":[41,42,46,34,69,2],"jetpack_featured_media_url":"https:\/\/i0.wp.com\/www.reduca.cz\/blog\/wp-content\/uploads\/2017\/11\/ghi2.jpg?fit=3000%2C2000&ssl=1","jetpack_sharing_enabled":true,"jetpack_shortlink":"https:\/\/wp.me\/p9d4BP-h3","jetpack_likes_enabled":true,"jetpack-related-posts":[{"id":139,"url":"https:\/\/www.reduca.cz\/blog\/zero-waste-v-tehotenstvi\/","url_meta":{"origin":1057,"position":0},"title":"Zero Waste v&nbsp;t\u011bhotenstv\u00ed","date":"16. 6. 2017","format":false,"excerpt":"Je to u\u017e pom\u011brn\u011b dlouh\u00e1 doba, co jsem naposled vytvo\u0159ila origin\u00e1ln\u00ed \u010dl\u00e1nek nebo p\u0159\u00edsp\u011bvek. M\u016fj z\u00e1jem o dom\u00e1cnost bez odpadu se nezmen\u0161il, jen ubyla energie a p\u0159ibyla \u00fanava, nechutenstv\u00ed, bolesti hlavy a b\u0159icha, aneb zkr\u00e1cen\u011b - t\u011bhotenstv\u00ed.","rel":"","context":"In &quot;D\u011bti&quot;","img":{"alt_text":"","src":"https:\/\/i0.wp.com\/www.reduca.cz\/blog\/wp-content\/uploads\/2017\/09\/belly.jpg?fit=1200%2C800&ssl=1&resize=350%2C200","width":350,"height":200},"classes":[]},{"id":2044,"url":"https:\/\/www.reduca.cz\/blog\/kdyz-jeden-jde-tam-a-druhy-jinam\/","url_meta":{"origin":1057,"position":1},"title":"Kdy\u017e jeden jde tam a&nbsp;druh\u00fd jinam","date":"31. 5. 2019","format":false,"excerpt":"Mo\u017en\u00e1 byste cht\u011bli m\u00edt dom\u00e1cnost bez odpadu, ale nejde to. Ne kv\u016fli tomu, \u017ee byste necht\u011bli. Ne kv\u016fli tomu, \u017ee byste se dostate\u010dn\u011b nesna\u017eili. Ale nebydl\u00edte sami a va\u0161i spolubydl\u00edc\u00ed maj\u00ed priority, \u010das nebo odhodl\u00e1n\u00ed jinde.\u00a0","rel":"","context":"In &quot;Rady, tipy, zku\u0161enosti&quot;","img":{"alt_text":"","src":"https:\/\/i0.wp.com\/www.reduca.cz\/blog\/wp-content\/uploads\/2019\/04\/demarcate.jpg?fit=1024%2C681&ssl=1&resize=350%2C200","width":350,"height":200},"classes":[]},{"id":158,"url":"https:\/\/www.reduca.cz\/blog\/recenze-zero-waste-samponu\/","url_meta":{"origin":1057,"position":2},"title":"Recenze zero waste \u0161ampon\u016f","date":"18. 9. 2017","format":false,"excerpt":"Jednou z prvn\u00edch polo\u017eek na seznamu redukov\u00e1n\u00ed odpadu je hygiena, konkr\u00e9tn\u011b m\u00fddlo a \u0161ampon. P\u0159echod na tuh\u00e9 m\u00fddlo b\u00fdv\u00e1 jednoduch\u00fd, s myt\u00edm vlas\u016f je to ale n\u00e1ro\u010dn\u011bj\u0161\u00ed, obzvl\u00e1\u0161t\u011b u \u017een. Vyzkou\u0161ela jsem n\u011bkolik variant myt\u00ed v zero waste duchu, tedy bez nebo s minimem obal\u016f a bez zbyte\u010dn\u00e9ho odpadu.","rel":"","context":"In &quot;Koupelna&quot;","img":{"alt_text":"","src":"https:\/\/i0.wp.com\/www.reduca.cz\/blog\/wp-content\/uploads\/2017\/09\/hair.jpg?fit=1200%2C800&ssl=1&resize=350%2C200","width":350,"height":200},"classes":[]},{"id":1842,"url":"https:\/\/www.reduca.cz\/blog\/muj-tyden-bez-odpadu-2018\/","url_meta":{"origin":1057,"position":3},"title":"M\u016fj T\u00fdden bez odpadu 2018","date":"23. 9. 2018","format":false,"excerpt":"Na prvn\u00ed t\u00fdden z\u00e1\u0159\u00ed p\u0159ipadal letos T\u00fdden bez odpadu, akce, kterou organizuj\u00ed holky z Czech zero waste. J\u00e1 ho pojala ve velk\u00e9m stylu a setk\u00e1n\u00ed jsem absolvovala ka\u017ed\u00fd den.","rel":"","context":"In &quot;Z na\u0161eho domova&quot;","img":{"alt_text":"","src":"https:\/\/i0.wp.com\/www.reduca.cz\/blog\/wp-content\/uploads\/2018\/09\/tydenbezodpadu.jpg?fit=1200%2C575&ssl=1&resize=350%2C200","width":350,"height":200},"classes":[]},{"id":362,"url":"https:\/\/www.reduca.cz\/blog\/den-tricaty-prvni-latkove-pleny\/","url_meta":{"origin":1057,"position":4},"title":"Den t\u0159ic\u00e1t\u00fd prvn\u00ed &#8211; l\u00e1tkov\u00e9 pleny","date":"30. 1. 2017","format":false,"excerpt":"Znovu vid\u00edm, kolik odpadu je z jednor\u00e1zov\u00fdch plen a potvrzuji si, \u017ee m\u00e9 rozhodnut\u00ed pou\u017e\u00edvat pleny l\u00e1tkov\u00e9 v kombinaci s bezplenkovou komunika\u010dn\u00ed metodou bylo spr\u00e1vn\u00e9... Tak pro p\u0159\u00edklad:\u00a0 M\u00e9mu synovi je 21 m\u011bs\u00edc\u016f. Posledn\u00ed m\u011bs\u00edc u\u017e si hl\u00e1s\u00ed \u010d\u016fr\u00e1n\u00ed s\u00e1m, kak\u00e1n\u00ed chyt\u00e1me s 95% \u00fasp\u011b\u0161nost\u00ed u\u017e 8 m\u011bs\u00edc\u016f. (L\u00e1tkov\u00e9) pleny\u2026","rel":"","context":"In &quot;Den\u00ed\u010dek na\u0161\u00ed dom\u00e1cnosti&quot;","img":{"alt_text":"","src":"https:\/\/i0.wp.com\/www.reduca.cz\/blog\/wp-content\/uploads\/2017\/09\/pleny.png?fit=650%2C425&ssl=1&resize=350%2C200","width":350,"height":200},"classes":[]},{"id":2557,"url":"https:\/\/www.reduca.cz\/blog\/uskali-zero-waste-zivota\/","url_meta":{"origin":1057,"position":5},"title":"\u00daskal\u00ed zero waste \u017eivota","date":"2. 11. 2019","format":false,"excerpt":"M\u016f\u017eu v\u00e1m vypr\u00e1v\u011bt, jak je \u017eivot v bezodpadov\u00e9 dom\u00e1cnosti skv\u011bl\u00fd a nem\u00e1 jedinou chybi\u010dku. Ale to by nebyla tak \u00fapln\u011b pravda. I j\u00e1 nar\u00e1\u017e\u00edm na pot\u00ed\u017ee spojen\u00e9 s dom\u00e1cnost\u00ed s minimem odpadu. A jak\u00e9 to jsou? Nedostatek sklenic Bezodpadovou dom\u00e1cnost vedu u\u017e t\u00e9m\u011b\u0159 t\u0159i roky. Sklenice jsou jedin\u00fdm obalem, kter\u00fd\u2026","rel":"","context":"In &quot;Z na\u0161eho domova&quot;","img":{"alt_text":"","src":"https:\/\/i0.wp.com\/www.reduca.cz\/blog\/wp-content\/uploads\/2019\/11\/https___blogs-images-1.jpg?fit=1200%2C814&ssl=1&resize=350%2C200","width":350,"height":200},"classes":[]}],"_links":{"self":[{"href":"https:\/\/www.reduca.cz\/blog\/wp-json\/wp\/v2\/posts\/1057"}],"collection":[{"href":"https:\/\/www.reduca.cz\/blog\/wp-json\/wp\/v2\/posts"}],"about":[{"href":"https:\/\/www.reduca.cz\/blog\/wp-json\/wp\/v2\/types\/post"}],"author":[{"embeddable":true,"href":"https:\/\/www.reduca.cz\/blog\/wp-json\/wp\/v2\/users\/1"}],"replies":[{"embeddable":true,"href":"https:\/\/www.reduca.cz\/blog\/wp-json\/wp\/v2\/comments?post=1057"}],"version-history":[{"count":2,"href":"https:\/\/www.reduca.cz\/blog\/wp-json\/wp\/v2\/posts\/1057\/revisions"}],"predecessor-version":[{"id":1093,"href":"https:\/\/www.reduca.cz\/blog\/wp-json\/wp\/v2\/posts\/1057\/revisions\/1093"}],"wp:featuredmedia":[{"embeddable":true,"href":"https:\/\/www.reduca.cz\/blog\/wp-json\/wp\/v2\/media\/1058"}],"wp:attachment":[{"href":"https:\/\/www.reduca.cz\/blog\/wp-json\/wp\/v2\/media?parent=1057"}],"wp:term":[{"taxonomy":"category","embeddable":true,"href":"https:\/\/www.reduca.cz\/blog\/wp-json\/wp\/v2\/categories?post=1057"},{"taxonomy":"post_tag","embeddable":true,"href":"https:\/\/www.reduca.cz\/blog\/wp-json\/wp\/v2\/tags?post=1057"}],"curies":[{"name":"wp","href":"https:\/\/api.w.org\/{rel}","templated":true}]}}