{"id":1054,"date":"2017-04-11T14:05:44","date_gmt":"2017-04-11T12:05:44","guid":{"rendered":"https:\/\/www.reduca.cz\/blog\/?p=1054"},"modified":"2017-11-16T14:21:23","modified_gmt":"2017-11-16T13:21:23","slug":"102-radeji-domaci-nez-v-obalu","status":"publish","type":"post","link":"https:\/\/www.reduca.cz\/blog\/102-radeji-domaci-nez-v-obalu\/","title":{"rendered":"#102 &#8211; rad\u011bji dom\u00e1c\u00ed ne\u017e v&nbsp;obalu"},"content":{"rendered":"<p>M\u011bla jsem chu\u0165 na po\u0159\u00e1dn\u00e1 burritos s&nbsp;fazolemi, k&nbsp;\u010demu\u017e nepochybn\u011b pat\u0159\u00ed i&nbsp;tortilla. A\u010dkoliv mi kupovan\u00e9 tortilly docela chutnaj\u00ed, nakoupit je bezobalov\u011b je podle m\u011b nemo\u017en\u00e9, nav\u00edc slo\u017een\u00ed <a href=\"http:\/\/www.ferpotravina.cz\/pecivo\/tortilla-wraps-plain-lidl-stiftung-co-kg\">nen\u00ed v\u017edycky \u017e\u00e1dn\u00e1 hitpar\u00e1da<\/a>.<\/p>\n<p>\u010casto a&nbsp;r\u00e1da se inspiruji recepty od\u00a0<a href=\"https:\/\/www.facebook.com\/www.kitchenette.cz\/\" data-hovercard=\"\/ajax\/hovercard\/page.php?id=365202170185714&amp;extragetparams=%7B%22directed_target_id%22%3A0%7D\" data-hovercard-prefer-more-content-show=\"1\">Kitchenette<\/a>, jsou srozumiteln\u00e9, chutn\u00e9 a&nbsp;na fo<span class=\"text_exposed_show\">tk\u00e1ch vypadaj\u00ed v\u017edy k&nbsp;se\u017er\u00e1n\u00ed. Nebylo pro m\u011b tedy \u017e\u00e1dn\u00fdm p\u0159ekvapen\u00edm, \u017ee jsem tam nalezla i&nbsp;<a href=\"https:\/\/kitchenette.cz\/clanek\/231-domaci-psenicna-tortilla\">recept na tortillu<\/a>.<\/p>\n<p>Jeliko\u017e doma moc nedisponuji p\u0161eni\u010dnou (a&nbsp;u\u017e v\u016fbec ne b\u00edlou) moukou, nam\u00edsto p\u0161eni\u010dn\u00fdch tortill jsme m\u011bli \u017eitn\u00e9 placky\u00a0<span class=\"_47e3 _5mfr\" title=\"Emotikona grin\"><img loading=\"lazy\" decoding=\"async\" class=\"img\" role=\"presentation\" src=\"https:\/\/i0.wp.com\/www.facebook.com\/images\/emoji.php\/v9\/f51\/1\/16\/1f603.png?resize=16%2C16&#038;ssl=1\" alt=\"\" width=\"16\" height=\"16\" data-recalc-dims=\"1\" \/><span class=\"_7oe\" aria-hidden=\"true\">\ud83d\ude00<\/span><\/span>\u00a0Ale chu\u0165ov\u011b jsem byla spokojen\u00e1 a&nbsp;ur\u010dit\u011b jsem je ned\u011blala naposledy.<\/p>\n<p>T\u00edmto d\u00e1v\u00e1m sbohem dal\u0161\u00edmu prefabrik\u00e1tu!<\/span><\/p>\n<h3>P\u016fvodn\u00ed p\u0159\u00edsp\u011bvek zde:<\/h3>\n<div class=\"fb-post wptime-fb-post-embed\" data-href=\"https:\/\/www.facebook.com\/redukujemeodpad\/photos\/a.639284676278193.1073741828.639281652945162\/767320716807921\/?type=3&amp;theater\" style=\"margin-bottom:30px;\"><\/div>\n","protected":false},"excerpt":{"rendered":"<p>M\u011bla jsem chu\u0165 na po\u0159\u00e1dn\u00e1 burritos s&nbsp;fazolemi, k&nbsp;\u010demu\u017e nepochybn\u011b pat\u0159\u00ed i&nbsp;tortilla. A\u010dkoliv mi kupovan\u00e9 tortilly docela chutnaj\u00ed, nakoupit je bezobalov\u011b je podle m\u011b nemo\u017en\u00e9, nav\u00edc slo\u017een\u00ed nen\u00ed v\u017edycky \u017e\u00e1dn\u00e1 hitpar\u00e1da. \u010casto a&nbsp;r\u00e1da se inspiruji recepty od\u00a0Kitchenette, jsou srozumiteln\u00e9, chutn\u00e9 a&nbsp;na fotk\u00e1ch vypadaj\u00ed v\u017edy k&nbsp;se\u017er\u00e1n\u00ed. Nebylo pro m\u011b tedy \u017e\u00e1dn\u00fdm p\u0159ekvapen\u00edm, \u017ee jsem tam nalezla i&nbsp;recept [&hellip;]<\/p>\n","protected":false},"author":1,"featured_media":1055,"comment_status":"open","ping_status":"closed","sticky":false,"template":"","format":"standard","meta":{"_monsterinsights_skip_tracking":false,"_monsterinsights_sitenote_active":false,"_monsterinsights_sitenote_note":"","_monsterinsights_sitenote_category":0,"jetpack_post_was_ever_published":false,"footnotes":"","_links_to":"","_links_to_target":""},"categories":[9,29],"tags":[41,42,46,34,69,2],"jetpack_featured_media_url":"https:\/\/i0.wp.com\/www.reduca.cz\/blog\/wp-content\/uploads\/2017\/11\/tortily.jpg?fit=3000%2C2000&ssl=1","jetpack_sharing_enabled":true,"jetpack_shortlink":"https:\/\/wp.me\/p9d4BP-h0","jetpack_likes_enabled":true,"jetpack-related-posts":[{"id":817,"url":"https:\/\/www.reduca.cz\/blog\/den-osmdesaty-druhy-vareni-bez-obalu\/","url_meta":{"origin":1054,"position":0},"title":"Den osmdes\u00e1t\u00fd druh\u00fd &#8211; va\u0159en\u00ed bez obal\u016f","date":"22. 3. 2017","format":false,"excerpt":"Nikdy jsem nebyla moc dobr\u00e1 kucha\u0159ka. Va\u0159en\u00ed m\u011b moc nebav\u00ed, v\u017edycky nakouknu do ledni\u010dky a ud\u011bl\u00e1m sm\u011bs od oka, kter\u00e1 zabere p\u00e1r minut. Sem tam ale hled\u00e1m inspiraci, zad\u00e1m do Googlu p\u00e1r ingredienc\u00ed, kter\u00e9 jsou doma k dispozici a kucht\u00edm dle receptu. Mnoho lid\u00ed m\u00e1 pocit, \u017ee nejde va\u0159it jen\u2026","rel":"","context":"In &quot;Den\u00ed\u010dek na\u0161\u00ed dom\u00e1cnosti&quot;","img":{"alt_text":"","src":"https:\/\/i0.wp.com\/www.reduca.cz\/blog\/wp-content\/uploads\/2017\/10\/kvetak-e1508418918674.jpg?fit=686%2C434&ssl=1&resize=350%2C200","width":350,"height":200},"classes":[]},{"id":672,"url":"https:\/\/www.reduca.cz\/blog\/den-padesaty-paty-horcice\/","url_meta":{"origin":1054,"position":1},"title":"Den pades\u00e1t\u00fd p\u00e1t\u00fd &#8211; ho\u0159\u010dice","date":"23. 2. 2017","format":false,"excerpt":"Pokud \u010dlov\u011bk nese\u017eene st\u00e1\u010den\u00fd ocet (co\u017e se mi zat\u00edm nepovedlo) nebo si nevyrob\u00ed doma vlastn\u00ed (na co\u017e jsem zat\u00edm nem\u011bla odvahu), mysl\u00edm, \u017ee nen\u00ed a\u017e tak podstatn\u00fd rozd\u00edl mezi t\u00edm, jestli se koup\u00ed ocet v l\u00e1hvi nebo ho\u0159\u010dice ve skleni\u010dce. Nicm\u00e9n\u011b Bea ve sv\u00e9 kn\u00ed\u017ece dom\u00e1c\u00ed ho\u0159\u010dici zm\u00ednila a j\u00e1\u2026","rel":"","context":"In &quot;Den\u00ed\u010dek na\u0161\u00ed dom\u00e1cnosti&quot;","img":{"alt_text":"","src":"https:\/\/i0.wp.com\/www.reduca.cz\/blog\/wp-content\/uploads\/2017\/10\/horcice3.jpg?fit=1200%2C800&ssl=1&resize=350%2C200","width":350,"height":200},"classes":[]},{"id":758,"url":"https:\/\/www.reduca.cz\/blog\/den-sedesaty-sesty-varime-z-odpadu\/","url_meta":{"origin":1054,"position":2},"title":"Den \u0161edes\u00e1t\u00fd \u0161est\u00fd &#8211; va\u0159\u00edme z&nbsp;odpadu","date":"6. 3. 2017","format":false,"excerpt":"\u0158edkvi\u010dky j\u00edme r\u00e1di a posledn\u00ed dobou docela \u010dasto, ale dlouho jsem hledala odvahu na to zpracovat jejich listy a v\u017edy jsem je nemilosrdn\u011b h\u00e1zela do kompostu. Proto\u017ee u\u017e jsem vid\u011bla n\u011bjak\u00e9 recepty na pesto z \u0159edkvi\u010dek, rozhodla jsem se, \u017ee to dnes vyzkou\u0161\u00edm. Inspirovala jsem se t\u00edmto receptem:\u00a0http:\/\/zachranjidlo.cz\/recepty\/pesto-z-dynovych-semen-a-redkvickovych-listu\/\u00a0Nam\u00edsto d\u00fd\u0148ov\u00fdch sem\u00ednek\u2026","rel":"","context":"In &quot;Den\u00ed\u010dek na\u0161\u00ed dom\u00e1cnosti&quot;","img":{"alt_text":"","src":"https:\/\/i0.wp.com\/www.reduca.cz\/blog\/wp-content\/uploads\/2017\/10\/pesto1.jpg?fit=1200%2C800&ssl=1&resize=350%2C200","width":350,"height":200},"classes":[]},{"id":248,"url":"https:\/\/www.reduca.cz\/blog\/den-jedenacty-domaci-susenky\/","url_meta":{"origin":1054,"position":3},"title":"Den jeden\u00e1ct\u00fd &#8211; dom\u00e1c\u00ed su\u0161enky","date":"10. 1. 2017","format":false,"excerpt":"Pe\u010deme. Kdy\u017e chcete mlsat bez odpadu a nechcete hledat, kde v\u00e1m bezobalov\u00e9 su\u0161enky prodaj\u00ed, je t\u0159eba zapojit ruku k d\u00edlu. Pekla jsem prvn\u011b po dlouh\u00e9 dob\u011b bez pe\u010d\u00edc\u00edho pap\u00edru a zjistila jsem, \u017ee v\u016fbec nen\u00ed pot\u0159eba. A s d\u011btmi je hned o dopoledn\u00ed program postar\u00e1no! Recept je n\u00e1sleduj\u00edc\u00ed: 175 g\u2026","rel":"","context":"In &quot;Den\u00ed\u010dek na\u0161\u00ed dom\u00e1cnosti&quot;","img":{"alt_text":"","src":"https:\/\/i0.wp.com\/www.reduca.cz\/blog\/wp-content\/uploads\/2017\/09\/susenky.jpg?fit=1200%2C800&ssl=1&resize=350%2C200","width":350,"height":200},"classes":[]},{"id":705,"url":"https:\/\/www.reduca.cz\/blog\/vareni-s-minimem-odpadu\/","url_meta":{"origin":1054,"position":4},"title":"#124 &#8211; va\u0159en\u00ed s&nbsp;minimem odpadu","date":"2. 5. 2017","format":false,"excerpt":"Ani po t\u0159i \u010dtvrt\u011b roce nejsem schopn\u00e1 za\u010d\u00edt si ps\u00e1t j\u00eddeln\u00ed\u010dek. N\u011bjak na to nem\u00e1me doma bu\u0148ky. Jak tedy va\u0159\u00edm? Proto\u017ee si nos\u00edme pod\u00edly z KPZ, \u010dasto nem\u016f\u017eu dop\u0159edu odhadnout, co budeme m\u00edt k dispozici. Zeleninu dokupuji bu\u010f v bl\u00edzk\u00e9m zahradnictv\u00ed, kde v\u00e1m ji natrhaj\u00ed p\u0159\u00edmo ze zahrady, anebo v\u2026","rel":"","context":"In &quot;Den\u00ed\u010dek na\u0161\u00ed dom\u00e1cnosti&quot;","img":{"alt_text":"","src":"https:\/\/i0.wp.com\/www.reduca.cz\/blog\/wp-content\/uploads\/2017\/10\/IMG_8831.jpg?fit=1200%2C800&ssl=1&resize=350%2C200","width":350,"height":200},"classes":[]},{"id":584,"url":"https:\/\/www.reduca.cz\/blog\/den-tricaty-osmy-domaci-pomazanka\/","url_meta":{"origin":1054,"position":5},"title":"Den t\u0159ic\u00e1t\u00fd osm\u00fd &#8211; dom\u00e1c\u00ed pomaz\u00e1nka","date":"6. 2. 2017","format":false,"excerpt":"J\u00edst jen chleba se s\u00fdrem nebo \u0161unkou n\u00e1s u\u017e nebav\u00ed. Proto\u017ee nechci kupovat pomaz\u00e1nky v hlin\u00edku \u010di plastu, p\u0159i\u0161la na \u0159adu dom\u00e1c\u00ed v\u00fdroba (ke kter\u00e9 se u\u017e n\u011bjakou dobu odhodl\u00e1v\u00e1m, proto\u017ee doposud byly m\u00e9 dom\u00e1c\u00ed pomaz\u00e1nky sp\u00ed\u0161e fiasko\u00a0 Dnes jsem zkusila pomaz\u00e1nku z \u010derven\u00e9 \u010do\u010dky. Inspirovala jsem se receptem zde:http:\/\/www.margit.cz\/co-na-snidane-a-svaciny\/\u00a0a\u2026","rel":"","context":"In &quot;Den\u00ed\u010dek na\u0161\u00ed dom\u00e1cnosti&quot;","img":{"alt_text":"","src":"https:\/\/i0.wp.com\/www.reduca.cz\/blog\/wp-content\/uploads\/2017\/02\/pomazanka3.jpg?fit=1200%2C800&ssl=1&resize=350%2C200","width":350,"height":200},"classes":[]}],"_links":{"self":[{"href":"https:\/\/www.reduca.cz\/blog\/wp-json\/wp\/v2\/posts\/1054"}],"collection":[{"href":"https:\/\/www.reduca.cz\/blog\/wp-json\/wp\/v2\/posts"}],"about":[{"href":"https:\/\/www.reduca.cz\/blog\/wp-json\/wp\/v2\/types\/post"}],"author":[{"embeddable":true,"href":"https:\/\/www.reduca.cz\/blog\/wp-json\/wp\/v2\/users\/1"}],"replies":[{"embeddable":true,"href":"https:\/\/www.reduca.cz\/blog\/wp-json\/wp\/v2\/comments?post=1054"}],"version-history":[{"count":2,"href":"https:\/\/www.reduca.cz\/blog\/wp-json\/wp\/v2\/posts\/1054\/revisions"}],"predecessor-version":[{"id":1094,"href":"https:\/\/www.reduca.cz\/blog\/wp-json\/wp\/v2\/posts\/1054\/revisions\/1094"}],"wp:featuredmedia":[{"embeddable":true,"href":"https:\/\/www.reduca.cz\/blog\/wp-json\/wp\/v2\/media\/1055"}],"wp:attachment":[{"href":"https:\/\/www.reduca.cz\/blog\/wp-json\/wp\/v2\/media?parent=1054"}],"wp:term":[{"taxonomy":"category","embeddable":true,"href":"https:\/\/www.reduca.cz\/blog\/wp-json\/wp\/v2\/categories?post=1054"},{"taxonomy":"post_tag","embeddable":true,"href":"https:\/\/www.reduca.cz\/blog\/wp-json\/wp\/v2\/tags?post=1054"}],"curies":[{"name":"wp","href":"https:\/\/api.w.org\/{rel}","templated":true}]}}