{"id":1044,"date":"2017-04-08T13:57:44","date_gmt":"2017-04-08T11:57:44","guid":{"rendered":"https:\/\/www.reduca.cz\/blog\/?p=1044"},"modified":"2017-11-16T14:14:01","modified_gmt":"2017-11-16T13:14:01","slug":"den-devadesaty-devaty-kdyz-se-ucho-utrhne","status":"publish","type":"post","link":"https:\/\/www.reduca.cz\/blog\/den-devadesaty-devaty-kdyz-se-ucho-utrhne\/","title":{"rendered":"Den devades\u00e1t\u00fd dev\u00e1t\u00fd &#8211; kdy\u017e se ucho utrhne"},"content":{"rendered":"<p>Posledn\u00ed dva t\u00fddny je to se mnou dost zl\u00e9 a&nbsp;rozb\u00edj\u00edm, co se d\u00e1 (a&nbsp;i&nbsp;to, co se snad ani ned\u00e1). Museli jsme se rozlou\u010dit s&nbsp;n\u011bkolika sklenicemi, rozbitou \u017eidli\u010dku jsme nechali spravit a&nbsp;tal\u00ed\u0159 jsem bohu\u017eel nezvl\u00e1dla slepit. Ale do dal\u0161\u00edch let n\u00e1m snad poslou\u017e\u00ed aspo\u0148 tenhle slepovan\u00fd hrnek&#8230;<\/p>\n<p>Kdy jste naposled spravovali m\u00edsto vyhazov\u00e1n\u00ed?<\/p>\n<h3>P\u016fvodn\u00ed p\u0159\u00edsp\u011bvek zde:<\/h3>\n<div class=\"fb-post wptime-fb-post-embed\" data-href=\"https:\/\/www.facebook.com\/redukujemeodpad\/photos\/a.639284676278193.1073741828.639281652945162\/764618540411472\/?type=3&amp;theater\" style=\"margin-bottom:30px;\"><\/div>\n","protected":false},"excerpt":{"rendered":"<p>Posledn\u00ed dva t\u00fddny je to se mnou dost zl\u00e9 a&nbsp;rozb\u00edj\u00edm, co se d\u00e1 (a&nbsp;i&nbsp;to, co se snad ani ned\u00e1). Museli jsme se rozlou\u010dit s&nbsp;n\u011bkolika sklenicemi, rozbitou \u017eidli\u010dku jsme nechali spravit a&nbsp;tal\u00ed\u0159 jsem bohu\u017eel nezvl\u00e1dla slepit. Ale do dal\u0161\u00edch let n\u00e1m snad poslou\u017e\u00ed aspo\u0148 tenhle slepovan\u00fd hrnek&#8230; Kdy jste naposled spravovali m\u00edsto vyhazov\u00e1n\u00ed? P\u016fvodn\u00ed p\u0159\u00edsp\u011bvek zde:<\/p>\n","protected":false},"author":1,"featured_media":1045,"comment_status":"open","ping_status":"closed","sticky":false,"template":"","format":"standard","meta":{"_monsterinsights_skip_tracking":false,"_monsterinsights_sitenote_active":false,"_monsterinsights_sitenote_note":"","_monsterinsights_sitenote_category":0,"jetpack_post_was_ever_published":false,"footnotes":"","_links_to":"","_links_to_target":""},"categories":[9],"tags":[42,34,2],"jetpack_featured_media_url":"https:\/\/i0.wp.com\/www.reduca.cz\/blog\/wp-content\/uploads\/2017\/11\/hrnek.jpg?fit=2560%2C1600&ssl=1","jetpack_sharing_enabled":true,"jetpack_shortlink":"https:\/\/wp.me\/p9d4BP-gQ","jetpack_likes_enabled":true,"jetpack-related-posts":[{"id":266,"url":"https:\/\/www.reduca.cz\/blog\/den-ctrnacty-prvni-nakup-do-pytlicku\/","url_meta":{"origin":1044,"position":0},"title":"Den \u010dtrn\u00e1ct\u00fd &#8211; prvn\u00ed n\u00e1kup do pytl\u00ed\u010dk\u016f","date":"13. 1. 2017","format":false,"excerpt":"Na rovinu, m\u00edt dobr\u00fd z\u00e1m\u011br je jedna v\u011bc, ale skute\u010dn\u011b j\u00edt a ud\u011blat n\u011bco jinak p\u0159ed lidmi, to u\u017e vy\u017eaduje jistou d\u00e1vku odvahy. Dnes jsem \u0161la do obchodu. Stra\u0161n\u011b m\u011b svrb\u011bla ruka s\u00e1hnout po leh\u010d\u00edm \u0159e\u0161en\u00ed a vz\u00edt si nab\u00edzen\u00fd pap\u00edrov\u00fd s\u00e1\u010dek, pap\u00edr se p\u0159ece rozlo\u017e\u00ed, \u017ee ano? Nebylo to\u2026","rel":"","context":"In &quot;Den\u00ed\u010dek na\u0161\u00ed dom\u00e1cnosti&quot;","img":{"alt_text":"","src":"https:\/\/i0.wp.com\/www.reduca.cz\/blog\/wp-content\/uploads\/2017\/09\/pytlicky_nakup.jpg?fit=1200%2C800&ssl=1&resize=350%2C200","width":350,"height":200},"classes":[]},{"id":1764,"url":"https:\/\/www.reduca.cz\/blog\/141-jak-casto-chodite-do-lesa\/","url_meta":{"origin":1044,"position":1},"title":"#141 &#8211; Jak \u010dasto chod\u00edte do lesa?","date":"19. 5. 2017","format":false,"excerpt":"Nam\u00edsto nad\u00e1v\u00e1n\u00ed na to, \u017ee je zase kosa, jsme se rozhodli si posledn\u00ed zimn\u00ed den u\u017e\u00edt a proj\u00edt se lesem popr\u00e1\u0161enou jedn\u00edm z posledn\u00edch leto\u0161n\u00edch sn\u011bh\u016f (nebo snad \u00fapln\u011b posledn\u00edm?). Proch\u00e1zky do p\u0159\u00edrody miluji. Ten cvrkot pt\u00e1k\u016f, \u0161um\u011bn\u00ed lesa a stromy divoce rostouc\u00ed na v\u0161echny strany mi p\u0159ipom\u00ednaj\u00ed, kdo je\u2026","rel":"","context":"In &quot;Den\u00ed\u010dek na\u0161\u00ed dom\u00e1cnosti&quot;","img":{"alt_text":"","src":"https:\/\/i0.wp.com\/www.reduca.cz\/blog\/wp-content\/uploads\/2018\/08\/29496296_856444204562238_6876887719214055424_o.jpg?fit=900%2C1200&ssl=1&resize=350%2C200","width":350,"height":200},"classes":[]},{"id":805,"url":"https:\/\/www.reduca.cz\/blog\/den-sedmdesaty-devaty-domaci-sirup\/","url_meta":{"origin":1044,"position":2},"title":"Den sedmdes\u00e1t\u00fd dev\u00e1t\u00fd &#8211; dom\u00e1c\u00ed sirup","date":"19. 3. 2017","format":false,"excerpt":"U\u017e od d\u011btstv\u00ed jsem milovala bezinkov\u00fd sirup. Co jsme se p\u0159est\u011bhovali a j\u00e1 se synem chodila na poklidn\u00e9 proch\u00e1zky okol\u00edm, sondovala jsem, kde najdu bezinky, abych se po l\u00e9tech mohla vr\u00e1tit k t\u00e9 skv\u011bl\u00e9 chuti. A na mate\u0159sk\u00e9 jsem na\u0161la \u010das a\u017e za dva roky\u00a0:) V\u00fdroba vlastn\u00edch sirup\u016f, marmel\u00e1d, zava\u0159enin\u2026","rel":"","context":"In &quot;Den\u00ed\u010dek na\u0161\u00ed dom\u00e1cnosti&quot;","img":{"alt_text":"","src":"https:\/\/i0.wp.com\/www.reduca.cz\/blog\/wp-content\/uploads\/2017\/10\/bezinky1.jpg?fit=1200%2C800&ssl=1&resize=350%2C200","width":350,"height":200},"classes":[]},{"id":828,"url":"https:\/\/www.reduca.cz\/blog\/den-osmdesaty-paty-vlastni-uroda\/","url_meta":{"origin":1044,"position":3},"title":"Den osmdes\u00e1t\u00fd p\u00e1t\u00fd &#8211; vlastn\u00ed \u00faroda","date":"25. 3. 2017","format":false,"excerpt":"Za\u010dervenalo se n\u00e1m prvn\u00ed raj\u010d\u00e1tko! (Co na tom, \u017ee jich m\u00e1me celkem jen 13.) Pro lidi, kte\u0159\u00ed maj\u00ed na zahr\u00e1dce vys\u00e1zen\u00fdch n\u011bkolik (des\u00edtek) rostlinek je to jist\u011b b\u011b\u017en\u00e1 z\u00e1le\u017eitost, nad kterou nemrkne ani jedna \u0159asa z oka, ale pro n\u00e1s z panel\u00e1kov\u00fdch a jim podobn\u00fdm odchov\u016f je to z\u00e1\u017eitek nanejv\u00fd\u0161\u2026","rel":"","context":"In &quot;Den\u00ed\u010dek na\u0161\u00ed dom\u00e1cnosti&quot;","img":{"alt_text":"","src":"https:\/\/i0.wp.com\/www.reduca.cz\/blog\/wp-content\/uploads\/2017\/10\/rajce-e1508425325601.jpg?fit=1200%2C1097&ssl=1&resize=350%2C200","width":350,"height":200},"classes":[]},{"id":362,"url":"https:\/\/www.reduca.cz\/blog\/den-tricaty-prvni-latkove-pleny\/","url_meta":{"origin":1044,"position":4},"title":"Den t\u0159ic\u00e1t\u00fd prvn\u00ed &#8211; l\u00e1tkov\u00e9 pleny","date":"30. 1. 2017","format":false,"excerpt":"Znovu vid\u00edm, kolik odpadu je z jednor\u00e1zov\u00fdch plen a potvrzuji si, \u017ee m\u00e9 rozhodnut\u00ed pou\u017e\u00edvat pleny l\u00e1tkov\u00e9 v kombinaci s bezplenkovou komunika\u010dn\u00ed metodou bylo spr\u00e1vn\u00e9... Tak pro p\u0159\u00edklad:\u00a0 M\u00e9mu synovi je 21 m\u011bs\u00edc\u016f. Posledn\u00ed m\u011bs\u00edc u\u017e si hl\u00e1s\u00ed \u010d\u016fr\u00e1n\u00ed s\u00e1m, kak\u00e1n\u00ed chyt\u00e1me s 95% \u00fasp\u011b\u0161nost\u00ed u\u017e 8 m\u011bs\u00edc\u016f. (L\u00e1tkov\u00e9) pleny\u2026","rel":"","context":"In &quot;Den\u00ed\u010dek na\u0161\u00ed dom\u00e1cnosti&quot;","img":{"alt_text":"","src":"https:\/\/i0.wp.com\/www.reduca.cz\/blog\/wp-content\/uploads\/2017\/09\/pleny.png?fit=650%2C425&ssl=1&resize=350%2C200","width":350,"height":200},"classes":[]},{"id":762,"url":"https:\/\/www.reduca.cz\/blog\/den-sedesaty-sedmy-knihovna\/","url_meta":{"origin":1044,"position":5},"title":"Den \u0161edes\u00e1t\u00fd sedm\u00fd &#8211; knihovna","date":"7. 3. 2017","format":false,"excerpt":"Kn\u00ed\u017eky jsem si nikdy moc nekupovala a rad\u011bji vyu\u017e\u00edvala knihovnu. Jako d\u00edt\u011b jsem p\u0159e\u010detla snad v\u0161echny kn\u00ed\u017eky z d\u011btsk\u00e9 sekce u n\u00e1s u \u0161koly. Kdy\u017e jsem byla v\u011bt\u0161\u00ed, jezdila jsem za knihovnami po cel\u00e9 Praze a vyb\u00edrala nejr\u016fzn\u011bj\u0161\u00ed t\u00e9mata ke \u010dten\u00ed. Jak se narodil syn, n\u011bjak automaticky u m\u011b vznikla\u2026","rel":"","context":"In &quot;Den\u00ed\u010dek na\u0161\u00ed dom\u00e1cnosti&quot;","img":{"alt_text":"","src":"https:\/\/i0.wp.com\/www.reduca.cz\/blog\/wp-content\/uploads\/2017\/10\/knihovna.jpg?fit=1200%2C800&ssl=1&resize=350%2C200","width":350,"height":200},"classes":[]}],"_links":{"self":[{"href":"https:\/\/www.reduca.cz\/blog\/wp-json\/wp\/v2\/posts\/1044"}],"collection":[{"href":"https:\/\/www.reduca.cz\/blog\/wp-json\/wp\/v2\/posts"}],"about":[{"href":"https:\/\/www.reduca.cz\/blog\/wp-json\/wp\/v2\/types\/post"}],"author":[{"embeddable":true,"href":"https:\/\/www.reduca.cz\/blog\/wp-json\/wp\/v2\/users\/1"}],"replies":[{"embeddable":true,"href":"https:\/\/www.reduca.cz\/blog\/wp-json\/wp\/v2\/comments?post=1044"}],"version-history":[{"count":1,"href":"https:\/\/www.reduca.cz\/blog\/wp-json\/wp\/v2\/posts\/1044\/revisions"}],"predecessor-version":[{"id":1046,"href":"https:\/\/www.reduca.cz\/blog\/wp-json\/wp\/v2\/posts\/1044\/revisions\/1046"}],"wp:featuredmedia":[{"embeddable":true,"href":"https:\/\/www.reduca.cz\/blog\/wp-json\/wp\/v2\/media\/1045"}],"wp:attachment":[{"href":"https:\/\/www.reduca.cz\/blog\/wp-json\/wp\/v2\/media?parent=1044"}],"wp:term":[{"taxonomy":"category","embeddable":true,"href":"https:\/\/www.reduca.cz\/blog\/wp-json\/wp\/v2\/categories?post=1044"},{"taxonomy":"post_tag","embeddable":true,"href":"https:\/\/www.reduca.cz\/blog\/wp-json\/wp\/v2\/tags?post=1044"}],"curies":[{"name":"wp","href":"https:\/\/api.w.org\/{rel}","templated":true}]}}