{"id":1022,"date":"2017-04-02T22:21:58","date_gmt":"2017-04-02T20:21:58","guid":{"rendered":"https:\/\/www.reduca.cz\/blog\/?p=1022"},"modified":"2017-11-16T14:14:01","modified_gmt":"2017-11-16T13:14:01","slug":"den-devadesaty-treti-staceny-sampon","status":"publish","type":"post","link":"https:\/\/www.reduca.cz\/blog\/den-devadesaty-treti-staceny-sampon\/","title":{"rendered":"Den devades\u00e1t\u00fd t\u0159et\u00ed &#8211; st\u00e1\u010den\u00fd \u0161ampon"},"content":{"rendered":"<p>V\u010dera jsem kone\u010dn\u011b m\u011bla mo\u017enost pod\u00edvat se do nov\u011b ud\u011blan\u00e9 pobo\u010dky\u00a0<a href=\"https:\/\/www.facebook.com\/branakezdravi\/\" data-hovercard=\"\/ajax\/hovercard\/page.php?id=446133482129708&amp;extragetparams=%7B%22directed_target_id%22%3A0%7D\" data-hovercard-prefer-more-content-show=\"1\">Br\u00e1na ke&nbsp;zdrav\u00ed &#8211; zdrav\u00e1 v\u00fd\u017eiva<\/a>, ve&nbsp;kter\u00e9 se pomalu zam\u011b\u0159uj\u00ed na zero waste nakupov\u00e1n\u00ed drogerie a&nbsp;kosmetiky. Krom\u011b klasick\u00fdch tuh\u00fdch m\u00fddel a&nbsp;\u0161ampon\u016f a&nbsp;st\u00e1\u010den\u00fdch (a&nbsp;sypan\u00fdch) produkt\u016f od\u00a0<a href=\"https:\/\/www.facebook.com\/Tierra.verde.s.r.o\/\" data-hovercard=\"\/ajax\/hovercard\/page.php?id=125926087428096&amp;extragetparams=%7B%22directed_target_id%22%3A0%7D\" data-hovercard-prefer-more-content-show=\"1\">TIERRA VERDE s. r. o.<\/a>\u00a0jsem kone\u010dn\u011b na\u0161la i&nbsp;st\u00e1\u010den\u00fd \u0161ampon. Vzala jsem si na zkou\u0161ku, jestli to m\u00fdm vlas\u016fm prosp\u011bje v\u00edce ne\u017e tuh\u00e9 varianty, se kter\u00fdma st\u00e1le trochu v\u00e1l\u010d\u00edm.<\/p>\n<p>Pokud v\u00e1s zaj\u00edm\u00e1, jak jsem se kter\u00fdmi \u0161ampony spokojen\u00e1, m\u016f\u017eete si o&nbsp;tom p\u0159e\u010d\u00edst <a href=\"https:\/\/www.reduca.cz\/blog\/recenze-zero-waste-samponu\/\">\u010dl\u00e1nek<\/a>.<\/p>\n<h3>P\u016fvodn\u00ed p\u0159\u00edsp\u011bvek zde:<\/h3>\n<div class=\"fb-post wptime-fb-post-embed\" data-href=\"https:\/\/www.facebook.com\/redukujemeodpad\/photos\/a.639284676278193.1073741828.639281652945162\/757995411073785\/?type=3&amp;theater\" style=\"margin-bottom:30px;\"><\/div>\n","protected":false},"excerpt":{"rendered":"<p>V\u010dera jsem kone\u010dn\u011b m\u011bla mo\u017enost pod\u00edvat se do nov\u011b ud\u011blan\u00e9 pobo\u010dky\u00a0Br\u00e1na ke&nbsp;zdrav\u00ed &#8211; zdrav\u00e1 v\u00fd\u017eiva, ve&nbsp;kter\u00e9 se pomalu zam\u011b\u0159uj\u00ed na zero waste nakupov\u00e1n\u00ed drogerie a&nbsp;kosmetiky. Krom\u011b klasick\u00fdch tuh\u00fdch m\u00fddel a&nbsp;\u0161ampon\u016f a&nbsp;st\u00e1\u010den\u00fdch (a&nbsp;sypan\u00fdch) produkt\u016f od\u00a0TIERRA VERDE s. r. o.\u00a0jsem kone\u010dn\u011b na\u0161la i&nbsp;st\u00e1\u010den\u00fd \u0161ampon. Vzala jsem si na zkou\u0161ku, jestli to m\u00fdm vlas\u016fm prosp\u011bje v\u00edce ne\u017e tuh\u00e9 [&hellip;]<\/p>\n","protected":false},"author":1,"featured_media":1024,"comment_status":"open","ping_status":"closed","sticky":false,"template":"","format":"standard","meta":{"_monsterinsights_skip_tracking":false,"_monsterinsights_sitenote_active":false,"_monsterinsights_sitenote_note":"","_monsterinsights_sitenote_category":0,"jetpack_post_was_ever_published":false,"footnotes":"","_links_to":"","_links_to_target":""},"categories":[9],"tags":[41,42,49,34,26,2],"jetpack_featured_media_url":"https:\/\/i0.wp.com\/www.reduca.cz\/blog\/wp-content\/uploads\/2017\/04\/sampon2-e1510522020641.jpg?fit=1978%2C1850&ssl=1","jetpack_sharing_enabled":true,"jetpack_shortlink":"https:\/\/wp.me\/p9d4BP-gu","jetpack_likes_enabled":true,"jetpack-related-posts":[{"id":335,"url":"https:\/\/www.reduca.cz\/blog\/den-dvacaty-paty-konec-se-samponovymi-lahvickami\/","url_meta":{"origin":1022,"position":0},"title":"Den dvac\u00e1t\u00fd p\u00e1t\u00fd &#8211; tuh\u00fd \u0161ampon","date":"24. 1. 2017","format":false,"excerpt":"Poctiv\u011b jsem udala \u0161ampon, kter\u00fd mi nebyl p\u0159\u00edjemn\u00fd a zkusila t\u00e9m\u011b\u0159 bezobalovou verzi - tuh\u00fd \u0161ampon. \u010cetla jsem r\u016fzn\u00e9 zku\u0161enosti, jak ob\u010das trv\u00e1, ne\u017e si vlasy zvyknou... Prvn\u00ed umyt\u00ed zvl\u00e1\u0161tn\u00ed. Vlasy se divn\u011b krout\u00ed a v\u016fbec nejsou hebk\u00e9 jako umyt\u00e9. Druh\u00e9 umyt\u00ed - p\u0159id\u00e1v\u00e1m v\u0161ude doporu\u010dovan\u00fd oplach z jable\u010dn\u00e9ho octa.\u2026","rel":"","context":"In &quot;Den\u00ed\u010dek na\u0161\u00ed dom\u00e1cnosti&quot;","img":{"alt_text":"","src":"https:\/\/i0.wp.com\/www.reduca.cz\/blog\/wp-content\/uploads\/2017\/01\/naturinka.jpg?fit=1200%2C800&ssl=1&resize=350%2C200","width":350,"height":200},"classes":[]},{"id":1075,"url":"https:\/\/www.reduca.cz\/blog\/109-staceny-ocet\/","url_meta":{"origin":1022,"position":1},"title":"#109 &#8211; st\u00e1\u010den\u00fd ocet","date":"17. 4. 2017","format":false,"excerpt":"Tak u\u017e i ocet nakoupen\u00fd bez obalu doma m\u00e1me\u00a0:)\u00a0Nav\u0161t\u00edvila jsem v Aromku Brno a vzala ocet nejen pro sebe. Byla jsem velice mile p\u0159ekvapen\u00e1, jak tam jsou v\u0161ichni ochotn\u00ed. Bezobalov\u00fd n\u00e1kup m\u00e1 pro m\u011b dost \u010dasto p\u0159\u00edjemn\u00fd bonus v tom, \u017ee se potk\u00e1m a prohod\u00edm p\u00e1r slov s fajn lidmi.\u2026","rel":"","context":"In &quot;Den\u00ed\u010dek na\u0161\u00ed dom\u00e1cnosti&quot;","img":{"alt_text":"","src":"https:\/\/i0.wp.com\/www.reduca.cz\/blog\/wp-content\/uploads\/2017\/11\/ocet2-e1510583803610.jpg?fit=1200%2C764&ssl=1&resize=350%2C200","width":350,"height":200},"classes":[]},{"id":315,"url":"https:\/\/www.reduca.cz\/blog\/den-dvacaty-ctvrty-bez-peny\/","url_meta":{"origin":1022,"position":2},"title":"Den dvac\u00e1t\u00fd \u010dtvrt\u00fd &#8211; bez p\u011bny","date":"23. 1. 2017","format":false,"excerpt":"Kone\u010dn\u011b mi do\u0161el gel na holen\u00ed a navrac\u00edm se ke star\u00e9mu dobr\u00e9mu m\u00fddlu \u010di \u0161amponu. Vlastn\u011b ani nev\u00edm, pro\u010d jsem tehdy za\u010dala znovu gel kupovat, kdy\u017e mi \u0161ampon v\u017edycky p\u011bnil dob\u0159e a na v\u0161e sta\u010dil. Kouk\u00e1m se na zadn\u00ed stranu tuby a vlastn\u011b p\u0159em\u00fd\u0161l\u00edm, co je to v\u016fbec za materi\u00e1l.\u2026","rel":"","context":"In &quot;Den\u00ed\u010dek na\u0161\u00ed dom\u00e1cnosti&quot;","img":{"alt_text":"","src":"https:\/\/i0.wp.com\/www.reduca.cz\/blog\/wp-content\/uploads\/2017\/09\/holici_gel.jpg?fit=800%2C1200&ssl=1&resize=350%2C200","width":350,"height":200},"classes":[]},{"id":158,"url":"https:\/\/www.reduca.cz\/blog\/recenze-zero-waste-samponu\/","url_meta":{"origin":1022,"position":3},"title":"Recenze zero waste \u0161ampon\u016f","date":"18. 9. 2017","format":false,"excerpt":"Jednou z prvn\u00edch polo\u017eek na seznamu redukov\u00e1n\u00ed odpadu je hygiena, konkr\u00e9tn\u011b m\u00fddlo a \u0161ampon. P\u0159echod na tuh\u00e9 m\u00fddlo b\u00fdv\u00e1 jednoduch\u00fd, s myt\u00edm vlas\u016f je to ale n\u00e1ro\u010dn\u011bj\u0161\u00ed, obzvl\u00e1\u0161t\u011b u \u017een. Vyzkou\u0161ela jsem n\u011bkolik variant myt\u00ed v zero waste duchu, tedy bez nebo s minimem obal\u016f a bez zbyte\u010dn\u00e9ho odpadu.","rel":"","context":"In &quot;Koupelna&quot;","img":{"alt_text":"","src":"https:\/\/i0.wp.com\/www.reduca.cz\/blog\/wp-content\/uploads\/2017\/09\/hair.jpg?fit=1200%2C800&ssl=1&resize=350%2C200","width":350,"height":200},"classes":[]},{"id":783,"url":"https:\/\/www.reduca.cz\/blog\/den-sedmdesaty-treti-vlasovy-sampuk\/","url_meta":{"origin":1022,"position":4},"title":"Den sedmdes\u00e1t\u00fd t\u0159et\u00ed &#8211; vlasov\u00fd \u0161ampuk","date":"13. 3. 2017","format":false,"excerpt":"Mal\u00e1 Naturinka mi vydr\u017eela asi 3 m\u011bs\u00edce. Ke konci u\u017e jsem m\u011bla vlasy lep\u0161\u00ed ne\u017e na za\u010d\u00e1tku, asi to pro n\u011b byl po l\u00e9tech chemie docela \u0161ok. Octov\u00fd oplach jsem pou\u017e\u00edvala po celou dobu, ale v kompletn\u011b jin\u00e9m \u0159ed\u011bn\u00ed ne\u017e na za\u010d\u00e1tku\u00a0:)\u00a0Oplach jsem d\u011blala jen s p\u00e1r kapkami jable\u010dn\u00e9ho octa.\u2026","rel":"","context":"In &quot;Den\u00ed\u010dek na\u0161\u00ed dom\u00e1cnosti&quot;","img":{"alt_text":"","src":"https:\/\/i0.wp.com\/www.reduca.cz\/blog\/wp-content\/uploads\/2017\/10\/vlasy2.jpg?fit=1200%2C800&ssl=1&resize=350%2C200","width":350,"height":200},"classes":[]},{"id":1063,"url":"https:\/\/www.reduca.cz\/blog\/105-bylinkovy-caj\/","url_meta":{"origin":1022,"position":5},"title":"#105 &#8211; bylinkov\u00fd \u010daj","date":"13. 4. 2017","format":false,"excerpt":"Venku se za\u010d\u00edn\u00e1 ochlazovat a tak je na m\u00edst\u011b ud\u011blat si z\u00e1sobu kvalitn\u00edch \u010daj\u016f. Vzhledem k tomu, \u017ee u\u017e mi tu m\u011bs\u00edc stra\u0161ila nad linkou su\u0161en\u00e1 m\u00e1ta a za\u010dala mi padat v\u0161ude mo\u017en\u011b kolem, bylo na \u010dase ji sklidit kone\u010dn\u011b do skleni\u010dky a nachystat si ji tak na p\u0159\u00edpravu m\u00e1tov\u00e9ho\u2026","rel":"","context":"In &quot;Den\u00ed\u010dek na\u0161\u00ed dom\u00e1cnosti&quot;","img":{"alt_text":"","src":"https:\/\/i0.wp.com\/www.reduca.cz\/blog\/wp-content\/uploads\/2017\/11\/mata.jpg?fit=1200%2C800&ssl=1&resize=350%2C200","width":350,"height":200},"classes":[]}],"_links":{"self":[{"href":"https:\/\/www.reduca.cz\/blog\/wp-json\/wp\/v2\/posts\/1022"}],"collection":[{"href":"https:\/\/www.reduca.cz\/blog\/wp-json\/wp\/v2\/posts"}],"about":[{"href":"https:\/\/www.reduca.cz\/blog\/wp-json\/wp\/v2\/types\/post"}],"author":[{"embeddable":true,"href":"https:\/\/www.reduca.cz\/blog\/wp-json\/wp\/v2\/users\/1"}],"replies":[{"embeddable":true,"href":"https:\/\/www.reduca.cz\/blog\/wp-json\/wp\/v2\/comments?post=1022"}],"version-history":[{"count":2,"href":"https:\/\/www.reduca.cz\/blog\/wp-json\/wp\/v2\/posts\/1022\/revisions"}],"predecessor-version":[{"id":1025,"href":"https:\/\/www.reduca.cz\/blog\/wp-json\/wp\/v2\/posts\/1022\/revisions\/1025"}],"wp:featuredmedia":[{"embeddable":true,"href":"https:\/\/www.reduca.cz\/blog\/wp-json\/wp\/v2\/media\/1024"}],"wp:attachment":[{"href":"https:\/\/www.reduca.cz\/blog\/wp-json\/wp\/v2\/media?parent=1022"}],"wp:term":[{"taxonomy":"category","embeddable":true,"href":"https:\/\/www.reduca.cz\/blog\/wp-json\/wp\/v2\/categories?post=1022"},{"taxonomy":"post_tag","embeddable":true,"href":"https:\/\/www.reduca.cz\/blog\/wp-json\/wp\/v2\/tags?post=1022"}],"curies":[{"name":"wp","href":"https:\/\/api.w.org\/{rel}","templated":true}]}}